{"id":199,"date":"2012-06-21T22:08:47","date_gmt":"2012-06-21T20:08:47","guid":{"rendered":"https:\/\/naturvernforbundet.no\/ostfold\/salamanderkartlegging-i-sarpsborg\/"},"modified":"2022-11-10T10:46:27","modified_gmt":"2022-11-10T09:46:27","slug":"salamanderkartlegging-i-sarpsborg","status":"publish","type":"post","link":"https:\/\/naturvernforbundet.no\/ostfold\/salamanderkartlegging-i-sarpsborg\/","title":{"rendered":"Salamanderkartlegging i Sarpsborg"},"content":{"rendered":"\t<div class=\"template-post alignfull wp-block-naturvern-hero\">\n\t\t<div class=\"hero__inner\">\n\t\t\t<div class=\"hero__inner_blocks\">\n\t\t\t\t\t\t\t\t\n\t\t\t\t\t<h1 class=\"wp-block-post-title\">Salamanderkartlegging i Sarpsborg<\/h1>\n\n\t\t\t\t\t<div class=\"wp-block-post-excerpt\"><p class=\"wp-block-post-excerpt__excerpt\">Lokallaget i Sarpsborg har f\u00e5tt et artig oppdrag. P\u00e5 oppdrag for Sarpsborg kommune skal de kartlegge forekomster av stor salamander i flere dammer i Sarpsborg omr\u00e5det. <\/p><\/div>\n\n\t\t\t\t\t<figure class=\"wp-block-post-featured-image\"><img loading=\"lazy\" decoding=\"async\" width=\"653\" height=\"490\" src=\"https:\/\/naturvernforbundet.no\/content\/uploads\/sites\/22\/2012\/06\/P5222976.JPG2028articledisplay29.jpg\" class=\"attachment-post-thumbnail size-post-thumbnail wp-post-image\" alt=\"\" style=\"object-fit:cover;\" srcset=\"https:\/\/naturvernforbundet.no\/content\/uploads\/sites\/22\/2012\/06\/P5222976.JPG2028articledisplay29.jpg 653w, https:\/\/naturvernforbundet.no\/content\/uploads\/sites\/22\/2012\/06\/P5222976.JPG2028articledisplay29-300x225.jpg 300w\" sizes=\"auto, (max-width: 653px) 100vw, 653px\" \/><\/figure>\n\n\t\t\t\t\t<div class=\"wp-block-naturvern-byline\">\n\t\t\t<div class=\"authors\">By <span class=\"t2-byline__author-link\">hectorpena<\/span><\/div>\n\t\t\t<small class=\"entry-date\">21.06.2012 22:08<\/small><small class=\"entry-date\"> | Sist oppdatert: 10.11.2022 10:46<\/small>\n\t\t<\/div>\n\t\t\t\t\t\t\t\t<\/div>\n\t\t\t\t\t<\/div>\n\t\t\t<\/div>\n\t\n<p>\n\t<br>\n\tMed frisk mot, b\u00f8tter og hov har flere &nbsp;av medlemmene gitt seg ut p\u00e5 fangsturer og resultatet har ikke latt vente p\u00e5 seg. Mange sm\u00e5 og store salamandere har m\u00f8tt Naturvernforbundet sine folk, og de sm\u00e5 skapningene (salamanderne) blir alle registrert.<\/p>\n\n\n\n<p>\n\tDet er viktig at forekomster av stor (og liten) salamander blir registret, slik at man kan ivareta habitatet til disse morsomme sjarmerende dyrene. Den store salamanderen er dessverre \u00e5 regne som en truet art, og det gj\u00f8r arbeidet for \u00e5 verne dammer og \u00e5 opprette nye dammer som egner seg for salamandere til en prioritering.<br>\n\t&nbsp;<\/p>\n","protected":false},"excerpt":{"rendered":"<p>Lokallaget i Sarpsborg har f\u00e5tt et artig oppdrag. P\u00e5 oppdrag for Sarpsborg kommune skal de kartlegge forekomster av stor salamander i flere dammer i Sarpsborg omr\u00e5det.<\/p>\n","protected":false},"author":257,"featured_media":200,"comment_status":"closed","ping_status":"closed","sticky":false,"template":"","format":"standard","meta":{"_relevanssi_hide_post":"","_relevanssi_hide_content":"","_relevanssi_pin_for_all":"","_relevanssi_pin_keywords":"","_relevanssi_unpin_keywords":"","_relevanssi_related_keywords":"","_relevanssi_related_include_ids":"","_relevanssi_related_exclude_ids":"","_relevanssi_related_no_append":"","_relevanssi_related_not_related":"","_relevanssi_related_posts":"","_relevanssi_noindex_reason":"","hide_logo":false,"footnotes":""},"categories":[36],"tags":[],"local":[],"class_list":["post-199","post","type-post","status-publish","format-standard","has-post-thumbnail","hentry","category-aktiviteter"],"acf":[],"yoast_head":"<!-- This site is optimized with the Yoast SEO plugin v24.9 - https:\/\/yoast.com\/wordpress\/plugins\/seo\/ -->\n<title>Salamanderkartlegging i Sarpsborg - \u00d8stfold<\/title>\n<meta name=\"robots\" content=\"index, follow, max-snippet:-1, max-image-preview:large, max-video-preview:-1\" \/>\n<link rel=\"canonical\" href=\"https:\/\/naturvernforbundet.no\/ostfold\/salamanderkartlegging-i-sarpsborg\/\" \/>\n<meta property=\"og:locale\" content=\"nb_NO\" \/>\n<meta property=\"og:type\" content=\"article\" \/>\n<meta property=\"og:title\" content=\"Salamanderkartlegging i Sarpsborg - \u00d8stfold\" \/>\n<meta property=\"og:description\" content=\"Lokallaget i Sarpsborg har f\u00e5tt et artig oppdrag. P\u00e5 oppdrag for Sarpsborg kommune skal de kartlegge forekomster av stor salamander i flere dammer i Sarpsborg omr\u00e5det.\" \/>\n<meta property=\"og:url\" content=\"https:\/\/naturvernforbundet.no\/ostfold\/salamanderkartlegging-i-sarpsborg\/\" \/>\n<meta property=\"og:site_name\" content=\"\u00d8stfold\" \/>\n<meta property=\"article:published_time\" content=\"2012-06-21T20:08:47+00:00\" \/>\n<meta property=\"article:modified_time\" content=\"2022-11-10T09:46:27+00:00\" \/>\n<meta property=\"og:image\" content=\"https:\/\/naturvernforbundet.no\/content\/uploads\/sites\/22\/2012\/06\/P5222976.JPG2028articledisplay29.jpg\" \/>\n\t<meta property=\"og:image:width\" content=\"653\" \/>\n\t<meta property=\"og:image:height\" content=\"490\" \/>\n\t<meta property=\"og:image:type\" content=\"image\/jpeg\" \/>\n<meta name=\"author\" content=\"hectorpena\" \/>\n<meta name=\"twitter:card\" content=\"summary_large_image\" \/>\n<meta name=\"twitter:label1\" content=\"Skrevet av\" \/>\n\t<meta name=\"twitter:data1\" content=\"hectorpena\" \/>\n<script type=\"application\/ld+json\" class=\"yoast-schema-graph\">{\"@context\":\"https:\/\/schema.org\",\"@graph\":[{\"@type\":\"WebPage\",\"@id\":\"https:\/\/naturvernforbundet.no\/ostfold\/salamanderkartlegging-i-sarpsborg\/\",\"url\":\"https:\/\/naturvernforbundet.no\/ostfold\/salamanderkartlegging-i-sarpsborg\/\",\"name\":\"Salamanderkartlegging i Sarpsborg - \u00d8stfold\",\"isPartOf\":{\"@id\":\"https:\/\/naturvernforbundet.no\/ostfold\/#website\"},\"primaryImageOfPage\":{\"@id\":\"https:\/\/naturvernforbundet.no\/ostfold\/salamanderkartlegging-i-sarpsborg\/#primaryimage\"},\"image\":{\"@id\":\"https:\/\/naturvernforbundet.no\/ostfold\/salamanderkartlegging-i-sarpsborg\/#primaryimage\"},\"thumbnailUrl\":\"https:\/\/naturvernforbundet.no\/content\/uploads\/sites\/22\/2012\/06\/P5222976.JPG2028articledisplay29.jpg\",\"datePublished\":\"2012-06-21T20:08:47+00:00\",\"dateModified\":\"2022-11-10T09:46:27+00:00\",\"author\":{\"@id\":\"https:\/\/naturvernforbundet.no\/ostfold\/#\/schema\/person\/97bd28fb775202302b3726aa3694d4ad\"},\"breadcrumb\":{\"@id\":\"https:\/\/naturvernforbundet.no\/ostfold\/salamanderkartlegging-i-sarpsborg\/#breadcrumb\"},\"inLanguage\":\"nb-NO\",\"potentialAction\":[{\"@type\":\"ReadAction\",\"target\":[\"https:\/\/naturvernforbundet.no\/ostfold\/salamanderkartlegging-i-sarpsborg\/\"]}]},{\"@type\":\"ImageObject\",\"inLanguage\":\"nb-NO\",\"@id\":\"https:\/\/naturvernforbundet.no\/ostfold\/salamanderkartlegging-i-sarpsborg\/#primaryimage\",\"url\":\"https:\/\/naturvernforbundet.no\/content\/uploads\/sites\/22\/2012\/06\/P5222976.JPG2028articledisplay29.jpg\",\"contentUrl\":\"https:\/\/naturvernforbundet.no\/content\/uploads\/sites\/22\/2012\/06\/P5222976.JPG2028articledisplay29.jpg\",\"width\":653,\"height\":490},{\"@type\":\"BreadcrumbList\",\"@id\":\"https:\/\/naturvernforbundet.no\/ostfold\/salamanderkartlegging-i-sarpsborg\/#breadcrumb\",\"itemListElement\":[{\"@type\":\"ListItem\",\"position\":1,\"name\":\"Till naturvernforbundet.no\",\"item\":\"https:\/\/naturvernforbundet.no\/\"},{\"@type\":\"ListItem\",\"position\":2,\"name\":\"\u00d8stfold\",\"item\":\"https:\/\/naturvernforbundet.no\/ostfold\/\"},{\"@type\":\"ListItem\",\"position\":3,\"name\":\"Salamanderkartlegging i Sarpsborg\"}]},{\"@type\":\"WebSite\",\"@id\":\"https:\/\/naturvernforbundet.no\/ostfold\/#website\",\"url\":\"https:\/\/naturvernforbundet.no\/ostfold\/\",\"name\":\"\u00d8stfold\",\"description\":\"Naturvernforbundet i \u00d8stfold\",\"potentialAction\":[{\"@type\":\"SearchAction\",\"target\":{\"@type\":\"EntryPoint\",\"urlTemplate\":\"https:\/\/naturvernforbundet.no\/ostfold\/?s={search_term_string}\"},\"query-input\":{\"@type\":\"PropertyValueSpecification\",\"valueRequired\":true,\"valueName\":\"search_term_string\"}}],\"inLanguage\":\"nb-NO\"},{\"@type\":\"Person\",\"@id\":\"https:\/\/naturvernforbundet.no\/ostfold\/#\/schema\/person\/97bd28fb775202302b3726aa3694d4ad\",\"name\":\"hectorpena\",\"image\":{\"@type\":\"ImageObject\",\"inLanguage\":\"nb-NO\",\"@id\":\"https:\/\/naturvernforbundet.no\/ostfold\/#\/schema\/person\/image\/\",\"url\":\"https:\/\/secure.gravatar.com\/avatar\/7e5bd30a9ec04e98372558a22d86a9b3?s=96&d=mm&r=g\",\"contentUrl\":\"https:\/\/secure.gravatar.com\/avatar\/7e5bd30a9ec04e98372558a22d86a9b3?s=96&d=mm&r=g\",\"caption\":\"hectorpena\"},\"url\":\"https:\/\/naturvernforbundet.no\/ostfold\/author\/hectorpena\/\"}]}<\/script>\n<!-- \/ Yoast SEO plugin. -->","yoast_head_json":{"title":"Salamanderkartlegging i Sarpsborg - \u00d8stfold","robots":{"index":"index","follow":"follow","max-snippet":"max-snippet:-1","max-image-preview":"max-image-preview:large","max-video-preview":"max-video-preview:-1"},"canonical":"https:\/\/naturvernforbundet.no\/ostfold\/salamanderkartlegging-i-sarpsborg\/","og_locale":"nb_NO","og_type":"article","og_title":"Salamanderkartlegging i Sarpsborg - \u00d8stfold","og_description":"Lokallaget i Sarpsborg har f\u00e5tt et artig oppdrag. P\u00e5 oppdrag for Sarpsborg kommune skal de kartlegge forekomster av stor salamander i flere dammer i Sarpsborg omr\u00e5det.","og_url":"https:\/\/naturvernforbundet.no\/ostfold\/salamanderkartlegging-i-sarpsborg\/","og_site_name":"\u00d8stfold","article_published_time":"2012-06-21T20:08:47+00:00","article_modified_time":"2022-11-10T09:46:27+00:00","og_image":[{"width":653,"height":490,"url":"https:\/\/naturvernforbundet.no\/content\/uploads\/sites\/22\/2012\/06\/P5222976.JPG2028articledisplay29.jpg","type":"image\/jpeg"}],"author":"hectorpena","twitter_card":"summary_large_image","twitter_misc":{"Skrevet av":"hectorpena"},"schema":{"@context":"https:\/\/schema.org","@graph":[{"@type":"WebPage","@id":"https:\/\/naturvernforbundet.no\/ostfold\/salamanderkartlegging-i-sarpsborg\/","url":"https:\/\/naturvernforbundet.no\/ostfold\/salamanderkartlegging-i-sarpsborg\/","name":"Salamanderkartlegging i Sarpsborg - \u00d8stfold","isPartOf":{"@id":"https:\/\/naturvernforbundet.no\/ostfold\/#website"},"primaryImageOfPage":{"@id":"https:\/\/naturvernforbundet.no\/ostfold\/salamanderkartlegging-i-sarpsborg\/#primaryimage"},"image":{"@id":"https:\/\/naturvernforbundet.no\/ostfold\/salamanderkartlegging-i-sarpsborg\/#primaryimage"},"thumbnailUrl":"https:\/\/naturvernforbundet.no\/content\/uploads\/sites\/22\/2012\/06\/P5222976.JPG2028articledisplay29.jpg","datePublished":"2012-06-21T20:08:47+00:00","dateModified":"2022-11-10T09:46:27+00:00","author":{"@id":"https:\/\/naturvernforbundet.no\/ostfold\/#\/schema\/person\/97bd28fb775202302b3726aa3694d4ad"},"breadcrumb":{"@id":"https:\/\/naturvernforbundet.no\/ostfold\/salamanderkartlegging-i-sarpsborg\/#breadcrumb"},"inLanguage":"nb-NO","potentialAction":[{"@type":"ReadAction","target":["https:\/\/naturvernforbundet.no\/ostfold\/salamanderkartlegging-i-sarpsborg\/"]}]},{"@type":"ImageObject","inLanguage":"nb-NO","@id":"https:\/\/naturvernforbundet.no\/ostfold\/salamanderkartlegging-i-sarpsborg\/#primaryimage","url":"https:\/\/naturvernforbundet.no\/content\/uploads\/sites\/22\/2012\/06\/P5222976.JPG2028articledisplay29.jpg","contentUrl":"https:\/\/naturvernforbundet.no\/content\/uploads\/sites\/22\/2012\/06\/P5222976.JPG2028articledisplay29.jpg","width":653,"height":490},{"@type":"BreadcrumbList","@id":"https:\/\/naturvernforbundet.no\/ostfold\/salamanderkartlegging-i-sarpsborg\/#breadcrumb","itemListElement":[{"@type":"ListItem","position":1,"name":"Till naturvernforbundet.no","item":"https:\/\/naturvernforbundet.no\/"},{"@type":"ListItem","position":2,"name":"\u00d8stfold","item":"https:\/\/naturvernforbundet.no\/ostfold\/"},{"@type":"ListItem","position":3,"name":"Salamanderkartlegging i Sarpsborg"}]},{"@type":"WebSite","@id":"https:\/\/naturvernforbundet.no\/ostfold\/#website","url":"https:\/\/naturvernforbundet.no\/ostfold\/","name":"\u00d8stfold","description":"Naturvernforbundet i \u00d8stfold","potentialAction":[{"@type":"SearchAction","target":{"@type":"EntryPoint","urlTemplate":"https:\/\/naturvernforbundet.no\/ostfold\/?s={search_term_string}"},"query-input":{"@type":"PropertyValueSpecification","valueRequired":true,"valueName":"search_term_string"}}],"inLanguage":"nb-NO"},{"@type":"Person","@id":"https:\/\/naturvernforbundet.no\/ostfold\/#\/schema\/person\/97bd28fb775202302b3726aa3694d4ad","name":"hectorpena","image":{"@type":"ImageObject","inLanguage":"nb-NO","@id":"https:\/\/naturvernforbundet.no\/ostfold\/#\/schema\/person\/image\/","url":"https:\/\/secure.gravatar.com\/avatar\/7e5bd30a9ec04e98372558a22d86a9b3?s=96&d=mm&r=g","contentUrl":"https:\/\/secure.gravatar.com\/avatar\/7e5bd30a9ec04e98372558a22d86a9b3?s=96&d=mm&r=g","caption":"hectorpena"},"url":"https:\/\/naturvernforbundet.no\/ostfold\/author\/hectorpena\/"}]}},"_links":{"self":[{"href":"https:\/\/naturvernforbundet.no\/ostfold\/wp-json\/wp\/v2\/posts\/199","targetHints":{"allow":["GET"]}}],"collection":[{"href":"https:\/\/naturvernforbundet.no\/ostfold\/wp-json\/wp\/v2\/posts"}],"about":[{"href":"https:\/\/naturvernforbundet.no\/ostfold\/wp-json\/wp\/v2\/types\/post"}],"author":[{"embeddable":true,"href":"https:\/\/naturvernforbundet.no\/ostfold\/wp-json\/wp\/v2\/users\/257"}],"replies":[{"embeddable":true,"href":"https:\/\/naturvernforbundet.no\/ostfold\/wp-json\/wp\/v2\/comments?post=199"}],"version-history":[{"count":1,"href":"https:\/\/naturvernforbundet.no\/ostfold\/wp-json\/wp\/v2\/posts\/199\/revisions"}],"predecessor-version":[{"id":575,"href":"https:\/\/naturvernforbundet.no\/ostfold\/wp-json\/wp\/v2\/posts\/199\/revisions\/575"}],"wp:featuredmedia":[{"embeddable":true,"href":"https:\/\/naturvernforbundet.no\/ostfold\/wp-json\/wp\/v2\/media\/200"}],"wp:attachment":[{"href":"https:\/\/naturvernforbundet.no\/ostfold\/wp-json\/wp\/v2\/media?parent=199"}],"wp:term":[{"taxonomy":"category","embeddable":true,"href":"https:\/\/naturvernforbundet.no\/ostfold\/wp-json\/wp\/v2\/categories?post=199"},{"taxonomy":"post_tag","embeddable":true,"href":"https:\/\/naturvernforbundet.no\/ostfold\/wp-json\/wp\/v2\/tags?post=199"},{"taxonomy":"local","embeddable":true,"href":"https:\/\/naturvernforbundet.no\/ostfold\/wp-json\/wp\/v2\/local?post=199"}],"curies":[{"name":"wp","href":"https:\/\/api.w.org\/{rel}","templated":true}]}}