{"id":1049,"date":"2013-02-27T08:21:23","date_gmt":"2013-02-27T07:21:23","guid":{"rendered":"https:\/\/naturvernforbundet.no\/rogaland\/vil-du-vaere-med\/"},"modified":"2013-02-27T08:21:23","modified_gmt":"2013-02-27T07:21:23","slug":"vil-du-vaere-med","status":"publish","type":"post","link":"https:\/\/naturvernforbundet.no\/rogaland\/vil-du-vaere-med\/","title":{"rendered":"Vil du v\u00e6re med?"},"content":{"rendered":"\t<div class=\"template-post alignfull wp-block-naturvern-hero\">\n\t\t<div class=\"hero__inner\">\n\t\t\t<div class=\"hero__inner_blocks\">\n\t\t\t\t\t\t\t\t\n\t\t\t\t\t<h1 class=\"wp-block-post-title\">Vil du v\u00e6re med?<\/h1>\n\n\t\t\t\t\t<div class=\"wp-block-post-excerpt\"><p class=\"wp-block-post-excerpt__excerpt\">Har du lyst \u00e5 \u00e5 v\u00e6re vert p\u00e5 natursenteret? Eller vil du bidra med dugnadsarbeide i uteomr\u00e5det? Naturvernforbundet har mange gode tilbud til alle som \u00f8nsker \u00e5 gj\u00f8re en frivillig innsats for naturvern- og formidling! <\/p><\/div>\n\n\t\t\t\t\t<figure class=\"wp-block-post-featured-image\"><img loading=\"lazy\" decoding=\"async\" width=\"653\" height=\"433\" src=\"https:\/\/naturvernforbundet.no\/content\/uploads\/sites\/16\/2013\/02\/dugnad20hagen2.jpg2028articledisplay29.jpg\" class=\"attachment-post-thumbnail size-post-thumbnail wp-post-image\" alt=\"\" style=\"object-fit:cover;\" srcset=\"https:\/\/naturvernforbundet.no\/content\/uploads\/sites\/16\/2013\/02\/dugnad20hagen2.jpg2028articledisplay29.jpg 653w, https:\/\/naturvernforbundet.no\/content\/uploads\/sites\/16\/2013\/02\/dugnad20hagen2.jpg2028articledisplay29-300x199.jpg 300w\" sizes=\"auto, (max-width: 653px) 100vw, 653px\" \/><\/figure>\n\n\t\t\t\t\t<div class=\"wp-block-naturvern-byline\">\n\t\t\t<div class=\"authors\">By <span class=\"t2-byline__author-link\">Erik Thoring<\/span><\/div>\n\t\t\t<small class=\"entry-date\">27.02.2013 08:21<\/small>\n\t\t<\/div>\n\t\t\t\t\t\t\t\t<\/div>\n\t\t\t\t\t<\/div>\n\t\t\t<\/div>\n\t\n<p>\n\t<strong>Sentervert<\/strong><\/p>\n\n\n\n<p>\n\tS\u00f8ndagskafeen p\u00e5 Mostun natursenter blir drevet av frivillige. S\u00e5 langt har vi holdt \u00e5pent hver s\u00f8ndag i sommerferien og i de siste ukene f\u00f8r jul. Hvis flere melder sin interesse for s\u00f8ndagsvakter, vil tilbudet bli utvidet.<\/p>\n\n\n\n<p>\n\tDet er alltid to personer p\u00e5 en s\u00f8ndagsvakt. Senteret \u00e5pner kl 12 og stenger kl. 15. Vi tilbyr utstillinger og&nbsp; informasjonsmateriell og fra butikken selger vi litteratur og gaveartikler. &nbsp;Vi har ogs\u00e5 &nbsp;\u00f8kologisk mat og drikke, det vil si vafler, kaffe og saft. Natursenteret har blitt et popul\u00e6rt sted \u00e5 stikke innom, og bedre skal det bli etterhvert som vi utvider tilbudet og pusser opp de noe slitte lokalene.<\/p>\n\n\n\n<p>\n\tAlle kan delta som verter og oppl\u00e6ring blir gitt.<\/p>\n\n\n\n<figure class=\"wp-block-image\"><img decoding=\"async\" src=\"__CPMMFILEID_URL__::46932::\" alt=\"\"\/><\/figure>\n\n\n\n<p>\n\t<em>Flyteholmen utrustes av dugnadsgjengen. F.h. Bj\u00f8rnar K. Byberg, Kalle Lindheim, Hugh Clarke og Erling S\u00f8mme Kielland. Foto: Erik Thoring.<\/em><\/p>\n\n\n\n<p>\n\t<strong>Skj\u00f8tselgruppa<\/strong><\/p>\n\n\n\n<p>\n\tNaturvernforbundet har hatt en egen skj\u00f8tselgruppe helt siden 2002. Det startet p\u00e5 Store Mar\u00f8y med rydding og hogst i et gamle kulturlandskapet p\u00e5 \u00f8ya. Det har vi holdt p\u00e5 med&nbsp; hvert \u00e5r siden. &nbsp;Det siste \u00e5ret har gruppen ogs\u00e5 gjort en formidabel jobb i uteomr\u00e5det p\u00e5 Mostun. Den totalt gjengrodde hagen&nbsp; er ryddet, en gammel sti er restaurert og vi har g\u00e5tt i gang med en systematisk bekjempelse av fremmede arter.<\/p>\n\n\n\n<p>\n\tFrivillige fra skj\u00f8tselgruppa har ogs\u00e5 deltatt i rydding av ei myr p\u00e5 Tasta, rigging av flyteholmen i Mosvatnet og rydding av hettem\u00e5keholmen i Mosvatnet.<\/p>\n\n\n\n<p>\n\tI skj\u00f8tselgruppa deltar det folk i alle alder, fra den yngste p\u00e5 p\u00e5 7 \u00e5r til den eldste p\u00e5 74 \u00e5r. Det er ingen krav om kompetanse, og alle velger arbeidsoppgaver og tempo som det passer.<\/p>\n\n\n\n<p>\n\t<strong>Annet frivillighetsarbeid<\/strong><\/p>\n\n\n\n<p>\n\tNaturvernforbundet jobber hver dag for \u00e5 ta vare p\u00e5 Rogalands natur. Det gj\u00f8r vi p\u00e5&nbsp; mange m\u00e5ter: ved \u00e5 engasjere oss i saker der natur er truet, ved \u00e5 formidle kunnskap&nbsp; og ved \u00e5 fremme forslag og ideer om tiltak som kan forbedre v\u00e5rt naturmilj\u00f8. Vi har et korps av tillitsvalgte og frivillige som tar p\u00e5 seg ulike oppgaver, men vi har plass til langt flere. Ikke n\u00f8l med \u00e5 melde deg tjeneste om du har lyst \u00e5 bidra til i v\u00e5rt viktige arbeide.<\/p>\n\n\n\n<p>\n\tSend noen ord til <a href=\"mailto:rogaland@naturvern.no\">rogaland@naturvern.no<\/a> eller kontakt daglig leder Erik Thoring p\u00e5 telefon 51 52 88 11 eller 416 83 238.<\/p>\n","protected":false},"excerpt":{"rendered":"<p>Har du lyst \u00e5 \u00e5 v\u00e6re vert p\u00e5 natursenteret? Eller vil du bidra med dugnadsarbeide i uteomr\u00e5det? Naturvernforbundet har mange gode tilbud til alle som \u00f8nsker \u00e5 gj\u00f8re en frivillig innsats for naturvern- og formidling!<\/p>\n","protected":false},"author":76,"featured_media":1050,"comment_status":"closed","ping_status":"closed","sticky":false,"template":"","format":"standard","meta":{"_relevanssi_hide_post":"","_relevanssi_hide_content":"","_relevanssi_pin_for_all":"","_relevanssi_pin_keywords":"","_relevanssi_unpin_keywords":"","_relevanssi_related_keywords":"","_relevanssi_related_include_ids":"","_relevanssi_related_exclude_ids":"","_relevanssi_related_no_append":"","_relevanssi_related_not_related":"","_relevanssi_related_posts":"","_relevanssi_noindex_reason":"","hide_logo":false,"footnotes":""},"categories":[10],"tags":[],"local":[],"class_list":["post-1049","post","type-post","status-publish","format-standard","has-post-thumbnail","hentry","category-mostun"],"acf":[],"yoast_head":"<!-- This site is optimized with the Yoast SEO plugin v24.9 - https:\/\/yoast.com\/wordpress\/plugins\/seo\/ -->\n<title>Vil du v\u00e6re med? - Rogaland<\/title>\n<meta name=\"robots\" content=\"index, follow, max-snippet:-1, max-image-preview:large, max-video-preview:-1\" \/>\n<link rel=\"canonical\" href=\"https:\/\/naturvernforbundet.no\/rogaland\/vil-du-vaere-med\/\" \/>\n<meta property=\"og:locale\" content=\"nb_NO\" \/>\n<meta property=\"og:type\" content=\"article\" \/>\n<meta property=\"og:title\" content=\"Vil du v\u00e6re med? - Rogaland\" \/>\n<meta property=\"og:description\" content=\"Har du lyst \u00e5 \u00e5 v\u00e6re vert p\u00e5 natursenteret? Eller vil du bidra med dugnadsarbeide i uteomr\u00e5det? Naturvernforbundet har mange gode tilbud til alle som \u00f8nsker \u00e5 gj\u00f8re en frivillig innsats for naturvern- og formidling!\" \/>\n<meta property=\"og:url\" content=\"https:\/\/naturvernforbundet.no\/rogaland\/vil-du-vaere-med\/\" \/>\n<meta property=\"og:site_name\" content=\"Rogaland\" \/>\n<meta property=\"article:published_time\" content=\"2013-02-27T07:21:23+00:00\" \/>\n<meta property=\"og:image\" content=\"https:\/\/naturvernforbundet.no\/content\/uploads\/sites\/16\/2013\/02\/dugnad20hagen2.jpg2028articledisplay29.jpg\" \/>\n\t<meta property=\"og:image:width\" content=\"653\" \/>\n\t<meta property=\"og:image:height\" content=\"433\" \/>\n\t<meta property=\"og:image:type\" content=\"image\/jpeg\" \/>\n<meta name=\"author\" content=\"Erik Thoring\" \/>\n<meta name=\"twitter:card\" content=\"summary_large_image\" \/>\n<meta name=\"twitter:label1\" content=\"Skrevet av\" \/>\n\t<meta name=\"twitter:data1\" content=\"Erik Thoring\" \/>\n\t<meta name=\"twitter:label2\" content=\"Ansl. lesetid\" \/>\n\t<meta name=\"twitter:data2\" content=\"2 minutter\" \/>\n<script type=\"application\/ld+json\" class=\"yoast-schema-graph\">{\"@context\":\"https:\/\/schema.org\",\"@graph\":[{\"@type\":\"WebPage\",\"@id\":\"https:\/\/naturvernforbundet.no\/rogaland\/vil-du-vaere-med\/\",\"url\":\"https:\/\/naturvernforbundet.no\/rogaland\/vil-du-vaere-med\/\",\"name\":\"Vil du v\u00e6re med? - Rogaland\",\"isPartOf\":{\"@id\":\"https:\/\/naturvernforbundet.no\/rogaland\/#website\"},\"primaryImageOfPage\":{\"@id\":\"https:\/\/naturvernforbundet.no\/rogaland\/vil-du-vaere-med\/#primaryimage\"},\"image\":{\"@id\":\"https:\/\/naturvernforbundet.no\/rogaland\/vil-du-vaere-med\/#primaryimage\"},\"thumbnailUrl\":\"https:\/\/naturvernforbundet.no\/content\/uploads\/sites\/16\/2013\/02\/dugnad20hagen2.jpg2028articledisplay29.jpg\",\"datePublished\":\"2013-02-27T07:21:23+00:00\",\"author\":{\"@id\":\"https:\/\/naturvernforbundet.no\/rogaland\/#\/schema\/person\/97abad7d4d3577b542503235edaabba2\"},\"breadcrumb\":{\"@id\":\"https:\/\/naturvernforbundet.no\/rogaland\/vil-du-vaere-med\/#breadcrumb\"},\"inLanguage\":\"nb-NO\",\"potentialAction\":[{\"@type\":\"ReadAction\",\"target\":[\"https:\/\/naturvernforbundet.no\/rogaland\/vil-du-vaere-med\/\"]}]},{\"@type\":\"ImageObject\",\"inLanguage\":\"nb-NO\",\"@id\":\"https:\/\/naturvernforbundet.no\/rogaland\/vil-du-vaere-med\/#primaryimage\",\"url\":\"https:\/\/naturvernforbundet.no\/content\/uploads\/sites\/16\/2013\/02\/dugnad20hagen2.jpg2028articledisplay29.jpg\",\"contentUrl\":\"https:\/\/naturvernforbundet.no\/content\/uploads\/sites\/16\/2013\/02\/dugnad20hagen2.jpg2028articledisplay29.jpg\",\"width\":653,\"height\":433},{\"@type\":\"BreadcrumbList\",\"@id\":\"https:\/\/naturvernforbundet.no\/rogaland\/vil-du-vaere-med\/#breadcrumb\",\"itemListElement\":[{\"@type\":\"ListItem\",\"position\":1,\"name\":\"Till naturvernforbundet.no\",\"item\":\"https:\/\/naturvernforbundet.no\/\"},{\"@type\":\"ListItem\",\"position\":2,\"name\":\"Rogaland\",\"item\":\"https:\/\/naturvernforbundet.no\/rogaland\/\"},{\"@type\":\"ListItem\",\"position\":3,\"name\":\"Vil du v\u00e6re med?\"}]},{\"@type\":\"WebSite\",\"@id\":\"https:\/\/naturvernforbundet.no\/rogaland\/#website\",\"url\":\"https:\/\/naturvernforbundet.no\/rogaland\/\",\"name\":\"Rogaland\",\"description\":\"Bare enda et Naturvernforbundet Sites-nettsted\",\"potentialAction\":[{\"@type\":\"SearchAction\",\"target\":{\"@type\":\"EntryPoint\",\"urlTemplate\":\"https:\/\/naturvernforbundet.no\/rogaland\/?s={search_term_string}\"},\"query-input\":{\"@type\":\"PropertyValueSpecification\",\"valueRequired\":true,\"valueName\":\"search_term_string\"}}],\"inLanguage\":\"nb-NO\"},{\"@type\":\"Person\",\"@id\":\"https:\/\/naturvernforbundet.no\/rogaland\/#\/schema\/person\/97abad7d4d3577b542503235edaabba2\",\"name\":\"Erik Thoring\",\"image\":{\"@type\":\"ImageObject\",\"inLanguage\":\"nb-NO\",\"@id\":\"https:\/\/naturvernforbundet.no\/rogaland\/#\/schema\/person\/image\/\",\"url\":\"https:\/\/secure.gravatar.com\/avatar\/18472085169d11121a1544fda1655370?s=96&d=mm&r=g\",\"contentUrl\":\"https:\/\/secure.gravatar.com\/avatar\/18472085169d11121a1544fda1655370?s=96&d=mm&r=g\",\"caption\":\"Erik Thoring\"},\"url\":\"https:\/\/naturvernforbundet.no\/rogaland\/author\/erikthoring\/\"}]}<\/script>\n<!-- \/ Yoast SEO plugin. -->","yoast_head_json":{"title":"Vil du v\u00e6re med? - Rogaland","robots":{"index":"index","follow":"follow","max-snippet":"max-snippet:-1","max-image-preview":"max-image-preview:large","max-video-preview":"max-video-preview:-1"},"canonical":"https:\/\/naturvernforbundet.no\/rogaland\/vil-du-vaere-med\/","og_locale":"nb_NO","og_type":"article","og_title":"Vil du v\u00e6re med? - Rogaland","og_description":"Har du lyst \u00e5 \u00e5 v\u00e6re vert p\u00e5 natursenteret? Eller vil du bidra med dugnadsarbeide i uteomr\u00e5det? Naturvernforbundet har mange gode tilbud til alle som \u00f8nsker \u00e5 gj\u00f8re en frivillig innsats for naturvern- og formidling!","og_url":"https:\/\/naturvernforbundet.no\/rogaland\/vil-du-vaere-med\/","og_site_name":"Rogaland","article_published_time":"2013-02-27T07:21:23+00:00","og_image":[{"width":653,"height":433,"url":"https:\/\/naturvernforbundet.no\/content\/uploads\/sites\/16\/2013\/02\/dugnad20hagen2.jpg2028articledisplay29.jpg","type":"image\/jpeg"}],"author":"Erik Thoring","twitter_card":"summary_large_image","twitter_misc":{"Skrevet av":"Erik Thoring","Ansl. lesetid":"2 minutter"},"schema":{"@context":"https:\/\/schema.org","@graph":[{"@type":"WebPage","@id":"https:\/\/naturvernforbundet.no\/rogaland\/vil-du-vaere-med\/","url":"https:\/\/naturvernforbundet.no\/rogaland\/vil-du-vaere-med\/","name":"Vil du v\u00e6re med? - Rogaland","isPartOf":{"@id":"https:\/\/naturvernforbundet.no\/rogaland\/#website"},"primaryImageOfPage":{"@id":"https:\/\/naturvernforbundet.no\/rogaland\/vil-du-vaere-med\/#primaryimage"},"image":{"@id":"https:\/\/naturvernforbundet.no\/rogaland\/vil-du-vaere-med\/#primaryimage"},"thumbnailUrl":"https:\/\/naturvernforbundet.no\/content\/uploads\/sites\/16\/2013\/02\/dugnad20hagen2.jpg2028articledisplay29.jpg","datePublished":"2013-02-27T07:21:23+00:00","author":{"@id":"https:\/\/naturvernforbundet.no\/rogaland\/#\/schema\/person\/97abad7d4d3577b542503235edaabba2"},"breadcrumb":{"@id":"https:\/\/naturvernforbundet.no\/rogaland\/vil-du-vaere-med\/#breadcrumb"},"inLanguage":"nb-NO","potentialAction":[{"@type":"ReadAction","target":["https:\/\/naturvernforbundet.no\/rogaland\/vil-du-vaere-med\/"]}]},{"@type":"ImageObject","inLanguage":"nb-NO","@id":"https:\/\/naturvernforbundet.no\/rogaland\/vil-du-vaere-med\/#primaryimage","url":"https:\/\/naturvernforbundet.no\/content\/uploads\/sites\/16\/2013\/02\/dugnad20hagen2.jpg2028articledisplay29.jpg","contentUrl":"https:\/\/naturvernforbundet.no\/content\/uploads\/sites\/16\/2013\/02\/dugnad20hagen2.jpg2028articledisplay29.jpg","width":653,"height":433},{"@type":"BreadcrumbList","@id":"https:\/\/naturvernforbundet.no\/rogaland\/vil-du-vaere-med\/#breadcrumb","itemListElement":[{"@type":"ListItem","position":1,"name":"Till naturvernforbundet.no","item":"https:\/\/naturvernforbundet.no\/"},{"@type":"ListItem","position":2,"name":"Rogaland","item":"https:\/\/naturvernforbundet.no\/rogaland\/"},{"@type":"ListItem","position":3,"name":"Vil du v\u00e6re med?"}]},{"@type":"WebSite","@id":"https:\/\/naturvernforbundet.no\/rogaland\/#website","url":"https:\/\/naturvernforbundet.no\/rogaland\/","name":"Rogaland","description":"Bare enda et Naturvernforbundet Sites-nettsted","potentialAction":[{"@type":"SearchAction","target":{"@type":"EntryPoint","urlTemplate":"https:\/\/naturvernforbundet.no\/rogaland\/?s={search_term_string}"},"query-input":{"@type":"PropertyValueSpecification","valueRequired":true,"valueName":"search_term_string"}}],"inLanguage":"nb-NO"},{"@type":"Person","@id":"https:\/\/naturvernforbundet.no\/rogaland\/#\/schema\/person\/97abad7d4d3577b542503235edaabba2","name":"Erik Thoring","image":{"@type":"ImageObject","inLanguage":"nb-NO","@id":"https:\/\/naturvernforbundet.no\/rogaland\/#\/schema\/person\/image\/","url":"https:\/\/secure.gravatar.com\/avatar\/18472085169d11121a1544fda1655370?s=96&d=mm&r=g","contentUrl":"https:\/\/secure.gravatar.com\/avatar\/18472085169d11121a1544fda1655370?s=96&d=mm&r=g","caption":"Erik Thoring"},"url":"https:\/\/naturvernforbundet.no\/rogaland\/author\/erikthoring\/"}]}},"_links":{"self":[{"href":"https:\/\/naturvernforbundet.no\/rogaland\/wp-json\/wp\/v2\/posts\/1049","targetHints":{"allow":["GET"]}}],"collection":[{"href":"https:\/\/naturvernforbundet.no\/rogaland\/wp-json\/wp\/v2\/posts"}],"about":[{"href":"https:\/\/naturvernforbundet.no\/rogaland\/wp-json\/wp\/v2\/types\/post"}],"author":[{"embeddable":true,"href":"https:\/\/naturvernforbundet.no\/rogaland\/wp-json\/wp\/v2\/users\/76"}],"replies":[{"embeddable":true,"href":"https:\/\/naturvernforbundet.no\/rogaland\/wp-json\/wp\/v2\/comments?post=1049"}],"version-history":[{"count":0,"href":"https:\/\/naturvernforbundet.no\/rogaland\/wp-json\/wp\/v2\/posts\/1049\/revisions"}],"wp:featuredmedia":[{"embeddable":true,"href":"https:\/\/naturvernforbundet.no\/rogaland\/wp-json\/wp\/v2\/media\/1050"}],"wp:attachment":[{"href":"https:\/\/naturvernforbundet.no\/rogaland\/wp-json\/wp\/v2\/media?parent=1049"}],"wp:term":[{"taxonomy":"category","embeddable":true,"href":"https:\/\/naturvernforbundet.no\/rogaland\/wp-json\/wp\/v2\/categories?post=1049"},{"taxonomy":"post_tag","embeddable":true,"href":"https:\/\/naturvernforbundet.no\/rogaland\/wp-json\/wp\/v2\/tags?post=1049"},{"taxonomy":"local","embeddable":true,"href":"https:\/\/naturvernforbundet.no\/rogaland\/wp-json\/wp\/v2\/local?post=1049"}],"curies":[{"name":"wp","href":"https:\/\/api.w.org\/{rel}","templated":true}]}}