{"id":121,"date":"2014-03-04T08:52:00","date_gmt":"2014-03-04T07:52:00","guid":{"rendered":"https:\/\/naturvernforbundet.no\/rogaland\/dobbel-mangersnes-pa-mostun\/"},"modified":"2014-03-04T08:52:00","modified_gmt":"2014-03-04T07:52:00","slug":"dobbel-mangersnes-pa-mostun","status":"publish","type":"post","link":"https:\/\/naturvernforbundet.no\/rogaland\/dobbel-mangersnes-pa-mostun\/","title":{"rendered":"Dobbel Mangersnes p\u00e5 Mostun"},"content":{"rendered":"\t<div class=\"template-post alignfull wp-block-naturvern-hero\">\n\t\t<div class=\"hero__inner\">\n\t\t\t<div class=\"hero__inner_blocks\">\n\t\t\t\t\t\t\t\t\n\t\t\t\t\t<h1 class=\"wp-block-post-title\">Dobbel Mangersnes p\u00e5 Mostun<\/h1>\n\n\t\t\t\t\t<div class=\"wp-block-post-excerpt\"><p class=\"wp-block-post-excerpt__excerpt\">Bilder fra Mosvatnet og film fra J\u00e6rkysten vises n\u00e5 p\u00e5 Mostun natursenter. Stikk innom senteret p\u00e5 s\u00f8ndag og se opptakene som er gjort av den prisbel\u00f8nte naturfotografen fra Stavanger, Roy Mangersnes. <\/p><\/div>\n\n\t\t\t\t\t<figure class=\"wp-block-post-featured-image\"><img loading=\"lazy\" decoding=\"async\" width=\"653\" height=\"475\" src=\"https:\/\/naturvernforbundet.no\/content\/uploads\/sites\/16\/2014\/03\/Skjermbilde20skarv.PNG2028articledisplay29.png\" class=\"attachment-post-thumbnail size-post-thumbnail wp-post-image\" alt=\"\" style=\"object-fit:cover;\" srcset=\"https:\/\/naturvernforbundet.no\/content\/uploads\/sites\/16\/2014\/03\/Skjermbilde20skarv.PNG2028articledisplay29.png 653w, https:\/\/naturvernforbundet.no\/content\/uploads\/sites\/16\/2014\/03\/Skjermbilde20skarv.PNG2028articledisplay29-300x218.png 300w\" sizes=\"auto, (max-width: 653px) 100vw, 653px\" \/><\/figure>\n\n\t\t\t\t\t<div class=\"wp-block-naturvern-byline\">\n\t\t\t<div class=\"authors\">By <span class=\"t2-byline__author-link\">Erik Thoring<\/span><\/div>\n\t\t\t<small class=\"entry-date\">04.03.2014 08:52<\/small>\n\t\t<\/div>\n\t\t\t\t\t\t\t\t<\/div>\n\t\t\t\t\t<\/div>\n\t\t\t<\/div>\n\t\n<p>I 2011 utga Mangersnes bok om naturen i Mosvatnet og Stokkavatnet og Mostun natursenter benyttet den gang anledningen til \u00e5 \u00e5pne utstilling med hans bilder. N\u00e5 har Roy plukket et utvalg av sine bilder fra Mosvatnet som blir vist p\u00e5 TV-skjerm p\u00e5 Mostun hver s\u00f8ndag. F\u00e5r du lyst \u00e5 nyte bildene hjemme, kan du kj\u00f8pe med deg boka som Roy utga i 2011. Den har vi tilsalgs for kr. 200,-.<\/p>\n\n\n\n<p>Roy har p\u00e5 oppdrag fra J\u00e6ren v\u00e5tmarkssenter filmet fuglelivet i Kvassheimsbukta gjennom ett \u00e5r. I filmen vil du m\u00f8te en lang rekke vannfugler og spurvefugler som du vil dra kjensel p\u00e5 ogs\u00e5 fra andre steder langs J\u00e6rkysten. Filmen viser vi hver s\u00f8ndag p\u00e5 Mostun natursenter. Du kan ogs\u00e5 se filmen hjemme i din egen stue fra nettsiden www.friluftsfyret-kvassheim.no<\/p>\n","protected":false},"excerpt":{"rendered":"<p>Bilder fra Mosvatnet og film fra J\u00e6rkysten vises n\u00e5 p\u00e5 Mostun natursenter. Stikk innom senteret p\u00e5 s\u00f8ndag og se opptakene som er gjort av den prisbel\u00f8nte naturfotografen fra Stavanger, Roy Mangersnes.<\/p>\n","protected":false},"author":76,"featured_media":122,"comment_status":"closed","ping_status":"closed","sticky":false,"template":"","format":"standard","meta":{"_relevanssi_hide_post":"","_relevanssi_hide_content":"","_relevanssi_pin_for_all":"","_relevanssi_pin_keywords":"","_relevanssi_unpin_keywords":"","_relevanssi_related_keywords":"","_relevanssi_related_include_ids":"","_relevanssi_related_exclude_ids":"","_relevanssi_related_no_append":"","_relevanssi_related_not_related":"","_relevanssi_related_posts":"","_relevanssi_noindex_reason":"","hide_logo":false,"footnotes":""},"categories":[10],"tags":[],"local":[],"class_list":["post-121","post","type-post","status-publish","format-standard","has-post-thumbnail","hentry","category-mostun"],"acf":[],"yoast_head":"<!-- This site is optimized with the Yoast SEO plugin v24.9 - https:\/\/yoast.com\/wordpress\/plugins\/seo\/ -->\n<title>Dobbel Mangersnes p\u00e5 Mostun - Rogaland<\/title>\n<meta name=\"robots\" content=\"index, follow, max-snippet:-1, max-image-preview:large, max-video-preview:-1\" \/>\n<link rel=\"canonical\" href=\"https:\/\/naturvernforbundet.no\/rogaland\/dobbel-mangersnes-pa-mostun\/\" \/>\n<meta property=\"og:locale\" content=\"nb_NO\" \/>\n<meta property=\"og:type\" content=\"article\" \/>\n<meta property=\"og:title\" content=\"Dobbel Mangersnes p\u00e5 Mostun - Rogaland\" \/>\n<meta property=\"og:description\" content=\"Bilder fra Mosvatnet og film fra J\u00e6rkysten vises n\u00e5 p\u00e5 Mostun natursenter. Stikk innom senteret p\u00e5 s\u00f8ndag og se opptakene som er gjort av den prisbel\u00f8nte naturfotografen fra Stavanger, Roy Mangersnes.\" \/>\n<meta property=\"og:url\" content=\"https:\/\/naturvernforbundet.no\/rogaland\/dobbel-mangersnes-pa-mostun\/\" \/>\n<meta property=\"og:site_name\" content=\"Rogaland\" \/>\n<meta property=\"article:published_time\" content=\"2014-03-04T07:52:00+00:00\" \/>\n<meta property=\"og:image\" content=\"https:\/\/naturvernforbundet.no\/content\/uploads\/sites\/16\/2014\/03\/Skjermbilde20skarv.PNG2028articledisplay29.png\" \/>\n\t<meta property=\"og:image:width\" content=\"653\" \/>\n\t<meta property=\"og:image:height\" content=\"475\" \/>\n\t<meta property=\"og:image:type\" content=\"image\/png\" \/>\n<meta name=\"author\" content=\"Erik Thoring\" \/>\n<meta name=\"twitter:card\" content=\"summary_large_image\" \/>\n<meta name=\"twitter:label1\" content=\"Skrevet av\" \/>\n\t<meta name=\"twitter:data1\" content=\"Erik Thoring\" \/>\n\t<meta name=\"twitter:label2\" content=\"Ansl. lesetid\" \/>\n\t<meta name=\"twitter:data2\" content=\"1 minutt\" \/>\n<script type=\"application\/ld+json\" class=\"yoast-schema-graph\">{\"@context\":\"https:\/\/schema.org\",\"@graph\":[{\"@type\":\"WebPage\",\"@id\":\"https:\/\/naturvernforbundet.no\/rogaland\/dobbel-mangersnes-pa-mostun\/\",\"url\":\"https:\/\/naturvernforbundet.no\/rogaland\/dobbel-mangersnes-pa-mostun\/\",\"name\":\"Dobbel Mangersnes p\u00e5 Mostun - Rogaland\",\"isPartOf\":{\"@id\":\"https:\/\/naturvernforbundet.no\/rogaland\/#website\"},\"primaryImageOfPage\":{\"@id\":\"https:\/\/naturvernforbundet.no\/rogaland\/dobbel-mangersnes-pa-mostun\/#primaryimage\"},\"image\":{\"@id\":\"https:\/\/naturvernforbundet.no\/rogaland\/dobbel-mangersnes-pa-mostun\/#primaryimage\"},\"thumbnailUrl\":\"https:\/\/naturvernforbundet.no\/content\/uploads\/sites\/16\/2014\/03\/Skjermbilde20skarv.PNG2028articledisplay29.png\",\"datePublished\":\"2014-03-04T07:52:00+00:00\",\"author\":{\"@id\":\"https:\/\/naturvernforbundet.no\/rogaland\/#\/schema\/person\/97abad7d4d3577b542503235edaabba2\"},\"breadcrumb\":{\"@id\":\"https:\/\/naturvernforbundet.no\/rogaland\/dobbel-mangersnes-pa-mostun\/#breadcrumb\"},\"inLanguage\":\"nb-NO\",\"potentialAction\":[{\"@type\":\"ReadAction\",\"target\":[\"https:\/\/naturvernforbundet.no\/rogaland\/dobbel-mangersnes-pa-mostun\/\"]}]},{\"@type\":\"ImageObject\",\"inLanguage\":\"nb-NO\",\"@id\":\"https:\/\/naturvernforbundet.no\/rogaland\/dobbel-mangersnes-pa-mostun\/#primaryimage\",\"url\":\"https:\/\/naturvernforbundet.no\/content\/uploads\/sites\/16\/2014\/03\/Skjermbilde20skarv.PNG2028articledisplay29.png\",\"contentUrl\":\"https:\/\/naturvernforbundet.no\/content\/uploads\/sites\/16\/2014\/03\/Skjermbilde20skarv.PNG2028articledisplay29.png\",\"width\":653,\"height\":475},{\"@type\":\"BreadcrumbList\",\"@id\":\"https:\/\/naturvernforbundet.no\/rogaland\/dobbel-mangersnes-pa-mostun\/#breadcrumb\",\"itemListElement\":[{\"@type\":\"ListItem\",\"position\":1,\"name\":\"Till naturvernforbundet.no\",\"item\":\"https:\/\/naturvernforbundet.no\/\"},{\"@type\":\"ListItem\",\"position\":2,\"name\":\"Rogaland\",\"item\":\"https:\/\/naturvernforbundet.no\/rogaland\/\"},{\"@type\":\"ListItem\",\"position\":3,\"name\":\"Dobbel Mangersnes p\u00e5 Mostun\"}]},{\"@type\":\"WebSite\",\"@id\":\"https:\/\/naturvernforbundet.no\/rogaland\/#website\",\"url\":\"https:\/\/naturvernforbundet.no\/rogaland\/\",\"name\":\"Rogaland\",\"description\":\"Bare enda et Naturvernforbundet Sites-nettsted\",\"potentialAction\":[{\"@type\":\"SearchAction\",\"target\":{\"@type\":\"EntryPoint\",\"urlTemplate\":\"https:\/\/naturvernforbundet.no\/rogaland\/?s={search_term_string}\"},\"query-input\":{\"@type\":\"PropertyValueSpecification\",\"valueRequired\":true,\"valueName\":\"search_term_string\"}}],\"inLanguage\":\"nb-NO\"},{\"@type\":\"Person\",\"@id\":\"https:\/\/naturvernforbundet.no\/rogaland\/#\/schema\/person\/97abad7d4d3577b542503235edaabba2\",\"name\":\"Erik Thoring\",\"image\":{\"@type\":\"ImageObject\",\"inLanguage\":\"nb-NO\",\"@id\":\"https:\/\/naturvernforbundet.no\/rogaland\/#\/schema\/person\/image\/\",\"url\":\"https:\/\/secure.gravatar.com\/avatar\/18472085169d11121a1544fda1655370?s=96&d=mm&r=g\",\"contentUrl\":\"https:\/\/secure.gravatar.com\/avatar\/18472085169d11121a1544fda1655370?s=96&d=mm&r=g\",\"caption\":\"Erik Thoring\"},\"url\":\"https:\/\/naturvernforbundet.no\/rogaland\/author\/erikthoring\/\"}]}<\/script>\n<!-- \/ Yoast SEO plugin. -->","yoast_head_json":{"title":"Dobbel Mangersnes p\u00e5 Mostun - Rogaland","robots":{"index":"index","follow":"follow","max-snippet":"max-snippet:-1","max-image-preview":"max-image-preview:large","max-video-preview":"max-video-preview:-1"},"canonical":"https:\/\/naturvernforbundet.no\/rogaland\/dobbel-mangersnes-pa-mostun\/","og_locale":"nb_NO","og_type":"article","og_title":"Dobbel Mangersnes p\u00e5 Mostun - Rogaland","og_description":"Bilder fra Mosvatnet og film fra J\u00e6rkysten vises n\u00e5 p\u00e5 Mostun natursenter. Stikk innom senteret p\u00e5 s\u00f8ndag og se opptakene som er gjort av den prisbel\u00f8nte naturfotografen fra Stavanger, Roy Mangersnes.","og_url":"https:\/\/naturvernforbundet.no\/rogaland\/dobbel-mangersnes-pa-mostun\/","og_site_name":"Rogaland","article_published_time":"2014-03-04T07:52:00+00:00","og_image":[{"width":653,"height":475,"url":"https:\/\/naturvernforbundet.no\/content\/uploads\/sites\/16\/2014\/03\/Skjermbilde20skarv.PNG2028articledisplay29.png","type":"image\/png"}],"author":"Erik Thoring","twitter_card":"summary_large_image","twitter_misc":{"Skrevet av":"Erik Thoring","Ansl. lesetid":"1 minutt"},"schema":{"@context":"https:\/\/schema.org","@graph":[{"@type":"WebPage","@id":"https:\/\/naturvernforbundet.no\/rogaland\/dobbel-mangersnes-pa-mostun\/","url":"https:\/\/naturvernforbundet.no\/rogaland\/dobbel-mangersnes-pa-mostun\/","name":"Dobbel Mangersnes p\u00e5 Mostun - Rogaland","isPartOf":{"@id":"https:\/\/naturvernforbundet.no\/rogaland\/#website"},"primaryImageOfPage":{"@id":"https:\/\/naturvernforbundet.no\/rogaland\/dobbel-mangersnes-pa-mostun\/#primaryimage"},"image":{"@id":"https:\/\/naturvernforbundet.no\/rogaland\/dobbel-mangersnes-pa-mostun\/#primaryimage"},"thumbnailUrl":"https:\/\/naturvernforbundet.no\/content\/uploads\/sites\/16\/2014\/03\/Skjermbilde20skarv.PNG2028articledisplay29.png","datePublished":"2014-03-04T07:52:00+00:00","author":{"@id":"https:\/\/naturvernforbundet.no\/rogaland\/#\/schema\/person\/97abad7d4d3577b542503235edaabba2"},"breadcrumb":{"@id":"https:\/\/naturvernforbundet.no\/rogaland\/dobbel-mangersnes-pa-mostun\/#breadcrumb"},"inLanguage":"nb-NO","potentialAction":[{"@type":"ReadAction","target":["https:\/\/naturvernforbundet.no\/rogaland\/dobbel-mangersnes-pa-mostun\/"]}]},{"@type":"ImageObject","inLanguage":"nb-NO","@id":"https:\/\/naturvernforbundet.no\/rogaland\/dobbel-mangersnes-pa-mostun\/#primaryimage","url":"https:\/\/naturvernforbundet.no\/content\/uploads\/sites\/16\/2014\/03\/Skjermbilde20skarv.PNG2028articledisplay29.png","contentUrl":"https:\/\/naturvernforbundet.no\/content\/uploads\/sites\/16\/2014\/03\/Skjermbilde20skarv.PNG2028articledisplay29.png","width":653,"height":475},{"@type":"BreadcrumbList","@id":"https:\/\/naturvernforbundet.no\/rogaland\/dobbel-mangersnes-pa-mostun\/#breadcrumb","itemListElement":[{"@type":"ListItem","position":1,"name":"Till naturvernforbundet.no","item":"https:\/\/naturvernforbundet.no\/"},{"@type":"ListItem","position":2,"name":"Rogaland","item":"https:\/\/naturvernforbundet.no\/rogaland\/"},{"@type":"ListItem","position":3,"name":"Dobbel Mangersnes p\u00e5 Mostun"}]},{"@type":"WebSite","@id":"https:\/\/naturvernforbundet.no\/rogaland\/#website","url":"https:\/\/naturvernforbundet.no\/rogaland\/","name":"Rogaland","description":"Bare enda et Naturvernforbundet Sites-nettsted","potentialAction":[{"@type":"SearchAction","target":{"@type":"EntryPoint","urlTemplate":"https:\/\/naturvernforbundet.no\/rogaland\/?s={search_term_string}"},"query-input":{"@type":"PropertyValueSpecification","valueRequired":true,"valueName":"search_term_string"}}],"inLanguage":"nb-NO"},{"@type":"Person","@id":"https:\/\/naturvernforbundet.no\/rogaland\/#\/schema\/person\/97abad7d4d3577b542503235edaabba2","name":"Erik Thoring","image":{"@type":"ImageObject","inLanguage":"nb-NO","@id":"https:\/\/naturvernforbundet.no\/rogaland\/#\/schema\/person\/image\/","url":"https:\/\/secure.gravatar.com\/avatar\/18472085169d11121a1544fda1655370?s=96&d=mm&r=g","contentUrl":"https:\/\/secure.gravatar.com\/avatar\/18472085169d11121a1544fda1655370?s=96&d=mm&r=g","caption":"Erik Thoring"},"url":"https:\/\/naturvernforbundet.no\/rogaland\/author\/erikthoring\/"}]}},"_links":{"self":[{"href":"https:\/\/naturvernforbundet.no\/rogaland\/wp-json\/wp\/v2\/posts\/121","targetHints":{"allow":["GET"]}}],"collection":[{"href":"https:\/\/naturvernforbundet.no\/rogaland\/wp-json\/wp\/v2\/posts"}],"about":[{"href":"https:\/\/naturvernforbundet.no\/rogaland\/wp-json\/wp\/v2\/types\/post"}],"author":[{"embeddable":true,"href":"https:\/\/naturvernforbundet.no\/rogaland\/wp-json\/wp\/v2\/users\/76"}],"replies":[{"embeddable":true,"href":"https:\/\/naturvernforbundet.no\/rogaland\/wp-json\/wp\/v2\/comments?post=121"}],"version-history":[{"count":0,"href":"https:\/\/naturvernforbundet.no\/rogaland\/wp-json\/wp\/v2\/posts\/121\/revisions"}],"wp:featuredmedia":[{"embeddable":true,"href":"https:\/\/naturvernforbundet.no\/rogaland\/wp-json\/wp\/v2\/media\/122"}],"wp:attachment":[{"href":"https:\/\/naturvernforbundet.no\/rogaland\/wp-json\/wp\/v2\/media?parent=121"}],"wp:term":[{"taxonomy":"category","embeddable":true,"href":"https:\/\/naturvernforbundet.no\/rogaland\/wp-json\/wp\/v2\/categories?post=121"},{"taxonomy":"post_tag","embeddable":true,"href":"https:\/\/naturvernforbundet.no\/rogaland\/wp-json\/wp\/v2\/tags?post=121"},{"taxonomy":"local","embeddable":true,"href":"https:\/\/naturvernforbundet.no\/rogaland\/wp-json\/wp\/v2\/local?post=121"}],"curies":[{"name":"wp","href":"https:\/\/api.w.org\/{rel}","templated":true}]}}