{"id":151,"date":"2014-01-30T15:47:47","date_gmt":"2014-01-30T14:47:47","guid":{"rendered":"https:\/\/naturvernforbundet.no\/rogaland\/verdens-vatmarksdag-pa-sondag\/"},"modified":"2014-01-30T15:47:47","modified_gmt":"2014-01-30T14:47:47","slug":"verdens-vatmarksdag-pa-sondag","status":"publish","type":"post","link":"https:\/\/naturvernforbundet.no\/rogaland\/verdens-vatmarksdag-pa-sondag\/","title":{"rendered":"Verdens v\u00e5tmarksdag p\u00e5 s\u00f8ndag"},"content":{"rendered":"\t<div class=\"template-post alignfull wp-block-naturvern-hero\">\n\t\t<div class=\"hero__inner\">\n\t\t\t<div class=\"hero__inner_blocks\">\n\t\t\t\t\t\t\t\t\n\t\t\t\t\t<h1 class=\"wp-block-post-title\">Verdens v\u00e5tmarksdag p\u00e5 s\u00f8ndag<\/h1>\n\n\t\t\t\t\t<div class=\"wp-block-post-excerpt\"><p class=\"wp-block-post-excerpt__excerpt\">S\u00f8ndag 2. februar 12.00-15.00 markerer vi Verdens v\u00e5tmarksdag p\u00e5 Mostun natursenter. Da er dere alle velkomne p\u00e5 utend\u00f8rs v\u00e5tmarksutstilling med quiz, gratis b\u00e5lkokt v\u00e5tmarkssuppe og fuglebingo for store og sm\u00e5. <\/p><\/div>\n\n\t\t\t\t\t<figure class=\"wp-block-post-featured-image\"><div class=\"t2-image-credit\"><div class=\"t2-image-credit\"><img loading=\"lazy\" decoding=\"async\" width=\"653\" height=\"326\" src=\"https:\/\/naturvernforbundet.no\/content\/uploads\/sites\/16\/2014\/01\/JC3A6rvadere20-20Roy20Mangersnes.jpeg2028articledisplay29.jpe\" class=\"attachment-post-thumbnail size-post-thumbnail wp-post-image\" alt=\"\" style=\"object-fit:cover;\" srcset=\"https:\/\/naturvernforbundet.no\/content\/uploads\/sites\/16\/2014\/01\/JC3A6rvadere20-20Roy20Mangersnes.jpeg2028articledisplay29.jpe 653w, https:\/\/naturvernforbundet.no\/content\/uploads\/sites\/16\/2014\/01\/JC3A6rvadere20-20Roy20Mangersnes.jpeg2028articledisplay29-300x150.jpe 300w\" sizes=\"auto, (max-width: 653px) 100vw, 653px\" \/><span class=\"t2-image-credit-name\">Roy Mangersnes<\/span><\/div><span class=\"t2-image-credit-name\">Roy Mangersnes<\/span><\/div><\/figure>\n\n\t\t\t\t\t<div class=\"wp-block-naturvern-byline\">\n\t\t\t<div class=\"authors\">By <span class=\"t2-byline__author-link\">Toril Hasle<\/span><\/div>\n\t\t\t<small class=\"entry-date\">30.01.2014 15:47<\/small>\n\t\t<\/div>\n\t\t\t\t\t\t\t\t<\/div>\n\t\t\t\t\t<\/div>\n\t\t\t<\/div>\n\t\n<p>V\u00e5tmarkene h\u00f8rer til de mest trua naturtypane vi har. Fra den industrielle revolusjon og fram til i dag har omtrent halvparten av verdens v\u00e5tmarker blitt \u00f8delagte. De har s\u00e6rlig blitt ofret til fordel for utbygging, utfylling og oppdyrking.&nbsp;<\/p>\n\n\n\n<p>Verden v\u00e5tmarksdag markeres hvert \u00e5r den 2. februar. P\u00e5 denne dagen ble den internasjonale v\u00e5tmarkskonvensjonen (Ramsarkonvensjonen) etablert i den Iranske byen Ramsar. Fra opprinnelig \u00e5 konsentrere seg om \u00e5 ivareta v\u00e5tmarker som leveomr\u00e5de for vannfugler, omfatter konvensjonen i dag ivaretakelse av v\u00e5tmarker i bred forstand; b\u00e5de som leveomr\u00e5der for flora og fauna, og som viktig naturressurs for mennesker.<\/p>\n\n\n\n<p>Kom til Mostun natursenter og bli med p\u00e5 markeringen av dagen!&nbsp;I tillegg til utend\u00f8rsaktivitetene blir det vanlig s\u00f8ndagskaf\u00e9 med \u00f8kologiske vafler, kaffe og saft. Naturvernbutikken vil ogs\u00e5 v\u00e6re \u00e5pen. Arrangementet, inkludert v\u00e5tmarkssuppa, er gratis. Men husk kontanter til kafe\u00e9n og naturvernbutikken, vi tar dessverre ikke kort.<\/p>\n\n\n\n<p>Dagen arrangeres av Fylkesmannen i Rogaland, Naturvernforbundet i Rogaland og J\u00e6ren v\u00e5tmarkssenter.<\/p>\n\n\n\n<p>Velkomne skal dere v\u00e6re!<\/p>\n","protected":false},"excerpt":{"rendered":"<p>S\u00f8ndag 2. februar 12.00-15.00 markerer vi Verdens v\u00e5tmarksdag p\u00e5 Mostun natursenter. Da er dere alle velkomne p\u00e5 utend\u00f8rs v\u00e5tmarksutstilling med quiz, gratis b\u00e5lkokt v\u00e5tmarkssuppe og fuglebingo for store og sm\u00e5.<\/p>\n","protected":false},"author":242,"featured_media":152,"comment_status":"closed","ping_status":"closed","sticky":false,"template":"","format":"standard","meta":{"_relevanssi_hide_post":"","_relevanssi_hide_content":"","_relevanssi_pin_for_all":"","_relevanssi_pin_keywords":"","_relevanssi_unpin_keywords":"","_relevanssi_related_keywords":"","_relevanssi_related_include_ids":"","_relevanssi_related_exclude_ids":"","_relevanssi_related_no_append":"","_relevanssi_related_not_related":"","_relevanssi_related_posts":"","_relevanssi_noindex_reason":"","hide_logo":false,"footnotes":""},"categories":[10],"tags":[],"local":[],"class_list":["post-151","post","type-post","status-publish","format-standard","has-post-thumbnail","hentry","category-mostun"],"acf":[],"yoast_head":"<!-- This site is optimized with the Yoast SEO plugin v24.9 - https:\/\/yoast.com\/wordpress\/plugins\/seo\/ -->\n<title>Verdens v\u00e5tmarksdag p\u00e5 s\u00f8ndag - Rogaland<\/title>\n<meta name=\"robots\" content=\"index, follow, max-snippet:-1, max-image-preview:large, max-video-preview:-1\" \/>\n<link rel=\"canonical\" href=\"https:\/\/naturvernforbundet.no\/rogaland\/verdens-vatmarksdag-pa-sondag\/\" \/>\n<meta property=\"og:locale\" content=\"nb_NO\" \/>\n<meta property=\"og:type\" content=\"article\" \/>\n<meta property=\"og:title\" content=\"Verdens v\u00e5tmarksdag p\u00e5 s\u00f8ndag - Rogaland\" \/>\n<meta property=\"og:description\" content=\"S\u00f8ndag 2. februar 12.00-15.00 markerer vi Verdens v\u00e5tmarksdag p\u00e5 Mostun natursenter. Da er dere alle velkomne p\u00e5 utend\u00f8rs v\u00e5tmarksutstilling med quiz, gratis b\u00e5lkokt v\u00e5tmarkssuppe og fuglebingo for store og sm\u00e5.\" \/>\n<meta property=\"og:url\" content=\"https:\/\/naturvernforbundet.no\/rogaland\/verdens-vatmarksdag-pa-sondag\/\" \/>\n<meta property=\"og:site_name\" content=\"Rogaland\" \/>\n<meta property=\"article:published_time\" content=\"2014-01-30T14:47:47+00:00\" \/>\n<meta property=\"og:image\" content=\"https:\/\/naturvernforbundet.no\/content\/uploads\/sites\/16\/2014\/01\/JC3A6rvadere20-20Roy20Mangersnes.jpeg2028articledisplay29.jpe\" \/>\n\t<meta property=\"og:image:width\" content=\"653\" \/>\n\t<meta property=\"og:image:height\" content=\"326\" \/>\n\t<meta property=\"og:image:type\" content=\"image\/jpeg\" \/>\n<meta name=\"author\" content=\"Toril Hasle\" \/>\n<meta name=\"twitter:card\" content=\"summary_large_image\" \/>\n<meta name=\"twitter:label1\" content=\"Skrevet av\" \/>\n\t<meta name=\"twitter:data1\" content=\"Toril Hasle\" \/>\n\t<meta name=\"twitter:label2\" content=\"Ansl. lesetid\" \/>\n\t<meta name=\"twitter:data2\" content=\"1 minutt\" \/>\n<script type=\"application\/ld+json\" class=\"yoast-schema-graph\">{\"@context\":\"https:\/\/schema.org\",\"@graph\":[{\"@type\":\"WebPage\",\"@id\":\"https:\/\/naturvernforbundet.no\/rogaland\/verdens-vatmarksdag-pa-sondag\/\",\"url\":\"https:\/\/naturvernforbundet.no\/rogaland\/verdens-vatmarksdag-pa-sondag\/\",\"name\":\"Verdens v\u00e5tmarksdag p\u00e5 s\u00f8ndag - Rogaland\",\"isPartOf\":{\"@id\":\"https:\/\/naturvernforbundet.no\/rogaland\/#website\"},\"primaryImageOfPage\":{\"@id\":\"https:\/\/naturvernforbundet.no\/rogaland\/verdens-vatmarksdag-pa-sondag\/#primaryimage\"},\"image\":{\"@id\":\"https:\/\/naturvernforbundet.no\/rogaland\/verdens-vatmarksdag-pa-sondag\/#primaryimage\"},\"thumbnailUrl\":\"https:\/\/naturvernforbundet.no\/content\/uploads\/sites\/16\/2014\/01\/JC3A6rvadere20-20Roy20Mangersnes.jpeg2028articledisplay29.jpe\",\"datePublished\":\"2014-01-30T14:47:47+00:00\",\"author\":{\"@id\":\"https:\/\/naturvernforbundet.no\/rogaland\/#\/schema\/person\/449e485ed59f3273099b8377b977a681\"},\"breadcrumb\":{\"@id\":\"https:\/\/naturvernforbundet.no\/rogaland\/verdens-vatmarksdag-pa-sondag\/#breadcrumb\"},\"inLanguage\":\"nb-NO\",\"potentialAction\":[{\"@type\":\"ReadAction\",\"target\":[\"https:\/\/naturvernforbundet.no\/rogaland\/verdens-vatmarksdag-pa-sondag\/\"]}]},{\"@type\":\"ImageObject\",\"inLanguage\":\"nb-NO\",\"@id\":\"https:\/\/naturvernforbundet.no\/rogaland\/verdens-vatmarksdag-pa-sondag\/#primaryimage\",\"url\":\"https:\/\/naturvernforbundet.no\/content\/uploads\/sites\/16\/2014\/01\/JC3A6rvadere20-20Roy20Mangersnes.jpeg2028articledisplay29.jpe\",\"contentUrl\":\"https:\/\/naturvernforbundet.no\/content\/uploads\/sites\/16\/2014\/01\/JC3A6rvadere20-20Roy20Mangersnes.jpeg2028articledisplay29.jpe\",\"width\":653,\"height\":326},{\"@type\":\"BreadcrumbList\",\"@id\":\"https:\/\/naturvernforbundet.no\/rogaland\/verdens-vatmarksdag-pa-sondag\/#breadcrumb\",\"itemListElement\":[{\"@type\":\"ListItem\",\"position\":1,\"name\":\"Till naturvernforbundet.no\",\"item\":\"https:\/\/naturvernforbundet.no\/\"},{\"@type\":\"ListItem\",\"position\":2,\"name\":\"Rogaland\",\"item\":\"https:\/\/naturvernforbundet.no\/rogaland\/\"},{\"@type\":\"ListItem\",\"position\":3,\"name\":\"Verdens v\u00e5tmarksdag p\u00e5 s\u00f8ndag\"}]},{\"@type\":\"WebSite\",\"@id\":\"https:\/\/naturvernforbundet.no\/rogaland\/#website\",\"url\":\"https:\/\/naturvernforbundet.no\/rogaland\/\",\"name\":\"Rogaland\",\"description\":\"Bare enda et Naturvernforbundet Sites-nettsted\",\"potentialAction\":[{\"@type\":\"SearchAction\",\"target\":{\"@type\":\"EntryPoint\",\"urlTemplate\":\"https:\/\/naturvernforbundet.no\/rogaland\/?s={search_term_string}\"},\"query-input\":{\"@type\":\"PropertyValueSpecification\",\"valueRequired\":true,\"valueName\":\"search_term_string\"}}],\"inLanguage\":\"nb-NO\"},{\"@type\":\"Person\",\"@id\":\"https:\/\/naturvernforbundet.no\/rogaland\/#\/schema\/person\/449e485ed59f3273099b8377b977a681\",\"name\":\"Toril Hasle\",\"image\":{\"@type\":\"ImageObject\",\"inLanguage\":\"nb-NO\",\"@id\":\"https:\/\/naturvernforbundet.no\/rogaland\/#\/schema\/person\/image\/\",\"url\":\"https:\/\/secure.gravatar.com\/avatar\/9b9adb3af08ae3a382c9b6d5663f5198?s=96&d=mm&r=g\",\"contentUrl\":\"https:\/\/secure.gravatar.com\/avatar\/9b9adb3af08ae3a382c9b6d5663f5198?s=96&d=mm&r=g\",\"caption\":\"Toril Hasle\"},\"url\":\"https:\/\/naturvernforbundet.no\/rogaland\/author\/torilhasle\/\"}]}<\/script>\n<!-- \/ Yoast SEO plugin. -->","yoast_head_json":{"title":"Verdens v\u00e5tmarksdag p\u00e5 s\u00f8ndag - Rogaland","robots":{"index":"index","follow":"follow","max-snippet":"max-snippet:-1","max-image-preview":"max-image-preview:large","max-video-preview":"max-video-preview:-1"},"canonical":"https:\/\/naturvernforbundet.no\/rogaland\/verdens-vatmarksdag-pa-sondag\/","og_locale":"nb_NO","og_type":"article","og_title":"Verdens v\u00e5tmarksdag p\u00e5 s\u00f8ndag - Rogaland","og_description":"S\u00f8ndag 2. februar 12.00-15.00 markerer vi Verdens v\u00e5tmarksdag p\u00e5 Mostun natursenter. Da er dere alle velkomne p\u00e5 utend\u00f8rs v\u00e5tmarksutstilling med quiz, gratis b\u00e5lkokt v\u00e5tmarkssuppe og fuglebingo for store og sm\u00e5.","og_url":"https:\/\/naturvernforbundet.no\/rogaland\/verdens-vatmarksdag-pa-sondag\/","og_site_name":"Rogaland","article_published_time":"2014-01-30T14:47:47+00:00","og_image":[{"width":653,"height":326,"url":"https:\/\/naturvernforbundet.no\/content\/uploads\/sites\/16\/2014\/01\/JC3A6rvadere20-20Roy20Mangersnes.jpeg2028articledisplay29.jpe","type":"image\/jpeg"}],"author":"Toril Hasle","twitter_card":"summary_large_image","twitter_misc":{"Skrevet av":"Toril Hasle","Ansl. lesetid":"1 minutt"},"schema":{"@context":"https:\/\/schema.org","@graph":[{"@type":"WebPage","@id":"https:\/\/naturvernforbundet.no\/rogaland\/verdens-vatmarksdag-pa-sondag\/","url":"https:\/\/naturvernforbundet.no\/rogaland\/verdens-vatmarksdag-pa-sondag\/","name":"Verdens v\u00e5tmarksdag p\u00e5 s\u00f8ndag - Rogaland","isPartOf":{"@id":"https:\/\/naturvernforbundet.no\/rogaland\/#website"},"primaryImageOfPage":{"@id":"https:\/\/naturvernforbundet.no\/rogaland\/verdens-vatmarksdag-pa-sondag\/#primaryimage"},"image":{"@id":"https:\/\/naturvernforbundet.no\/rogaland\/verdens-vatmarksdag-pa-sondag\/#primaryimage"},"thumbnailUrl":"https:\/\/naturvernforbundet.no\/content\/uploads\/sites\/16\/2014\/01\/JC3A6rvadere20-20Roy20Mangersnes.jpeg2028articledisplay29.jpe","datePublished":"2014-01-30T14:47:47+00:00","author":{"@id":"https:\/\/naturvernforbundet.no\/rogaland\/#\/schema\/person\/449e485ed59f3273099b8377b977a681"},"breadcrumb":{"@id":"https:\/\/naturvernforbundet.no\/rogaland\/verdens-vatmarksdag-pa-sondag\/#breadcrumb"},"inLanguage":"nb-NO","potentialAction":[{"@type":"ReadAction","target":["https:\/\/naturvernforbundet.no\/rogaland\/verdens-vatmarksdag-pa-sondag\/"]}]},{"@type":"ImageObject","inLanguage":"nb-NO","@id":"https:\/\/naturvernforbundet.no\/rogaland\/verdens-vatmarksdag-pa-sondag\/#primaryimage","url":"https:\/\/naturvernforbundet.no\/content\/uploads\/sites\/16\/2014\/01\/JC3A6rvadere20-20Roy20Mangersnes.jpeg2028articledisplay29.jpe","contentUrl":"https:\/\/naturvernforbundet.no\/content\/uploads\/sites\/16\/2014\/01\/JC3A6rvadere20-20Roy20Mangersnes.jpeg2028articledisplay29.jpe","width":653,"height":326},{"@type":"BreadcrumbList","@id":"https:\/\/naturvernforbundet.no\/rogaland\/verdens-vatmarksdag-pa-sondag\/#breadcrumb","itemListElement":[{"@type":"ListItem","position":1,"name":"Till naturvernforbundet.no","item":"https:\/\/naturvernforbundet.no\/"},{"@type":"ListItem","position":2,"name":"Rogaland","item":"https:\/\/naturvernforbundet.no\/rogaland\/"},{"@type":"ListItem","position":3,"name":"Verdens v\u00e5tmarksdag p\u00e5 s\u00f8ndag"}]},{"@type":"WebSite","@id":"https:\/\/naturvernforbundet.no\/rogaland\/#website","url":"https:\/\/naturvernforbundet.no\/rogaland\/","name":"Rogaland","description":"Bare enda et Naturvernforbundet Sites-nettsted","potentialAction":[{"@type":"SearchAction","target":{"@type":"EntryPoint","urlTemplate":"https:\/\/naturvernforbundet.no\/rogaland\/?s={search_term_string}"},"query-input":{"@type":"PropertyValueSpecification","valueRequired":true,"valueName":"search_term_string"}}],"inLanguage":"nb-NO"},{"@type":"Person","@id":"https:\/\/naturvernforbundet.no\/rogaland\/#\/schema\/person\/449e485ed59f3273099b8377b977a681","name":"Toril Hasle","image":{"@type":"ImageObject","inLanguage":"nb-NO","@id":"https:\/\/naturvernforbundet.no\/rogaland\/#\/schema\/person\/image\/","url":"https:\/\/secure.gravatar.com\/avatar\/9b9adb3af08ae3a382c9b6d5663f5198?s=96&d=mm&r=g","contentUrl":"https:\/\/secure.gravatar.com\/avatar\/9b9adb3af08ae3a382c9b6d5663f5198?s=96&d=mm&r=g","caption":"Toril Hasle"},"url":"https:\/\/naturvernforbundet.no\/rogaland\/author\/torilhasle\/"}]}},"_links":{"self":[{"href":"https:\/\/naturvernforbundet.no\/rogaland\/wp-json\/wp\/v2\/posts\/151","targetHints":{"allow":["GET"]}}],"collection":[{"href":"https:\/\/naturvernforbundet.no\/rogaland\/wp-json\/wp\/v2\/posts"}],"about":[{"href":"https:\/\/naturvernforbundet.no\/rogaland\/wp-json\/wp\/v2\/types\/post"}],"author":[{"embeddable":true,"href":"https:\/\/naturvernforbundet.no\/rogaland\/wp-json\/wp\/v2\/users\/242"}],"replies":[{"embeddable":true,"href":"https:\/\/naturvernforbundet.no\/rogaland\/wp-json\/wp\/v2\/comments?post=151"}],"version-history":[{"count":0,"href":"https:\/\/naturvernforbundet.no\/rogaland\/wp-json\/wp\/v2\/posts\/151\/revisions"}],"wp:featuredmedia":[{"embeddable":true,"href":"https:\/\/naturvernforbundet.no\/rogaland\/wp-json\/wp\/v2\/media\/152"}],"wp:attachment":[{"href":"https:\/\/naturvernforbundet.no\/rogaland\/wp-json\/wp\/v2\/media?parent=151"}],"wp:term":[{"taxonomy":"category","embeddable":true,"href":"https:\/\/naturvernforbundet.no\/rogaland\/wp-json\/wp\/v2\/categories?post=151"},{"taxonomy":"post_tag","embeddable":true,"href":"https:\/\/naturvernforbundet.no\/rogaland\/wp-json\/wp\/v2\/tags?post=151"},{"taxonomy":"local","embeddable":true,"href":"https:\/\/naturvernforbundet.no\/rogaland\/wp-json\/wp\/v2\/local?post=151"}],"curies":[{"name":"wp","href":"https:\/\/api.w.org\/{rel}","templated":true}]}}