{"id":1609,"date":"2013-09-17T13:48:43","date_gmt":"2013-09-17T11:48:43","guid":{"rendered":"https:\/\/naturvernforbundet.no\/rogaland\/aktivitetsdag-pa-tvers-av-generasjoner-rundt-mosvatnet\/"},"modified":"2013-09-17T13:48:43","modified_gmt":"2013-09-17T11:48:43","slug":"aktivitetsdag-pa-tvers-av-generasjoner-rundt-mosvatnet","status":"publish","type":"post","link":"https:\/\/naturvernforbundet.no\/rogaland\/aktivitetsdag-pa-tvers-av-generasjoner-rundt-mosvatnet\/","title":{"rendered":"Aktivitetsdag &#8211; p\u00e5 tvers av generasjoner rundt Mosvatnet"},"content":{"rendered":"\t<div class=\"template-post alignfull wp-block-naturvern-hero\">\n\t\t<div class=\"hero__inner\">\n\t\t\t<div class=\"hero__inner_blocks\">\n\t\t\t\t\t\t\t\t\n\t\t\t\t\t<h1 class=\"wp-block-post-title\">Aktivitetsdag &#8211; p\u00e5 tvers av generasjoner rundt Mosvatnet<\/h1>\n\n\t\t\t\t\t<div class=\"wp-block-post-excerpt\"><p class=\"wp-block-post-excerpt__excerpt\">Kom innom Mostun natursenter p\u00e5 aktivitetsdagen s\u00f8ndag 29.september &#8211; \u00e5 f\u00e5 servert byens beste og eneste \u00f8kologiske vafler! <\/p><\/div>\n\n\t\t\t\t\t<figure class=\"wp-block-post-featured-image\"><img loading=\"lazy\" decoding=\"async\" width=\"500\" height=\"335\" src=\"https:\/\/naturvernforbundet.no\/content\/uploads\/sites\/16\/2013\/09\/IF_sized.jpg\" class=\"attachment-post-thumbnail size-post-thumbnail wp-post-image\" alt=\"\" style=\"object-fit:cover;\" srcset=\"https:\/\/naturvernforbundet.no\/content\/uploads\/sites\/16\/2013\/09\/IF_sized.jpg 500w, https:\/\/naturvernforbundet.no\/content\/uploads\/sites\/16\/2013\/09\/IF_sized-300x201.jpg 300w\" sizes=\"auto, (max-width: 500px) 100vw, 500px\" \/><\/figure>\n\n\t\t\t\t\t<div class=\"wp-block-naturvern-byline\">\n\t\t\t<div class=\"authors\">By <span class=\"t2-byline__author-link\">Erik Thoring<\/span><\/div>\n\t\t\t<small class=\"entry-date\">17.09.2013 13:48<\/small>\n\t\t<\/div>\n\t\t\t\t\t\t\t\t<\/div>\n\t\t\t\t\t<\/div>\n\t\t\t<\/div>\n\t\n<p>\n\tVi inviterer seniorer, barn og voksne til en spesiell aktivitetsdag ved Mosvatnet. G\u00e5 i eget tempo og start hvor som helst rundt vannet. Snart kommer dere til en av de syv postene med leker fra gamle dager, n\u00e6rkontakt med den rike naturen rundt vannet og historiske glimt. Mange spennende og ulike aktiviteter, og s\u00e5 her er det bare \u00e5 bli med! En perfekt tur \u00e5 ta med barnebarna, nabobarna og venner.<\/p>\n\n\n\n<p>\n\t<strong>Dato: S\u00f8ndag 29.september<\/strong><\/p>\n\n\n\n<p>\n\t<strong>Tid: 12.00 &#8211; 15.00<\/strong><\/p>\n\n\n\n<p>\n\t<strong>Start: Hvor som helst rundt vannet<\/strong><\/p>\n\n\n\n<p>\n\t\u00c5pning av dagen markeres med lurspill ved Mosvangen camping kl 12.00. Premiering av natursti. Gratis \u00e5 delta. Ingen p\u00e5melding.<\/p>\n\n\n\n<p>\n\t<strong>Aktivitetene langs naturstien:<\/strong><\/p>\n\n\n\n<ul class=\"wp-block-list\"><li>\n\t\tdemonstrasjon og sj\u00f8setting av &laquo;Coracles&raquo; &#8211; en b\u00e5t med tradisjoner tilbake i steinalderen. Bygget med &laquo;lokale&raquo; r\u00e5varer. T\u00f8r du teste b\u00e5ten?<\/li><li>\n\t\tstor iddisutstilling &#8211; og frimerker. Utdeling til barn<\/li><li>\n\t\tn\u00e6rstudie av&nbsp;fugler&nbsp;&nbsp;&nbsp;&nbsp;&nbsp;&nbsp;<\/li><li>\n\t\thoppe med hoppetau, pr\u00f8ve rokkeringer, stylter, singleband, sjonglering og andre gamle leker<\/li><li>\n\t\tproduksjon av hoppetau fra gamle dynetrekk<\/li><li>\n\t\tnaturutstilling \u2013 vakre naturbilder fra Stavanger<\/li><li>\n\t\tpil og bue<\/li><li>\n\t\tsteking ditt eget pinnebr\u00f8d<\/li><li>\n\t\tutstilling av historiske bilder fra Mosvatnet og Stavanger&nbsp;<\/li><\/ul>\n\n\n\n<figure class=\"wp-block-image\"><img decoding=\"async\" src=\"__CPMMFILEID_URL__::56373::\" alt=\"\" title=\"undefined. Fotograf: Stavanger Turistforening\"\/><\/figure>\n\n\n\n<p>\n\tTur nr.910. Flere detaljer p\u00e5 <a href=\"http:\/\/www.stavanger-turistforening.no\">www.stavanger-turistforening.no<\/a><\/p>\n","protected":false},"excerpt":{"rendered":"<p>Kom innom Mostun natursenter p\u00e5 aktivitetsdagen s\u00f8ndag 29.september &#8211; \u00e5 f\u00e5 servert byens beste og eneste \u00f8kologiske vafler!<\/p>\n","protected":false},"author":76,"featured_media":1610,"comment_status":"closed","ping_status":"closed","sticky":false,"template":"","format":"standard","meta":{"_relevanssi_hide_post":"","_relevanssi_hide_content":"","_relevanssi_pin_for_all":"","_relevanssi_pin_keywords":"","_relevanssi_unpin_keywords":"","_relevanssi_related_keywords":"","_relevanssi_related_include_ids":"","_relevanssi_related_exclude_ids":"","_relevanssi_related_no_append":"","_relevanssi_related_not_related":"","_relevanssi_related_posts":"","_relevanssi_noindex_reason":"","hide_logo":false,"footnotes":""},"categories":[17],"tags":[],"local":[],"class_list":["post-1609","post","type-post","status-publish","format-standard","has-post-thumbnail","hentry","category-nytt-fra-mostun-og-mosvatnet"],"acf":[],"yoast_head":"<!-- This site is optimized with the Yoast SEO plugin v24.9 - https:\/\/yoast.com\/wordpress\/plugins\/seo\/ -->\n<title>Aktivitetsdag - p\u00e5 tvers av generasjoner rundt Mosvatnet - Rogaland<\/title>\n<meta name=\"robots\" content=\"index, follow, max-snippet:-1, max-image-preview:large, max-video-preview:-1\" \/>\n<link rel=\"canonical\" href=\"https:\/\/naturvernforbundet.no\/rogaland\/aktivitetsdag-pa-tvers-av-generasjoner-rundt-mosvatnet\/\" \/>\n<meta property=\"og:locale\" content=\"nb_NO\" \/>\n<meta property=\"og:type\" content=\"article\" \/>\n<meta property=\"og:title\" content=\"Aktivitetsdag - p\u00e5 tvers av generasjoner rundt Mosvatnet - Rogaland\" \/>\n<meta property=\"og:description\" content=\"Kom innom Mostun natursenter p\u00e5 aktivitetsdagen s\u00f8ndag 29.september - \u00e5 f\u00e5 servert byens beste og eneste \u00f8kologiske vafler!\" \/>\n<meta property=\"og:url\" content=\"https:\/\/naturvernforbundet.no\/rogaland\/aktivitetsdag-pa-tvers-av-generasjoner-rundt-mosvatnet\/\" \/>\n<meta property=\"og:site_name\" content=\"Rogaland\" \/>\n<meta property=\"article:published_time\" content=\"2013-09-17T11:48:43+00:00\" \/>\n<meta property=\"og:image\" content=\"https:\/\/naturvernforbundet.no\/content\/uploads\/sites\/16\/2013\/09\/IF_sized.jpg\" \/>\n\t<meta property=\"og:image:width\" content=\"500\" \/>\n\t<meta property=\"og:image:height\" content=\"335\" \/>\n\t<meta property=\"og:image:type\" content=\"image\/jpeg\" \/>\n<meta name=\"author\" content=\"Erik Thoring\" \/>\n<meta name=\"twitter:card\" content=\"summary_large_image\" \/>\n<meta name=\"twitter:label1\" content=\"Skrevet av\" \/>\n\t<meta name=\"twitter:data1\" content=\"Erik Thoring\" \/>\n\t<meta name=\"twitter:label2\" content=\"Ansl. lesetid\" \/>\n\t<meta name=\"twitter:data2\" content=\"1 minutt\" \/>\n<script type=\"application\/ld+json\" class=\"yoast-schema-graph\">{\"@context\":\"https:\/\/schema.org\",\"@graph\":[{\"@type\":\"WebPage\",\"@id\":\"https:\/\/naturvernforbundet.no\/rogaland\/aktivitetsdag-pa-tvers-av-generasjoner-rundt-mosvatnet\/\",\"url\":\"https:\/\/naturvernforbundet.no\/rogaland\/aktivitetsdag-pa-tvers-av-generasjoner-rundt-mosvatnet\/\",\"name\":\"Aktivitetsdag - p\u00e5 tvers av generasjoner rundt Mosvatnet - Rogaland\",\"isPartOf\":{\"@id\":\"https:\/\/naturvernforbundet.no\/rogaland\/#website\"},\"primaryImageOfPage\":{\"@id\":\"https:\/\/naturvernforbundet.no\/rogaland\/aktivitetsdag-pa-tvers-av-generasjoner-rundt-mosvatnet\/#primaryimage\"},\"image\":{\"@id\":\"https:\/\/naturvernforbundet.no\/rogaland\/aktivitetsdag-pa-tvers-av-generasjoner-rundt-mosvatnet\/#primaryimage\"},\"thumbnailUrl\":\"https:\/\/naturvernforbundet.no\/content\/uploads\/sites\/16\/2013\/09\/IF_sized.jpg\",\"datePublished\":\"2013-09-17T11:48:43+00:00\",\"author\":{\"@id\":\"https:\/\/naturvernforbundet.no\/rogaland\/#\/schema\/person\/97abad7d4d3577b542503235edaabba2\"},\"breadcrumb\":{\"@id\":\"https:\/\/naturvernforbundet.no\/rogaland\/aktivitetsdag-pa-tvers-av-generasjoner-rundt-mosvatnet\/#breadcrumb\"},\"inLanguage\":\"nb-NO\",\"potentialAction\":[{\"@type\":\"ReadAction\",\"target\":[\"https:\/\/naturvernforbundet.no\/rogaland\/aktivitetsdag-pa-tvers-av-generasjoner-rundt-mosvatnet\/\"]}]},{\"@type\":\"ImageObject\",\"inLanguage\":\"nb-NO\",\"@id\":\"https:\/\/naturvernforbundet.no\/rogaland\/aktivitetsdag-pa-tvers-av-generasjoner-rundt-mosvatnet\/#primaryimage\",\"url\":\"https:\/\/naturvernforbundet.no\/content\/uploads\/sites\/16\/2013\/09\/IF_sized.jpg\",\"contentUrl\":\"https:\/\/naturvernforbundet.no\/content\/uploads\/sites\/16\/2013\/09\/IF_sized.jpg\",\"width\":500,\"height\":335},{\"@type\":\"BreadcrumbList\",\"@id\":\"https:\/\/naturvernforbundet.no\/rogaland\/aktivitetsdag-pa-tvers-av-generasjoner-rundt-mosvatnet\/#breadcrumb\",\"itemListElement\":[{\"@type\":\"ListItem\",\"position\":1,\"name\":\"Till naturvernforbundet.no\",\"item\":\"https:\/\/naturvernforbundet.no\/\"},{\"@type\":\"ListItem\",\"position\":2,\"name\":\"Rogaland\",\"item\":\"https:\/\/naturvernforbundet.no\/rogaland\/\"},{\"@type\":\"ListItem\",\"position\":3,\"name\":\"Aktivitetsdag &#8211; p\u00e5 tvers av generasjoner rundt Mosvatnet\"}]},{\"@type\":\"WebSite\",\"@id\":\"https:\/\/naturvernforbundet.no\/rogaland\/#website\",\"url\":\"https:\/\/naturvernforbundet.no\/rogaland\/\",\"name\":\"Rogaland\",\"description\":\"Bare enda et Naturvernforbundet Sites-nettsted\",\"potentialAction\":[{\"@type\":\"SearchAction\",\"target\":{\"@type\":\"EntryPoint\",\"urlTemplate\":\"https:\/\/naturvernforbundet.no\/rogaland\/?s={search_term_string}\"},\"query-input\":{\"@type\":\"PropertyValueSpecification\",\"valueRequired\":true,\"valueName\":\"search_term_string\"}}],\"inLanguage\":\"nb-NO\"},{\"@type\":\"Person\",\"@id\":\"https:\/\/naturvernforbundet.no\/rogaland\/#\/schema\/person\/97abad7d4d3577b542503235edaabba2\",\"name\":\"Erik Thoring\",\"image\":{\"@type\":\"ImageObject\",\"inLanguage\":\"nb-NO\",\"@id\":\"https:\/\/naturvernforbundet.no\/rogaland\/#\/schema\/person\/image\/\",\"url\":\"https:\/\/secure.gravatar.com\/avatar\/18472085169d11121a1544fda1655370?s=96&d=mm&r=g\",\"contentUrl\":\"https:\/\/secure.gravatar.com\/avatar\/18472085169d11121a1544fda1655370?s=96&d=mm&r=g\",\"caption\":\"Erik Thoring\"},\"url\":\"https:\/\/naturvernforbundet.no\/rogaland\/author\/erikthoring\/\"}]}<\/script>\n<!-- \/ Yoast SEO plugin. -->","yoast_head_json":{"title":"Aktivitetsdag - p\u00e5 tvers av generasjoner rundt Mosvatnet - Rogaland","robots":{"index":"index","follow":"follow","max-snippet":"max-snippet:-1","max-image-preview":"max-image-preview:large","max-video-preview":"max-video-preview:-1"},"canonical":"https:\/\/naturvernforbundet.no\/rogaland\/aktivitetsdag-pa-tvers-av-generasjoner-rundt-mosvatnet\/","og_locale":"nb_NO","og_type":"article","og_title":"Aktivitetsdag - p\u00e5 tvers av generasjoner rundt Mosvatnet - Rogaland","og_description":"Kom innom Mostun natursenter p\u00e5 aktivitetsdagen s\u00f8ndag 29.september - \u00e5 f\u00e5 servert byens beste og eneste \u00f8kologiske vafler!","og_url":"https:\/\/naturvernforbundet.no\/rogaland\/aktivitetsdag-pa-tvers-av-generasjoner-rundt-mosvatnet\/","og_site_name":"Rogaland","article_published_time":"2013-09-17T11:48:43+00:00","og_image":[{"width":500,"height":335,"url":"https:\/\/naturvernforbundet.no\/content\/uploads\/sites\/16\/2013\/09\/IF_sized.jpg","type":"image\/jpeg"}],"author":"Erik Thoring","twitter_card":"summary_large_image","twitter_misc":{"Skrevet av":"Erik Thoring","Ansl. lesetid":"1 minutt"},"schema":{"@context":"https:\/\/schema.org","@graph":[{"@type":"WebPage","@id":"https:\/\/naturvernforbundet.no\/rogaland\/aktivitetsdag-pa-tvers-av-generasjoner-rundt-mosvatnet\/","url":"https:\/\/naturvernforbundet.no\/rogaland\/aktivitetsdag-pa-tvers-av-generasjoner-rundt-mosvatnet\/","name":"Aktivitetsdag - p\u00e5 tvers av generasjoner rundt Mosvatnet - Rogaland","isPartOf":{"@id":"https:\/\/naturvernforbundet.no\/rogaland\/#website"},"primaryImageOfPage":{"@id":"https:\/\/naturvernforbundet.no\/rogaland\/aktivitetsdag-pa-tvers-av-generasjoner-rundt-mosvatnet\/#primaryimage"},"image":{"@id":"https:\/\/naturvernforbundet.no\/rogaland\/aktivitetsdag-pa-tvers-av-generasjoner-rundt-mosvatnet\/#primaryimage"},"thumbnailUrl":"https:\/\/naturvernforbundet.no\/content\/uploads\/sites\/16\/2013\/09\/IF_sized.jpg","datePublished":"2013-09-17T11:48:43+00:00","author":{"@id":"https:\/\/naturvernforbundet.no\/rogaland\/#\/schema\/person\/97abad7d4d3577b542503235edaabba2"},"breadcrumb":{"@id":"https:\/\/naturvernforbundet.no\/rogaland\/aktivitetsdag-pa-tvers-av-generasjoner-rundt-mosvatnet\/#breadcrumb"},"inLanguage":"nb-NO","potentialAction":[{"@type":"ReadAction","target":["https:\/\/naturvernforbundet.no\/rogaland\/aktivitetsdag-pa-tvers-av-generasjoner-rundt-mosvatnet\/"]}]},{"@type":"ImageObject","inLanguage":"nb-NO","@id":"https:\/\/naturvernforbundet.no\/rogaland\/aktivitetsdag-pa-tvers-av-generasjoner-rundt-mosvatnet\/#primaryimage","url":"https:\/\/naturvernforbundet.no\/content\/uploads\/sites\/16\/2013\/09\/IF_sized.jpg","contentUrl":"https:\/\/naturvernforbundet.no\/content\/uploads\/sites\/16\/2013\/09\/IF_sized.jpg","width":500,"height":335},{"@type":"BreadcrumbList","@id":"https:\/\/naturvernforbundet.no\/rogaland\/aktivitetsdag-pa-tvers-av-generasjoner-rundt-mosvatnet\/#breadcrumb","itemListElement":[{"@type":"ListItem","position":1,"name":"Till naturvernforbundet.no","item":"https:\/\/naturvernforbundet.no\/"},{"@type":"ListItem","position":2,"name":"Rogaland","item":"https:\/\/naturvernforbundet.no\/rogaland\/"},{"@type":"ListItem","position":3,"name":"Aktivitetsdag &#8211; p\u00e5 tvers av generasjoner rundt Mosvatnet"}]},{"@type":"WebSite","@id":"https:\/\/naturvernforbundet.no\/rogaland\/#website","url":"https:\/\/naturvernforbundet.no\/rogaland\/","name":"Rogaland","description":"Bare enda et Naturvernforbundet Sites-nettsted","potentialAction":[{"@type":"SearchAction","target":{"@type":"EntryPoint","urlTemplate":"https:\/\/naturvernforbundet.no\/rogaland\/?s={search_term_string}"},"query-input":{"@type":"PropertyValueSpecification","valueRequired":true,"valueName":"search_term_string"}}],"inLanguage":"nb-NO"},{"@type":"Person","@id":"https:\/\/naturvernforbundet.no\/rogaland\/#\/schema\/person\/97abad7d4d3577b542503235edaabba2","name":"Erik Thoring","image":{"@type":"ImageObject","inLanguage":"nb-NO","@id":"https:\/\/naturvernforbundet.no\/rogaland\/#\/schema\/person\/image\/","url":"https:\/\/secure.gravatar.com\/avatar\/18472085169d11121a1544fda1655370?s=96&d=mm&r=g","contentUrl":"https:\/\/secure.gravatar.com\/avatar\/18472085169d11121a1544fda1655370?s=96&d=mm&r=g","caption":"Erik Thoring"},"url":"https:\/\/naturvernforbundet.no\/rogaland\/author\/erikthoring\/"}]}},"_links":{"self":[{"href":"https:\/\/naturvernforbundet.no\/rogaland\/wp-json\/wp\/v2\/posts\/1609","targetHints":{"allow":["GET"]}}],"collection":[{"href":"https:\/\/naturvernforbundet.no\/rogaland\/wp-json\/wp\/v2\/posts"}],"about":[{"href":"https:\/\/naturvernforbundet.no\/rogaland\/wp-json\/wp\/v2\/types\/post"}],"author":[{"embeddable":true,"href":"https:\/\/naturvernforbundet.no\/rogaland\/wp-json\/wp\/v2\/users\/76"}],"replies":[{"embeddable":true,"href":"https:\/\/naturvernforbundet.no\/rogaland\/wp-json\/wp\/v2\/comments?post=1609"}],"version-history":[{"count":0,"href":"https:\/\/naturvernforbundet.no\/rogaland\/wp-json\/wp\/v2\/posts\/1609\/revisions"}],"wp:featuredmedia":[{"embeddable":true,"href":"https:\/\/naturvernforbundet.no\/rogaland\/wp-json\/wp\/v2\/media\/1610"}],"wp:attachment":[{"href":"https:\/\/naturvernforbundet.no\/rogaland\/wp-json\/wp\/v2\/media?parent=1609"}],"wp:term":[{"taxonomy":"category","embeddable":true,"href":"https:\/\/naturvernforbundet.no\/rogaland\/wp-json\/wp\/v2\/categories?post=1609"},{"taxonomy":"post_tag","embeddable":true,"href":"https:\/\/naturvernforbundet.no\/rogaland\/wp-json\/wp\/v2\/tags?post=1609"},{"taxonomy":"local","embeddable":true,"href":"https:\/\/naturvernforbundet.no\/rogaland\/wp-json\/wp\/v2\/local?post=1609"}],"curies":[{"name":"wp","href":"https:\/\/api.w.org\/{rel}","templated":true}]}}