{"id":1630,"date":"2014-11-17T17:13:00","date_gmt":"2014-11-17T16:13:00","guid":{"rendered":"https:\/\/naturvernforbundet.no\/rogaland\/na-inviterer-vi-skoleklasser-til-mostun\/"},"modified":"2014-11-17T17:13:00","modified_gmt":"2014-11-17T16:13:00","slug":"na-inviterer-vi-skoleklasser-til-mostun","status":"publish","type":"post","link":"https:\/\/naturvernforbundet.no\/rogaland\/na-inviterer-vi-skoleklasser-til-mostun\/","title":{"rendered":"N\u00e5 inviterer vi skoleklasser til Mostun"},"content":{"rendered":"\t<div class=\"template-post alignfull wp-block-naturvern-hero\">\n\t\t<div class=\"hero__inner\">\n\t\t\t<div class=\"hero__inner_blocks\">\n\t\t\t\t\t\t\t\t\n\t\t\t\t\t<h1 class=\"wp-block-post-title\">N\u00e5 inviterer vi skoleklasser til Mostun<\/h1>\n\n\t\t\t\t\t<div class=\"wp-block-post-excerpt\"><p class=\"wp-block-post-excerpt__excerpt\">Mostun natursenter starter opp igjen med v\u00e5r popul\u00e6re undervisning for skoleklasser. De neste m\u00e5nedene har vi to undervisningsopplegg \u00e5 by p\u00e5. <\/p><\/div>\n\n\t\t\t\t\t<figure class=\"wp-block-post-featured-image\"><img loading=\"lazy\" decoding=\"async\" width=\"653\" height=\"435\" src=\"https:\/\/naturvernforbundet.no\/content\/uploads\/sites\/16\/2014\/11\/IMG_5601.JPG2028articledisplay29.jpg\" class=\"attachment-post-thumbnail size-post-thumbnail wp-post-image\" alt=\"\" style=\"object-fit:cover;\" srcset=\"https:\/\/naturvernforbundet.no\/content\/uploads\/sites\/16\/2014\/11\/IMG_5601.JPG2028articledisplay29.jpg 653w, https:\/\/naturvernforbundet.no\/content\/uploads\/sites\/16\/2014\/11\/IMG_5601.JPG2028articledisplay29-300x200.jpg 300w\" sizes=\"auto, (max-width: 653px) 100vw, 653px\" \/><\/figure>\n\n\t\t\t\t\t<div class=\"wp-block-naturvern-byline\">\n\t\t\t<div class=\"authors\">By <span class=\"t2-byline__author-link\"><\/span><\/div>\n\t\t\t<small class=\"entry-date\">17.11.2014 17:13<\/small>\n\t\t<\/div>\n\t\t\t\t\t\t\t\t<\/div>\n\t\t\t\t\t<\/div>\n\t\t\t<\/div>\n\t\n<p>Det ene undervisningsopplegget heter \u00abMosvatnet om vinteren\u00bb og er tilpasset 5.-7. klasse. Opplegget tar utgangspunkt i naturen rundt Mosvatnet for \u00e5 beskrive forandringene som skjer med naturen p\u00e5 vinteren, og dekker m\u00e5l i l\u00e6replanen i b\u00e5de naturfag og kropps\u00f8ving. Undervisingen, som gjennomf\u00f8res av naturveileder Cecilie Not\u00f8, er gratis og er tilgjengelig fra og med novemer 2014 til 27. februar 2015.<\/p>\n\n\n\n<p><a href=\"http:\/\/mostun.no\/getfile.php\/Fylkeslag%20-%20Rogaland\/Uttalelser%20og%20brev\/Invitasjon%20Mosvatnet%20p%C3%A5%20vinteren%20.pdf\">Du kan lese mer om undervisningen, hvordan den er lagt opp og hvilke m\u00e5l i l\u00e6replanen den dekker her.<\/a><\/p>\n\n\n\n<p>Det andre undervisningsopplegget heter \u00abKr\u00e5kenes mystiske kveldstrekk: Hvorfor er det s\u00e5 mange kr\u00e5ker ved Mosvatnet?\u00bb. Undervisningen holdes av \u00d8yvind Gjerde, som har studert kr\u00e5kene i flere \u00e5r og har mye erfaring i \u00e5 formidle dette.<\/p>\n\n\n\n<p>Undervisningsopplegget er tilpasset ungdomsskoler og videreg\u00e5ende skoler og avholdes i uke 5, 6 og 7 i 2015. Andre datoer kan eventuelt avtales. Hovedsakelig tilbys det foredrag med start enten klokken 09, 11 eller 13, med mulighet for andre tidspunkt ved avtale. For foredraget som begynner klokken 09 kan vi i tillegg tilby guidet vandring i kr\u00e5keskogen f\u00f8r kr\u00e5kene forlater Mosvatnet (tar 1\/2 time ekstra).<\/p>\n\n\n\n<p>Undervisningen er gratis og dekker m\u00e5l i l\u00e6replanen i biologi og naturfag.<\/p>\n\n\n\n<p><a href=\"http:\/\/mostun.no\/getfile.php\/Fylkeslag%20-%20Rogaland\/Uttalelser%20og%20brev\/Invitasjon%20Kr%C3%A5ke-foredrag.pdf\">Du kan lese mer om kr\u00e5keundervisningen her.<img loading=\"lazy\" decoding=\"async\" align=\"right\" alt=\"\" border=\"1\" class=\"cp-mmarchive-image-right\" height=\"156\" src=\"__CPMMFILEID_URL__::76288::\" vspace=\"6\" width=\"250\"><\/a><\/p>\n\n\n\n<p>Undervisningen har blitt sv\u00e6rt godt mottatt av tidligere skoleklasser som har v\u00e6rt p\u00e5 bes\u00f8k, og det har v\u00e6rt lange ventelister. Derfor er det viktig \u00e5 v\u00e6re tidlig ute.<\/p>\n\n\n\n<p>K<strong>ontakt naturveileder Cecilie Not\u00f8 om du har sp\u00f8rsm\u00e5l eller \u00f8nsker \u00e5 melde p\u00e5 din klasse. Cecilie har nummer 977 12 253 og epost cecilie.noto@mostun.no.<\/strong><\/p>\n","protected":false},"excerpt":{"rendered":"<p>Mostun natursenter starter opp igjen med v\u00e5r popul\u00e6re undervisning for skoleklasser. De neste m\u00e5nedene har vi to undervisningsopplegg \u00e5 by p\u00e5.<\/p>\n","protected":false},"author":0,"featured_media":1631,"comment_status":"closed","ping_status":"closed","sticky":false,"template":"","format":"standard","meta":{"_relevanssi_hide_post":"","_relevanssi_hide_content":"","_relevanssi_pin_for_all":"","_relevanssi_pin_keywords":"","_relevanssi_unpin_keywords":"","_relevanssi_related_keywords":"","_relevanssi_related_include_ids":"","_relevanssi_related_exclude_ids":"","_relevanssi_related_no_append":"","_relevanssi_related_not_related":"","_relevanssi_related_posts":"","_relevanssi_noindex_reason":"","hide_logo":false,"footnotes":""},"categories":[17],"tags":[],"local":[],"class_list":["post-1630","post","type-post","status-publish","format-standard","has-post-thumbnail","hentry","category-nytt-fra-mostun-og-mosvatnet"],"acf":[],"yoast_head":"<!-- This site is optimized with the Yoast SEO plugin v24.9 - https:\/\/yoast.com\/wordpress\/plugins\/seo\/ -->\n<title>N\u00e5 inviterer vi skoleklasser til Mostun - Rogaland<\/title>\n<meta name=\"robots\" content=\"index, follow, max-snippet:-1, max-image-preview:large, max-video-preview:-1\" \/>\n<link rel=\"canonical\" href=\"https:\/\/naturvernforbundet.no\/rogaland\/na-inviterer-vi-skoleklasser-til-mostun\/\" \/>\n<meta property=\"og:locale\" content=\"nb_NO\" \/>\n<meta property=\"og:type\" content=\"article\" \/>\n<meta property=\"og:title\" content=\"N\u00e5 inviterer vi skoleklasser til Mostun - Rogaland\" \/>\n<meta property=\"og:description\" content=\"Mostun natursenter starter opp igjen med v\u00e5r popul\u00e6re undervisning for skoleklasser. De neste m\u00e5nedene har vi to undervisningsopplegg \u00e5 by p\u00e5.\" \/>\n<meta property=\"og:url\" content=\"https:\/\/naturvernforbundet.no\/rogaland\/na-inviterer-vi-skoleklasser-til-mostun\/\" \/>\n<meta property=\"og:site_name\" content=\"Rogaland\" \/>\n<meta property=\"article:published_time\" content=\"2014-11-17T16:13:00+00:00\" \/>\n<meta property=\"og:image\" content=\"https:\/\/naturvernforbundet.no\/content\/uploads\/sites\/16\/2014\/11\/IMG_5601.JPG2028articledisplay29.jpg\" \/>\n\t<meta property=\"og:image:width\" content=\"653\" \/>\n\t<meta property=\"og:image:height\" content=\"435\" \/>\n\t<meta property=\"og:image:type\" content=\"image\/jpeg\" \/>\n<meta name=\"twitter:card\" content=\"summary_large_image\" \/>\n<meta name=\"twitter:label1\" content=\"Ansl. lesetid\" \/>\n\t<meta name=\"twitter:data1\" content=\"1 minutt\" \/>\n<script type=\"application\/ld+json\" class=\"yoast-schema-graph\">{\"@context\":\"https:\/\/schema.org\",\"@graph\":[{\"@type\":\"WebPage\",\"@id\":\"https:\/\/naturvernforbundet.no\/rogaland\/na-inviterer-vi-skoleklasser-til-mostun\/\",\"url\":\"https:\/\/naturvernforbundet.no\/rogaland\/na-inviterer-vi-skoleklasser-til-mostun\/\",\"name\":\"N\u00e5 inviterer vi skoleklasser til Mostun - Rogaland\",\"isPartOf\":{\"@id\":\"https:\/\/naturvernforbundet.no\/rogaland\/#website\"},\"primaryImageOfPage\":{\"@id\":\"https:\/\/naturvernforbundet.no\/rogaland\/na-inviterer-vi-skoleklasser-til-mostun\/#primaryimage\"},\"image\":{\"@id\":\"https:\/\/naturvernforbundet.no\/rogaland\/na-inviterer-vi-skoleklasser-til-mostun\/#primaryimage\"},\"thumbnailUrl\":\"https:\/\/naturvernforbundet.no\/content\/uploads\/sites\/16\/2014\/11\/IMG_5601.JPG2028articledisplay29.jpg\",\"datePublished\":\"2014-11-17T16:13:00+00:00\",\"author\":{\"@id\":\"\"},\"breadcrumb\":{\"@id\":\"https:\/\/naturvernforbundet.no\/rogaland\/na-inviterer-vi-skoleklasser-til-mostun\/#breadcrumb\"},\"inLanguage\":\"nb-NO\",\"potentialAction\":[{\"@type\":\"ReadAction\",\"target\":[\"https:\/\/naturvernforbundet.no\/rogaland\/na-inviterer-vi-skoleklasser-til-mostun\/\"]}]},{\"@type\":\"ImageObject\",\"inLanguage\":\"nb-NO\",\"@id\":\"https:\/\/naturvernforbundet.no\/rogaland\/na-inviterer-vi-skoleklasser-til-mostun\/#primaryimage\",\"url\":\"https:\/\/naturvernforbundet.no\/content\/uploads\/sites\/16\/2014\/11\/IMG_5601.JPG2028articledisplay29.jpg\",\"contentUrl\":\"https:\/\/naturvernforbundet.no\/content\/uploads\/sites\/16\/2014\/11\/IMG_5601.JPG2028articledisplay29.jpg\",\"width\":653,\"height\":435},{\"@type\":\"BreadcrumbList\",\"@id\":\"https:\/\/naturvernforbundet.no\/rogaland\/na-inviterer-vi-skoleklasser-til-mostun\/#breadcrumb\",\"itemListElement\":[{\"@type\":\"ListItem\",\"position\":1,\"name\":\"Till naturvernforbundet.no\",\"item\":\"https:\/\/naturvernforbundet.no\/\"},{\"@type\":\"ListItem\",\"position\":2,\"name\":\"Rogaland\",\"item\":\"https:\/\/naturvernforbundet.no\/rogaland\/\"},{\"@type\":\"ListItem\",\"position\":3,\"name\":\"N\u00e5 inviterer vi skoleklasser til Mostun\"}]},{\"@type\":\"WebSite\",\"@id\":\"https:\/\/naturvernforbundet.no\/rogaland\/#website\",\"url\":\"https:\/\/naturvernforbundet.no\/rogaland\/\",\"name\":\"Rogaland\",\"description\":\"Bare enda et Naturvernforbundet Sites-nettsted\",\"potentialAction\":[{\"@type\":\"SearchAction\",\"target\":{\"@type\":\"EntryPoint\",\"urlTemplate\":\"https:\/\/naturvernforbundet.no\/rogaland\/?s={search_term_string}\"},\"query-input\":{\"@type\":\"PropertyValueSpecification\",\"valueRequired\":true,\"valueName\":\"search_term_string\"}}],\"inLanguage\":\"nb-NO\"}]}<\/script>\n<!-- \/ Yoast SEO plugin. -->","yoast_head_json":{"title":"N\u00e5 inviterer vi skoleklasser til Mostun - Rogaland","robots":{"index":"index","follow":"follow","max-snippet":"max-snippet:-1","max-image-preview":"max-image-preview:large","max-video-preview":"max-video-preview:-1"},"canonical":"https:\/\/naturvernforbundet.no\/rogaland\/na-inviterer-vi-skoleklasser-til-mostun\/","og_locale":"nb_NO","og_type":"article","og_title":"N\u00e5 inviterer vi skoleklasser til Mostun - Rogaland","og_description":"Mostun natursenter starter opp igjen med v\u00e5r popul\u00e6re undervisning for skoleklasser. De neste m\u00e5nedene har vi to undervisningsopplegg \u00e5 by p\u00e5.","og_url":"https:\/\/naturvernforbundet.no\/rogaland\/na-inviterer-vi-skoleklasser-til-mostun\/","og_site_name":"Rogaland","article_published_time":"2014-11-17T16:13:00+00:00","og_image":[{"width":653,"height":435,"url":"https:\/\/naturvernforbundet.no\/content\/uploads\/sites\/16\/2014\/11\/IMG_5601.JPG2028articledisplay29.jpg","type":"image\/jpeg"}],"twitter_card":"summary_large_image","twitter_misc":{"Ansl. lesetid":"1 minutt"},"schema":{"@context":"https:\/\/schema.org","@graph":[{"@type":"WebPage","@id":"https:\/\/naturvernforbundet.no\/rogaland\/na-inviterer-vi-skoleklasser-til-mostun\/","url":"https:\/\/naturvernforbundet.no\/rogaland\/na-inviterer-vi-skoleklasser-til-mostun\/","name":"N\u00e5 inviterer vi skoleklasser til Mostun - Rogaland","isPartOf":{"@id":"https:\/\/naturvernforbundet.no\/rogaland\/#website"},"primaryImageOfPage":{"@id":"https:\/\/naturvernforbundet.no\/rogaland\/na-inviterer-vi-skoleklasser-til-mostun\/#primaryimage"},"image":{"@id":"https:\/\/naturvernforbundet.no\/rogaland\/na-inviterer-vi-skoleklasser-til-mostun\/#primaryimage"},"thumbnailUrl":"https:\/\/naturvernforbundet.no\/content\/uploads\/sites\/16\/2014\/11\/IMG_5601.JPG2028articledisplay29.jpg","datePublished":"2014-11-17T16:13:00+00:00","author":{"@id":""},"breadcrumb":{"@id":"https:\/\/naturvernforbundet.no\/rogaland\/na-inviterer-vi-skoleklasser-til-mostun\/#breadcrumb"},"inLanguage":"nb-NO","potentialAction":[{"@type":"ReadAction","target":["https:\/\/naturvernforbundet.no\/rogaland\/na-inviterer-vi-skoleklasser-til-mostun\/"]}]},{"@type":"ImageObject","inLanguage":"nb-NO","@id":"https:\/\/naturvernforbundet.no\/rogaland\/na-inviterer-vi-skoleklasser-til-mostun\/#primaryimage","url":"https:\/\/naturvernforbundet.no\/content\/uploads\/sites\/16\/2014\/11\/IMG_5601.JPG2028articledisplay29.jpg","contentUrl":"https:\/\/naturvernforbundet.no\/content\/uploads\/sites\/16\/2014\/11\/IMG_5601.JPG2028articledisplay29.jpg","width":653,"height":435},{"@type":"BreadcrumbList","@id":"https:\/\/naturvernforbundet.no\/rogaland\/na-inviterer-vi-skoleklasser-til-mostun\/#breadcrumb","itemListElement":[{"@type":"ListItem","position":1,"name":"Till naturvernforbundet.no","item":"https:\/\/naturvernforbundet.no\/"},{"@type":"ListItem","position":2,"name":"Rogaland","item":"https:\/\/naturvernforbundet.no\/rogaland\/"},{"@type":"ListItem","position":3,"name":"N\u00e5 inviterer vi skoleklasser til Mostun"}]},{"@type":"WebSite","@id":"https:\/\/naturvernforbundet.no\/rogaland\/#website","url":"https:\/\/naturvernforbundet.no\/rogaland\/","name":"Rogaland","description":"Bare enda et Naturvernforbundet Sites-nettsted","potentialAction":[{"@type":"SearchAction","target":{"@type":"EntryPoint","urlTemplate":"https:\/\/naturvernforbundet.no\/rogaland\/?s={search_term_string}"},"query-input":{"@type":"PropertyValueSpecification","valueRequired":true,"valueName":"search_term_string"}}],"inLanguage":"nb-NO"}]}},"_links":{"self":[{"href":"https:\/\/naturvernforbundet.no\/rogaland\/wp-json\/wp\/v2\/posts\/1630","targetHints":{"allow":["GET"]}}],"collection":[{"href":"https:\/\/naturvernforbundet.no\/rogaland\/wp-json\/wp\/v2\/posts"}],"about":[{"href":"https:\/\/naturvernforbundet.no\/rogaland\/wp-json\/wp\/v2\/types\/post"}],"replies":[{"embeddable":true,"href":"https:\/\/naturvernforbundet.no\/rogaland\/wp-json\/wp\/v2\/comments?post=1630"}],"version-history":[{"count":0,"href":"https:\/\/naturvernforbundet.no\/rogaland\/wp-json\/wp\/v2\/posts\/1630\/revisions"}],"wp:featuredmedia":[{"embeddable":true,"href":"https:\/\/naturvernforbundet.no\/rogaland\/wp-json\/wp\/v2\/media\/1631"}],"wp:attachment":[{"href":"https:\/\/naturvernforbundet.no\/rogaland\/wp-json\/wp\/v2\/media?parent=1630"}],"wp:term":[{"taxonomy":"category","embeddable":true,"href":"https:\/\/naturvernforbundet.no\/rogaland\/wp-json\/wp\/v2\/categories?post=1630"},{"taxonomy":"post_tag","embeddable":true,"href":"https:\/\/naturvernforbundet.no\/rogaland\/wp-json\/wp\/v2\/tags?post=1630"},{"taxonomy":"local","embeddable":true,"href":"https:\/\/naturvernforbundet.no\/rogaland\/wp-json\/wp\/v2\/local?post=1630"}],"curies":[{"name":"wp","href":"https:\/\/api.w.org\/{rel}","templated":true}]}}