{"id":1707,"date":"2014-01-23T12:35:20","date_gmt":"2014-01-23T11:35:20","guid":{"rendered":"https:\/\/naturvernforbundet.no\/rogaland\/tell-hagefugler-pa-mostun-pa-sondag\/"},"modified":"2014-01-23T12:35:20","modified_gmt":"2014-01-23T11:35:20","slug":"tell-hagefugler-pa-mostun-pa-sondag","status":"publish","type":"post","link":"https:\/\/naturvernforbundet.no\/rogaland\/tell-hagefugler-pa-mostun-pa-sondag\/","title":{"rendered":"Tell hagefugler p\u00e5 Mostun p\u00e5 s\u00f8ndag"},"content":{"rendered":"\t<div class=\"template-post alignfull wp-block-naturvern-hero\">\n\t\t<div class=\"hero__inner\">\n\t\t\t<div class=\"hero__inner_blocks\">\n\t\t\t\t\t\t\t\t\n\t\t\t\t\t<h1 class=\"wp-block-post-title\">Tell hagefugler p\u00e5 Mostun p\u00e5 s\u00f8ndag<\/h1>\n\n\t\t\t\t\t<div class=\"wp-block-post-excerpt\"><p class=\"wp-block-post-excerpt__excerpt\">Stikk innom Mostun natursenter p\u00e5 s\u00f8ndag og tell hagefugler sammen med eksperter fra Norsk Ornitologisk Forening (NOF). F\u00f8rstkommende helg, 25. &#8211; 26. januar, er det Hagefugltelling i hele Norden. <\/p><\/div>\n\n\t\t\t\t\t<figure class=\"wp-block-post-featured-image\"><img loading=\"lazy\" decoding=\"async\" width=\"280\" height=\"357\" src=\"https:\/\/naturvernforbundet.no\/content\/uploads\/sites\/16\/2014\/01\/Flaggspett.20Foto20Tore20Larsen2C20NOF.jpg\" class=\"attachment-post-thumbnail size-post-thumbnail wp-post-image\" alt=\"\" style=\"object-fit:cover;\" srcset=\"https:\/\/naturvernforbundet.no\/content\/uploads\/sites\/16\/2014\/01\/Flaggspett.20Foto20Tore20Larsen2C20NOF.jpg 280w, https:\/\/naturvernforbundet.no\/content\/uploads\/sites\/16\/2014\/01\/Flaggspett.20Foto20Tore20Larsen2C20NOF-235x300.jpg 235w\" sizes=\"auto, (max-width: 280px) 100vw, 280px\" \/><\/figure>\n\n\t\t\t\t\t<div class=\"wp-block-naturvern-byline\">\n\t\t\t<div class=\"authors\">By <span class=\"t2-byline__author-link\">Erik Thoring<\/span><\/div>\n\t\t\t<small class=\"entry-date\">23.01.2014 12:35<\/small>\n\t\t<\/div>\n\t\t\t\t\t\t\t\t<\/div>\n\t\t\t\t\t<\/div>\n\t\t\t<\/div>\n\t\n<p><span style=\"font-family:verdana,sans-serif; font-size:9pt\">Hagefugltellingen arrangeres i \u00e5r for sjuende gang. I fjor hadde vi deltakelse fra over 7&nbsp;000 f\u00f4ringsplasser og det ble registrert 390&nbsp;000 fugler. Det betyr at antall personer som var involvert i tellingen var et sted mellom 15 000 og 20&nbsp;000. Med Hagefugltellingen \u00f8nsker NOF \u00e5 \u00f8ke interessen for fugler blant nordmenn. Med stadig flere deltakere f\u00e5r vi ogs\u00e5 et datagrunnlag som gj\u00f8r det enklere \u00e5 se m\u00f8nster i vinterartenes bestandsutvikling.<\/span><\/p>\n\n\n\n<p><span style=\"font-family:verdana,sans-serif; font-size:9pt\">P\u00e5 Mostun har vi tre foringsautomater som trekker til seg mange spennende fugler, blant annet flaggspett. L\u00e5n kikkert av oss og stud\u00e8r hagefuglene p\u00e5 n\u00e6rt hold. Ekspertene fra NOF vet det meste som er verdt \u00e5 vite om artsbestemmelse, fuglenes leveomr\u00e5der og anbefalte f\u00f2ringsmetoder. <\/span><\/p>\n\n\n\n<p><span style=\"font-family:verdana,sans-serif; font-size:9pt\">Innomhus kan barna fargelegge fugler, planter eller l\u00f8se v\u00e5r naturkviss. Premier til alle som deltar. Her finnes ogs\u00e5 mye informasjonsmateriell fra NOF og andre naturvernorganisasjoner. I naturbutikken selger vi fuglekasser, plakater, bordbrikker og annet nyttig. Pr\u00f8v ogs\u00e5 v\u00e5re \u00f8kologiske vafler. Ta med kontanter, vi har ikke kortautomat. <\/span><\/p>\n\n\n\n<p><span style=\"font-family:verdana,sans-serif; font-size:9pt\">Denne vinteren har v\u00e6rt mild og sn\u00f8fattig over store deler av landet. Dette har f\u00f8rt til at mange av fuglene s\u00f8ker n\u00e6ring i skog og mark, og mange har hatt lite bes\u00f8k ved fuglebrettet. Samtidig vil en slik vinter ogs\u00e5 gi muligheter for flere overvintrende r\u00f8dstruper, svarttrost, gjerdesmett og munk. Kanskje f\u00e5r vi en \u00f8kning av disse artene under \u00e5rets telling?<\/span><\/p>\n\n\n\n<p><strong><span style=\"font-family:verdana,sans-serif; font-size:9pt\">MOSTUN NATURSENTER HAR \u00c5PENT FRA KL. 12 TIL KL. 15.<\/span><\/strong><\/p>\n\n\n\n<p><span style=\"font-family:verdana,sans-serif; font-size:9pt\">Bildetekst: Dompap har vi ikke sett p\u00e5 Mostun i \u00e5r. Kanskje dukker den opp p\u00e5 s\u00f8ndag? Foto: Terje O. Nordvik, NOF. <\/span><\/p>\n\n\n\n<figure class=\"wp-block-image\"><img decoding=\"async\" src=\"__CPMMFILEID_URL__::61641::\" alt=\"\"\/><\/figure>\n\n\n\n<p><span style=\"font-family:verdana,sans-serif; font-size:9pt\"><\/span><\/p>\n","protected":false},"excerpt":{"rendered":"<p>Stikk innom Mostun natursenter p\u00e5 s\u00f8ndag og tell hagefugler sammen med eksperter fra Norsk Ornitologisk Forening (NOF). F\u00f8rstkommende helg, 25. &#8211; 26. januar, er det Hagefugltelling i hele Norden.<\/p>\n","protected":false},"author":76,"featured_media":1708,"comment_status":"closed","ping_status":"closed","sticky":false,"template":"","format":"standard","meta":{"_relevanssi_hide_post":"","_relevanssi_hide_content":"","_relevanssi_pin_for_all":"","_relevanssi_pin_keywords":"","_relevanssi_unpin_keywords":"","_relevanssi_related_keywords":"","_relevanssi_related_include_ids":"","_relevanssi_related_exclude_ids":"","_relevanssi_related_no_append":"","_relevanssi_related_not_related":"","_relevanssi_related_posts":"","_relevanssi_noindex_reason":"","hide_logo":false,"footnotes":""},"categories":[10],"tags":[],"local":[],"class_list":["post-1707","post","type-post","status-publish","format-standard","has-post-thumbnail","hentry","category-mostun"],"acf":[],"yoast_head":"<!-- This site is optimized with the Yoast SEO plugin v24.9 - https:\/\/yoast.com\/wordpress\/plugins\/seo\/ -->\n<title>Tell hagefugler p\u00e5 Mostun p\u00e5 s\u00f8ndag - Rogaland<\/title>\n<meta name=\"robots\" content=\"index, follow, max-snippet:-1, max-image-preview:large, max-video-preview:-1\" \/>\n<link rel=\"canonical\" href=\"https:\/\/naturvernforbundet.no\/rogaland\/tell-hagefugler-pa-mostun-pa-sondag\/\" \/>\n<meta property=\"og:locale\" content=\"nb_NO\" \/>\n<meta property=\"og:type\" content=\"article\" \/>\n<meta property=\"og:title\" content=\"Tell hagefugler p\u00e5 Mostun p\u00e5 s\u00f8ndag - Rogaland\" \/>\n<meta property=\"og:description\" content=\"Stikk innom Mostun natursenter p\u00e5 s\u00f8ndag og tell hagefugler sammen med eksperter fra Norsk Ornitologisk Forening (NOF). F\u00f8rstkommende helg, 25. - 26. januar, er det Hagefugltelling i hele Norden.\" \/>\n<meta property=\"og:url\" content=\"https:\/\/naturvernforbundet.no\/rogaland\/tell-hagefugler-pa-mostun-pa-sondag\/\" \/>\n<meta property=\"og:site_name\" content=\"Rogaland\" \/>\n<meta property=\"article:published_time\" content=\"2014-01-23T11:35:20+00:00\" \/>\n<meta property=\"og:image\" content=\"https:\/\/naturvernforbundet.no\/content\/uploads\/sites\/16\/2014\/01\/Flaggspett.20Foto20Tore20Larsen2C20NOF.jpg\" \/>\n\t<meta property=\"og:image:width\" content=\"280\" \/>\n\t<meta property=\"og:image:height\" content=\"357\" \/>\n\t<meta property=\"og:image:type\" content=\"image\/jpeg\" \/>\n<meta name=\"author\" content=\"Erik Thoring\" \/>\n<meta name=\"twitter:card\" content=\"summary_large_image\" \/>\n<meta name=\"twitter:label1\" content=\"Skrevet av\" \/>\n\t<meta name=\"twitter:data1\" content=\"Erik Thoring\" \/>\n\t<meta name=\"twitter:label2\" content=\"Ansl. lesetid\" \/>\n\t<meta name=\"twitter:data2\" content=\"1 minutt\" \/>\n<script type=\"application\/ld+json\" class=\"yoast-schema-graph\">{\"@context\":\"https:\/\/schema.org\",\"@graph\":[{\"@type\":\"WebPage\",\"@id\":\"https:\/\/naturvernforbundet.no\/rogaland\/tell-hagefugler-pa-mostun-pa-sondag\/\",\"url\":\"https:\/\/naturvernforbundet.no\/rogaland\/tell-hagefugler-pa-mostun-pa-sondag\/\",\"name\":\"Tell hagefugler p\u00e5 Mostun p\u00e5 s\u00f8ndag - Rogaland\",\"isPartOf\":{\"@id\":\"https:\/\/naturvernforbundet.no\/rogaland\/#website\"},\"primaryImageOfPage\":{\"@id\":\"https:\/\/naturvernforbundet.no\/rogaland\/tell-hagefugler-pa-mostun-pa-sondag\/#primaryimage\"},\"image\":{\"@id\":\"https:\/\/naturvernforbundet.no\/rogaland\/tell-hagefugler-pa-mostun-pa-sondag\/#primaryimage\"},\"thumbnailUrl\":\"https:\/\/naturvernforbundet.no\/content\/uploads\/sites\/16\/2014\/01\/Flaggspett.20Foto20Tore20Larsen2C20NOF.jpg\",\"datePublished\":\"2014-01-23T11:35:20+00:00\",\"author\":{\"@id\":\"https:\/\/naturvernforbundet.no\/rogaland\/#\/schema\/person\/97abad7d4d3577b542503235edaabba2\"},\"breadcrumb\":{\"@id\":\"https:\/\/naturvernforbundet.no\/rogaland\/tell-hagefugler-pa-mostun-pa-sondag\/#breadcrumb\"},\"inLanguage\":\"nb-NO\",\"potentialAction\":[{\"@type\":\"ReadAction\",\"target\":[\"https:\/\/naturvernforbundet.no\/rogaland\/tell-hagefugler-pa-mostun-pa-sondag\/\"]}]},{\"@type\":\"ImageObject\",\"inLanguage\":\"nb-NO\",\"@id\":\"https:\/\/naturvernforbundet.no\/rogaland\/tell-hagefugler-pa-mostun-pa-sondag\/#primaryimage\",\"url\":\"https:\/\/naturvernforbundet.no\/content\/uploads\/sites\/16\/2014\/01\/Flaggspett.20Foto20Tore20Larsen2C20NOF.jpg\",\"contentUrl\":\"https:\/\/naturvernforbundet.no\/content\/uploads\/sites\/16\/2014\/01\/Flaggspett.20Foto20Tore20Larsen2C20NOF.jpg\",\"width\":280,\"height\":357},{\"@type\":\"BreadcrumbList\",\"@id\":\"https:\/\/naturvernforbundet.no\/rogaland\/tell-hagefugler-pa-mostun-pa-sondag\/#breadcrumb\",\"itemListElement\":[{\"@type\":\"ListItem\",\"position\":1,\"name\":\"Till naturvernforbundet.no\",\"item\":\"https:\/\/naturvernforbundet.no\/\"},{\"@type\":\"ListItem\",\"position\":2,\"name\":\"Rogaland\",\"item\":\"https:\/\/naturvernforbundet.no\/rogaland\/\"},{\"@type\":\"ListItem\",\"position\":3,\"name\":\"Tell hagefugler p\u00e5 Mostun p\u00e5 s\u00f8ndag\"}]},{\"@type\":\"WebSite\",\"@id\":\"https:\/\/naturvernforbundet.no\/rogaland\/#website\",\"url\":\"https:\/\/naturvernforbundet.no\/rogaland\/\",\"name\":\"Rogaland\",\"description\":\"Bare enda et Naturvernforbundet Sites-nettsted\",\"potentialAction\":[{\"@type\":\"SearchAction\",\"target\":{\"@type\":\"EntryPoint\",\"urlTemplate\":\"https:\/\/naturvernforbundet.no\/rogaland\/?s={search_term_string}\"},\"query-input\":{\"@type\":\"PropertyValueSpecification\",\"valueRequired\":true,\"valueName\":\"search_term_string\"}}],\"inLanguage\":\"nb-NO\"},{\"@type\":\"Person\",\"@id\":\"https:\/\/naturvernforbundet.no\/rogaland\/#\/schema\/person\/97abad7d4d3577b542503235edaabba2\",\"name\":\"Erik Thoring\",\"image\":{\"@type\":\"ImageObject\",\"inLanguage\":\"nb-NO\",\"@id\":\"https:\/\/naturvernforbundet.no\/rogaland\/#\/schema\/person\/image\/\",\"url\":\"https:\/\/secure.gravatar.com\/avatar\/18472085169d11121a1544fda1655370?s=96&d=mm&r=g\",\"contentUrl\":\"https:\/\/secure.gravatar.com\/avatar\/18472085169d11121a1544fda1655370?s=96&d=mm&r=g\",\"caption\":\"Erik Thoring\"},\"url\":\"https:\/\/naturvernforbundet.no\/rogaland\/author\/erikthoring\/\"}]}<\/script>\n<!-- \/ Yoast SEO plugin. -->","yoast_head_json":{"title":"Tell hagefugler p\u00e5 Mostun p\u00e5 s\u00f8ndag - Rogaland","robots":{"index":"index","follow":"follow","max-snippet":"max-snippet:-1","max-image-preview":"max-image-preview:large","max-video-preview":"max-video-preview:-1"},"canonical":"https:\/\/naturvernforbundet.no\/rogaland\/tell-hagefugler-pa-mostun-pa-sondag\/","og_locale":"nb_NO","og_type":"article","og_title":"Tell hagefugler p\u00e5 Mostun p\u00e5 s\u00f8ndag - Rogaland","og_description":"Stikk innom Mostun natursenter p\u00e5 s\u00f8ndag og tell hagefugler sammen med eksperter fra Norsk Ornitologisk Forening (NOF). F\u00f8rstkommende helg, 25. - 26. januar, er det Hagefugltelling i hele Norden.","og_url":"https:\/\/naturvernforbundet.no\/rogaland\/tell-hagefugler-pa-mostun-pa-sondag\/","og_site_name":"Rogaland","article_published_time":"2014-01-23T11:35:20+00:00","og_image":[{"width":280,"height":357,"url":"https:\/\/naturvernforbundet.no\/content\/uploads\/sites\/16\/2014\/01\/Flaggspett.20Foto20Tore20Larsen2C20NOF.jpg","type":"image\/jpeg"}],"author":"Erik Thoring","twitter_card":"summary_large_image","twitter_misc":{"Skrevet av":"Erik Thoring","Ansl. lesetid":"1 minutt"},"schema":{"@context":"https:\/\/schema.org","@graph":[{"@type":"WebPage","@id":"https:\/\/naturvernforbundet.no\/rogaland\/tell-hagefugler-pa-mostun-pa-sondag\/","url":"https:\/\/naturvernforbundet.no\/rogaland\/tell-hagefugler-pa-mostun-pa-sondag\/","name":"Tell hagefugler p\u00e5 Mostun p\u00e5 s\u00f8ndag - Rogaland","isPartOf":{"@id":"https:\/\/naturvernforbundet.no\/rogaland\/#website"},"primaryImageOfPage":{"@id":"https:\/\/naturvernforbundet.no\/rogaland\/tell-hagefugler-pa-mostun-pa-sondag\/#primaryimage"},"image":{"@id":"https:\/\/naturvernforbundet.no\/rogaland\/tell-hagefugler-pa-mostun-pa-sondag\/#primaryimage"},"thumbnailUrl":"https:\/\/naturvernforbundet.no\/content\/uploads\/sites\/16\/2014\/01\/Flaggspett.20Foto20Tore20Larsen2C20NOF.jpg","datePublished":"2014-01-23T11:35:20+00:00","author":{"@id":"https:\/\/naturvernforbundet.no\/rogaland\/#\/schema\/person\/97abad7d4d3577b542503235edaabba2"},"breadcrumb":{"@id":"https:\/\/naturvernforbundet.no\/rogaland\/tell-hagefugler-pa-mostun-pa-sondag\/#breadcrumb"},"inLanguage":"nb-NO","potentialAction":[{"@type":"ReadAction","target":["https:\/\/naturvernforbundet.no\/rogaland\/tell-hagefugler-pa-mostun-pa-sondag\/"]}]},{"@type":"ImageObject","inLanguage":"nb-NO","@id":"https:\/\/naturvernforbundet.no\/rogaland\/tell-hagefugler-pa-mostun-pa-sondag\/#primaryimage","url":"https:\/\/naturvernforbundet.no\/content\/uploads\/sites\/16\/2014\/01\/Flaggspett.20Foto20Tore20Larsen2C20NOF.jpg","contentUrl":"https:\/\/naturvernforbundet.no\/content\/uploads\/sites\/16\/2014\/01\/Flaggspett.20Foto20Tore20Larsen2C20NOF.jpg","width":280,"height":357},{"@type":"BreadcrumbList","@id":"https:\/\/naturvernforbundet.no\/rogaland\/tell-hagefugler-pa-mostun-pa-sondag\/#breadcrumb","itemListElement":[{"@type":"ListItem","position":1,"name":"Till naturvernforbundet.no","item":"https:\/\/naturvernforbundet.no\/"},{"@type":"ListItem","position":2,"name":"Rogaland","item":"https:\/\/naturvernforbundet.no\/rogaland\/"},{"@type":"ListItem","position":3,"name":"Tell hagefugler p\u00e5 Mostun p\u00e5 s\u00f8ndag"}]},{"@type":"WebSite","@id":"https:\/\/naturvernforbundet.no\/rogaland\/#website","url":"https:\/\/naturvernforbundet.no\/rogaland\/","name":"Rogaland","description":"Bare enda et Naturvernforbundet Sites-nettsted","potentialAction":[{"@type":"SearchAction","target":{"@type":"EntryPoint","urlTemplate":"https:\/\/naturvernforbundet.no\/rogaland\/?s={search_term_string}"},"query-input":{"@type":"PropertyValueSpecification","valueRequired":true,"valueName":"search_term_string"}}],"inLanguage":"nb-NO"},{"@type":"Person","@id":"https:\/\/naturvernforbundet.no\/rogaland\/#\/schema\/person\/97abad7d4d3577b542503235edaabba2","name":"Erik Thoring","image":{"@type":"ImageObject","inLanguage":"nb-NO","@id":"https:\/\/naturvernforbundet.no\/rogaland\/#\/schema\/person\/image\/","url":"https:\/\/secure.gravatar.com\/avatar\/18472085169d11121a1544fda1655370?s=96&d=mm&r=g","contentUrl":"https:\/\/secure.gravatar.com\/avatar\/18472085169d11121a1544fda1655370?s=96&d=mm&r=g","caption":"Erik Thoring"},"url":"https:\/\/naturvernforbundet.no\/rogaland\/author\/erikthoring\/"}]}},"_links":{"self":[{"href":"https:\/\/naturvernforbundet.no\/rogaland\/wp-json\/wp\/v2\/posts\/1707","targetHints":{"allow":["GET"]}}],"collection":[{"href":"https:\/\/naturvernforbundet.no\/rogaland\/wp-json\/wp\/v2\/posts"}],"about":[{"href":"https:\/\/naturvernforbundet.no\/rogaland\/wp-json\/wp\/v2\/types\/post"}],"author":[{"embeddable":true,"href":"https:\/\/naturvernforbundet.no\/rogaland\/wp-json\/wp\/v2\/users\/76"}],"replies":[{"embeddable":true,"href":"https:\/\/naturvernforbundet.no\/rogaland\/wp-json\/wp\/v2\/comments?post=1707"}],"version-history":[{"count":0,"href":"https:\/\/naturvernforbundet.no\/rogaland\/wp-json\/wp\/v2\/posts\/1707\/revisions"}],"wp:featuredmedia":[{"embeddable":true,"href":"https:\/\/naturvernforbundet.no\/rogaland\/wp-json\/wp\/v2\/media\/1708"}],"wp:attachment":[{"href":"https:\/\/naturvernforbundet.no\/rogaland\/wp-json\/wp\/v2\/media?parent=1707"}],"wp:term":[{"taxonomy":"category","embeddable":true,"href":"https:\/\/naturvernforbundet.no\/rogaland\/wp-json\/wp\/v2\/categories?post=1707"},{"taxonomy":"post_tag","embeddable":true,"href":"https:\/\/naturvernforbundet.no\/rogaland\/wp-json\/wp\/v2\/tags?post=1707"},{"taxonomy":"local","embeddable":true,"href":"https:\/\/naturvernforbundet.no\/rogaland\/wp-json\/wp\/v2\/local?post=1707"}],"curies":[{"name":"wp","href":"https:\/\/api.w.org\/{rel}","templated":true}]}}