{"id":1773,"date":"2013-08-09T07:50:41","date_gmt":"2013-08-09T05:50:41","guid":{"rendered":"https:\/\/naturvernforbundet.no\/rogaland\/naturfotokurs-for-alle\/"},"modified":"2013-08-09T07:50:41","modified_gmt":"2013-08-09T05:50:41","slug":"naturfotokurs-for-alle","status":"publish","type":"post","link":"https:\/\/naturvernforbundet.no\/rogaland\/naturfotokurs-for-alle\/","title":{"rendered":"Naturfotokurs for alle"},"content":{"rendered":"\t<div class=\"template-post alignfull wp-block-naturvern-hero\">\n\t\t<div class=\"hero__inner\">\n\t\t\t<div class=\"hero__inner_blocks\">\n\t\t\t\t\t\t\t\t\n\t\t\t\t\t<h1 class=\"wp-block-post-title\">Naturfotokurs for alle<\/h1>\n\n\t\t\t\t\t<div class=\"wp-block-post-excerpt\"><p class=\"wp-block-post-excerpt__excerpt\">Har du hatt lyst \u00e5 l\u00e6re mer om naturfotografering? Da skal du melde deg p\u00e5 fotokurset som arrangeres p\u00e5 Mostun fredag 30 og l\u00f8rdag 31.august. AVLYST. <\/p><\/div>\n\n\t\t\t\t\t<figure class=\"wp-block-post-featured-image\"><img loading=\"lazy\" decoding=\"async\" width=\"653\" height=\"409\" src=\"https:\/\/naturvernforbundet.no\/content\/uploads\/sites\/16\/2013\/08\/hubro-soloppgang.jpg2028articledisplay29.jpg\" class=\"attachment-post-thumbnail size-post-thumbnail wp-post-image\" alt=\"\" style=\"object-fit:cover;\" srcset=\"https:\/\/naturvernforbundet.no\/content\/uploads\/sites\/16\/2013\/08\/hubro-soloppgang.jpg2028articledisplay29.jpg 653w, https:\/\/naturvernforbundet.no\/content\/uploads\/sites\/16\/2013\/08\/hubro-soloppgang.jpg2028articledisplay29-300x188.jpg 300w\" sizes=\"auto, (max-width: 653px) 100vw, 653px\" \/><\/figure>\n\n\t\t\t\t\t<div class=\"wp-block-naturvern-byline\">\n\t\t\t<div class=\"authors\">By <span class=\"t2-byline__author-link\">Erik Thoring<\/span><\/div>\n\t\t\t<small class=\"entry-date\">09.08.2013 07:50<\/small>\n\t\t<\/div>\n\t\t\t\t\t\t\t\t<\/div>\n\t\t\t\t\t<\/div>\n\t\t\t<\/div>\n\t\n<p>\n\tMostun er et perfekt sted for naturfotokurs. Rett utfor d\u00f8rene ligger naturen og venter p\u00e5 \u00e5 bli foreviget. Fugler, planter, insekter og tr\u00e6r. Mye av kurset vil foreg\u00e5 ute, under kyndig veiledning av Arnt Ove J\u00f8sang som har foto b\u00e5de som levebr\u00f8d og hobby. Han er leder av Stavanger Foto og bruker mye av fritida p\u00e5 fotojakt i naturen.&nbsp;<\/p>\n\n\n\n<p>\n\tFotokuset er \u00e5pent for alle som er interessert i naturfotografering. Deltakerantallet er begrenset derfor b\u00f8r du melde deg p\u00e5 s\u00e5 snart som mulig. Kurset koster kr 500 og inkluderer lunsj p\u00e5 l\u00f8rdag. Start fredag 30.08 kl. 18 til 21, og &nbsp;deretter l\u00f8rdag 31.08 fra kl 09 til 15.&nbsp;<\/p>\n\n\n\n<p>\n\tP\u00e5melding skjer til Stein Tofte tlf. 417 60 467.<\/p>\n","protected":false},"excerpt":{"rendered":"<p>Har du hatt lyst \u00e5 l\u00e6re mer om naturfotografering? Da skal du melde deg p\u00e5 fotokurset som arrangeres p\u00e5 Mostun fredag 30 og l\u00f8rdag 31.august. AVLYST.<\/p>\n","protected":false},"author":76,"featured_media":1774,"comment_status":"closed","ping_status":"closed","sticky":false,"template":"","format":"standard","meta":{"_relevanssi_hide_post":"","_relevanssi_hide_content":"","_relevanssi_pin_for_all":"","_relevanssi_pin_keywords":"","_relevanssi_unpin_keywords":"","_relevanssi_related_keywords":"","_relevanssi_related_include_ids":"","_relevanssi_related_exclude_ids":"","_relevanssi_related_no_append":"","_relevanssi_related_not_related":"","_relevanssi_related_posts":"","_relevanssi_noindex_reason":"","hide_logo":false,"footnotes":""},"categories":[10],"tags":[],"local":[],"class_list":["post-1773","post","type-post","status-publish","format-standard","has-post-thumbnail","hentry","category-mostun"],"acf":[],"yoast_head":"<!-- This site is optimized with the Yoast SEO plugin v24.9 - https:\/\/yoast.com\/wordpress\/plugins\/seo\/ -->\n<title>Naturfotokurs for alle - Rogaland<\/title>\n<meta name=\"robots\" content=\"index, follow, max-snippet:-1, max-image-preview:large, max-video-preview:-1\" \/>\n<link rel=\"canonical\" href=\"https:\/\/naturvernforbundet.no\/rogaland\/naturfotokurs-for-alle\/\" \/>\n<meta property=\"og:locale\" content=\"nb_NO\" \/>\n<meta property=\"og:type\" content=\"article\" \/>\n<meta property=\"og:title\" content=\"Naturfotokurs for alle - Rogaland\" \/>\n<meta property=\"og:description\" content=\"Har du hatt lyst \u00e5 l\u00e6re mer om naturfotografering? Da skal du melde deg p\u00e5 fotokurset som arrangeres p\u00e5 Mostun fredag 30 og l\u00f8rdag 31.august. AVLYST.\" \/>\n<meta property=\"og:url\" content=\"https:\/\/naturvernforbundet.no\/rogaland\/naturfotokurs-for-alle\/\" \/>\n<meta property=\"og:site_name\" content=\"Rogaland\" \/>\n<meta property=\"article:published_time\" content=\"2013-08-09T05:50:41+00:00\" \/>\n<meta property=\"og:image\" content=\"https:\/\/naturvernforbundet.no\/content\/uploads\/sites\/16\/2013\/08\/hubro-soloppgang.jpg2028articledisplay29.jpg\" \/>\n\t<meta property=\"og:image:width\" content=\"653\" \/>\n\t<meta property=\"og:image:height\" content=\"409\" \/>\n\t<meta property=\"og:image:type\" content=\"image\/jpeg\" \/>\n<meta name=\"author\" content=\"Erik Thoring\" \/>\n<meta name=\"twitter:card\" content=\"summary_large_image\" \/>\n<meta name=\"twitter:label1\" content=\"Skrevet av\" \/>\n\t<meta name=\"twitter:data1\" content=\"Erik Thoring\" \/>\n\t<meta name=\"twitter:label2\" content=\"Ansl. lesetid\" \/>\n\t<meta name=\"twitter:data2\" content=\"1 minutt\" \/>\n<script type=\"application\/ld+json\" class=\"yoast-schema-graph\">{\"@context\":\"https:\/\/schema.org\",\"@graph\":[{\"@type\":\"WebPage\",\"@id\":\"https:\/\/naturvernforbundet.no\/rogaland\/naturfotokurs-for-alle\/\",\"url\":\"https:\/\/naturvernforbundet.no\/rogaland\/naturfotokurs-for-alle\/\",\"name\":\"Naturfotokurs for alle - Rogaland\",\"isPartOf\":{\"@id\":\"https:\/\/naturvernforbundet.no\/rogaland\/#website\"},\"primaryImageOfPage\":{\"@id\":\"https:\/\/naturvernforbundet.no\/rogaland\/naturfotokurs-for-alle\/#primaryimage\"},\"image\":{\"@id\":\"https:\/\/naturvernforbundet.no\/rogaland\/naturfotokurs-for-alle\/#primaryimage\"},\"thumbnailUrl\":\"https:\/\/naturvernforbundet.no\/content\/uploads\/sites\/16\/2013\/08\/hubro-soloppgang.jpg2028articledisplay29.jpg\",\"datePublished\":\"2013-08-09T05:50:41+00:00\",\"author\":{\"@id\":\"https:\/\/naturvernforbundet.no\/rogaland\/#\/schema\/person\/97abad7d4d3577b542503235edaabba2\"},\"breadcrumb\":{\"@id\":\"https:\/\/naturvernforbundet.no\/rogaland\/naturfotokurs-for-alle\/#breadcrumb\"},\"inLanguage\":\"nb-NO\",\"potentialAction\":[{\"@type\":\"ReadAction\",\"target\":[\"https:\/\/naturvernforbundet.no\/rogaland\/naturfotokurs-for-alle\/\"]}]},{\"@type\":\"ImageObject\",\"inLanguage\":\"nb-NO\",\"@id\":\"https:\/\/naturvernforbundet.no\/rogaland\/naturfotokurs-for-alle\/#primaryimage\",\"url\":\"https:\/\/naturvernforbundet.no\/content\/uploads\/sites\/16\/2013\/08\/hubro-soloppgang.jpg2028articledisplay29.jpg\",\"contentUrl\":\"https:\/\/naturvernforbundet.no\/content\/uploads\/sites\/16\/2013\/08\/hubro-soloppgang.jpg2028articledisplay29.jpg\",\"width\":653,\"height\":409},{\"@type\":\"BreadcrumbList\",\"@id\":\"https:\/\/naturvernforbundet.no\/rogaland\/naturfotokurs-for-alle\/#breadcrumb\",\"itemListElement\":[{\"@type\":\"ListItem\",\"position\":1,\"name\":\"Till naturvernforbundet.no\",\"item\":\"https:\/\/naturvernforbundet.no\/\"},{\"@type\":\"ListItem\",\"position\":2,\"name\":\"Rogaland\",\"item\":\"https:\/\/naturvernforbundet.no\/rogaland\/\"},{\"@type\":\"ListItem\",\"position\":3,\"name\":\"Naturfotokurs for alle\"}]},{\"@type\":\"WebSite\",\"@id\":\"https:\/\/naturvernforbundet.no\/rogaland\/#website\",\"url\":\"https:\/\/naturvernforbundet.no\/rogaland\/\",\"name\":\"Rogaland\",\"description\":\"Bare enda et Naturvernforbundet Sites-nettsted\",\"potentialAction\":[{\"@type\":\"SearchAction\",\"target\":{\"@type\":\"EntryPoint\",\"urlTemplate\":\"https:\/\/naturvernforbundet.no\/rogaland\/?s={search_term_string}\"},\"query-input\":{\"@type\":\"PropertyValueSpecification\",\"valueRequired\":true,\"valueName\":\"search_term_string\"}}],\"inLanguage\":\"nb-NO\"},{\"@type\":\"Person\",\"@id\":\"https:\/\/naturvernforbundet.no\/rogaland\/#\/schema\/person\/97abad7d4d3577b542503235edaabba2\",\"name\":\"Erik Thoring\",\"image\":{\"@type\":\"ImageObject\",\"inLanguage\":\"nb-NO\",\"@id\":\"https:\/\/naturvernforbundet.no\/rogaland\/#\/schema\/person\/image\/\",\"url\":\"https:\/\/secure.gravatar.com\/avatar\/18472085169d11121a1544fda1655370?s=96&d=mm&r=g\",\"contentUrl\":\"https:\/\/secure.gravatar.com\/avatar\/18472085169d11121a1544fda1655370?s=96&d=mm&r=g\",\"caption\":\"Erik Thoring\"},\"url\":\"https:\/\/naturvernforbundet.no\/rogaland\/author\/erikthoring\/\"}]}<\/script>\n<!-- \/ Yoast SEO plugin. -->","yoast_head_json":{"title":"Naturfotokurs for alle - Rogaland","robots":{"index":"index","follow":"follow","max-snippet":"max-snippet:-1","max-image-preview":"max-image-preview:large","max-video-preview":"max-video-preview:-1"},"canonical":"https:\/\/naturvernforbundet.no\/rogaland\/naturfotokurs-for-alle\/","og_locale":"nb_NO","og_type":"article","og_title":"Naturfotokurs for alle - Rogaland","og_description":"Har du hatt lyst \u00e5 l\u00e6re mer om naturfotografering? Da skal du melde deg p\u00e5 fotokurset som arrangeres p\u00e5 Mostun fredag 30 og l\u00f8rdag 31.august. AVLYST.","og_url":"https:\/\/naturvernforbundet.no\/rogaland\/naturfotokurs-for-alle\/","og_site_name":"Rogaland","article_published_time":"2013-08-09T05:50:41+00:00","og_image":[{"width":653,"height":409,"url":"https:\/\/naturvernforbundet.no\/content\/uploads\/sites\/16\/2013\/08\/hubro-soloppgang.jpg2028articledisplay29.jpg","type":"image\/jpeg"}],"author":"Erik Thoring","twitter_card":"summary_large_image","twitter_misc":{"Skrevet av":"Erik Thoring","Ansl. lesetid":"1 minutt"},"schema":{"@context":"https:\/\/schema.org","@graph":[{"@type":"WebPage","@id":"https:\/\/naturvernforbundet.no\/rogaland\/naturfotokurs-for-alle\/","url":"https:\/\/naturvernforbundet.no\/rogaland\/naturfotokurs-for-alle\/","name":"Naturfotokurs for alle - Rogaland","isPartOf":{"@id":"https:\/\/naturvernforbundet.no\/rogaland\/#website"},"primaryImageOfPage":{"@id":"https:\/\/naturvernforbundet.no\/rogaland\/naturfotokurs-for-alle\/#primaryimage"},"image":{"@id":"https:\/\/naturvernforbundet.no\/rogaland\/naturfotokurs-for-alle\/#primaryimage"},"thumbnailUrl":"https:\/\/naturvernforbundet.no\/content\/uploads\/sites\/16\/2013\/08\/hubro-soloppgang.jpg2028articledisplay29.jpg","datePublished":"2013-08-09T05:50:41+00:00","author":{"@id":"https:\/\/naturvernforbundet.no\/rogaland\/#\/schema\/person\/97abad7d4d3577b542503235edaabba2"},"breadcrumb":{"@id":"https:\/\/naturvernforbundet.no\/rogaland\/naturfotokurs-for-alle\/#breadcrumb"},"inLanguage":"nb-NO","potentialAction":[{"@type":"ReadAction","target":["https:\/\/naturvernforbundet.no\/rogaland\/naturfotokurs-for-alle\/"]}]},{"@type":"ImageObject","inLanguage":"nb-NO","@id":"https:\/\/naturvernforbundet.no\/rogaland\/naturfotokurs-for-alle\/#primaryimage","url":"https:\/\/naturvernforbundet.no\/content\/uploads\/sites\/16\/2013\/08\/hubro-soloppgang.jpg2028articledisplay29.jpg","contentUrl":"https:\/\/naturvernforbundet.no\/content\/uploads\/sites\/16\/2013\/08\/hubro-soloppgang.jpg2028articledisplay29.jpg","width":653,"height":409},{"@type":"BreadcrumbList","@id":"https:\/\/naturvernforbundet.no\/rogaland\/naturfotokurs-for-alle\/#breadcrumb","itemListElement":[{"@type":"ListItem","position":1,"name":"Till naturvernforbundet.no","item":"https:\/\/naturvernforbundet.no\/"},{"@type":"ListItem","position":2,"name":"Rogaland","item":"https:\/\/naturvernforbundet.no\/rogaland\/"},{"@type":"ListItem","position":3,"name":"Naturfotokurs for alle"}]},{"@type":"WebSite","@id":"https:\/\/naturvernforbundet.no\/rogaland\/#website","url":"https:\/\/naturvernforbundet.no\/rogaland\/","name":"Rogaland","description":"Bare enda et Naturvernforbundet Sites-nettsted","potentialAction":[{"@type":"SearchAction","target":{"@type":"EntryPoint","urlTemplate":"https:\/\/naturvernforbundet.no\/rogaland\/?s={search_term_string}"},"query-input":{"@type":"PropertyValueSpecification","valueRequired":true,"valueName":"search_term_string"}}],"inLanguage":"nb-NO"},{"@type":"Person","@id":"https:\/\/naturvernforbundet.no\/rogaland\/#\/schema\/person\/97abad7d4d3577b542503235edaabba2","name":"Erik Thoring","image":{"@type":"ImageObject","inLanguage":"nb-NO","@id":"https:\/\/naturvernforbundet.no\/rogaland\/#\/schema\/person\/image\/","url":"https:\/\/secure.gravatar.com\/avatar\/18472085169d11121a1544fda1655370?s=96&d=mm&r=g","contentUrl":"https:\/\/secure.gravatar.com\/avatar\/18472085169d11121a1544fda1655370?s=96&d=mm&r=g","caption":"Erik Thoring"},"url":"https:\/\/naturvernforbundet.no\/rogaland\/author\/erikthoring\/"}]}},"_links":{"self":[{"href":"https:\/\/naturvernforbundet.no\/rogaland\/wp-json\/wp\/v2\/posts\/1773","targetHints":{"allow":["GET"]}}],"collection":[{"href":"https:\/\/naturvernforbundet.no\/rogaland\/wp-json\/wp\/v2\/posts"}],"about":[{"href":"https:\/\/naturvernforbundet.no\/rogaland\/wp-json\/wp\/v2\/types\/post"}],"author":[{"embeddable":true,"href":"https:\/\/naturvernforbundet.no\/rogaland\/wp-json\/wp\/v2\/users\/76"}],"replies":[{"embeddable":true,"href":"https:\/\/naturvernforbundet.no\/rogaland\/wp-json\/wp\/v2\/comments?post=1773"}],"version-history":[{"count":0,"href":"https:\/\/naturvernforbundet.no\/rogaland\/wp-json\/wp\/v2\/posts\/1773\/revisions"}],"wp:featuredmedia":[{"embeddable":true,"href":"https:\/\/naturvernforbundet.no\/rogaland\/wp-json\/wp\/v2\/media\/1774"}],"wp:attachment":[{"href":"https:\/\/naturvernforbundet.no\/rogaland\/wp-json\/wp\/v2\/media?parent=1773"}],"wp:term":[{"taxonomy":"category","embeddable":true,"href":"https:\/\/naturvernforbundet.no\/rogaland\/wp-json\/wp\/v2\/categories?post=1773"},{"taxonomy":"post_tag","embeddable":true,"href":"https:\/\/naturvernforbundet.no\/rogaland\/wp-json\/wp\/v2\/tags?post=1773"},{"taxonomy":"local","embeddable":true,"href":"https:\/\/naturvernforbundet.no\/rogaland\/wp-json\/wp\/v2\/local?post=1773"}],"curies":[{"name":"wp","href":"https:\/\/api.w.org\/{rel}","templated":true}]}}