{"id":1831,"date":"2013-12-16T07:30:15","date_gmt":"2013-12-16T06:30:15","guid":{"rendered":"https:\/\/naturvernforbundet.no\/rogaland\/mostun-inviterer-ungdoms-og-videregaende-skoler-til-foredrag-om-kraketrekket\/"},"modified":"2013-12-16T07:30:15","modified_gmt":"2013-12-16T06:30:15","slug":"mostun-inviterer-ungdoms-og-videregaende-skoler-til-foredrag-om-kraketrekket","status":"publish","type":"post","link":"https:\/\/naturvernforbundet.no\/rogaland\/mostun-inviterer-ungdoms-og-videregaende-skoler-til-foredrag-om-kraketrekket\/","title":{"rendered":"Mostun inviterer ungdoms- og videreg\u00e5ende skoler til foredrag om kr\u00e5ketrekket"},"content":{"rendered":"\t<div class=\"template-post alignfull wp-block-naturvern-hero\">\n\t\t<div class=\"hero__inner\">\n\t\t\t<div class=\"hero__inner_blocks\">\n\t\t\t\t\t\t\t\t\n\t\t\t\t\t<h1 class=\"wp-block-post-title\">Mostun inviterer ungdoms- og videreg\u00e5ende skoler til foredrag om kr\u00e5ketrekket<\/h1>\n\n\t\t\t\t\t<div class=\"wp-block-post-excerpt\"><p class=\"wp-block-post-excerpt__excerpt\">Undervisningen ved Mostun natursenter er i gang. Vi har den glede \u00e5 invitere skoleklasser til foredraget &laquo;Hvorfor elsker kr\u00e5kene Mosvatnet&raquo;. Foredraget, med mulighet for vandring i kr\u00e5keskogen, er tilpasset elever p\u00e5 ungdoms- og videreg\u00e5ende skole. <\/p><\/div>\n\n\t\t\t\t\t<figure class=\"wp-block-post-featured-image\"><img loading=\"lazy\" decoding=\"async\" width=\"653\" height=\"490\" src=\"https:\/\/naturvernforbundet.no\/content\/uploads\/sites\/16\/2013\/12\/PC060016.JPG2028articledisplay29.jpg\" class=\"attachment-post-thumbnail size-post-thumbnail wp-post-image\" alt=\"\" style=\"object-fit:cover;\" srcset=\"https:\/\/naturvernforbundet.no\/content\/uploads\/sites\/16\/2013\/12\/PC060016.JPG2028articledisplay29.jpg 653w, https:\/\/naturvernforbundet.no\/content\/uploads\/sites\/16\/2013\/12\/PC060016.JPG2028articledisplay29-300x225.jpg 300w\" sizes=\"auto, (max-width: 653px) 100vw, 653px\" \/><\/figure>\n\n\t\t\t\t\t<div class=\"wp-block-naturvern-byline\">\n\t\t\t<div class=\"authors\">By <span class=\"t2-byline__author-link\">Toril Hasle<\/span><\/div>\n\t\t\t<small class=\"entry-date\">16.12.2013 07:30<\/small>\n\t\t<\/div>\n\t\t\t\t\t\t\t\t<\/div>\n\t\t\t\t\t<\/div>\n\t\t\t<\/div>\n\t\n<p>\n\tDu har sikkert lagt merke til alle kr\u00e5kene som str\u00f8mmer til Mosvatnet i skumringen. Tusenvis av kr\u00e5ker reiser til Mosvatnet om kvelden og drar herfra igjen om morgenen. Hva er det med Mosvatnet som virker s\u00e5 tiltrekkende p\u00e5 kr\u00e5kene?<\/p>\n\n\n\n<p>\n\tVelkommen til et spennende foredrag om temaet med den dyktige formidleren og kr\u00e5keeksperten \u00d8yvind Gjerde (Norsk Ornitologisk Forening). \u00d8yvind har de siste tre \u00e5rene foretatt omfattende dokumentasjon av vinterbestandene av kr\u00e5kefugler p\u00e5 J\u00e6ren.&nbsp;Hvis klassen kommer p\u00e5 morgenen i januar kan vi tillegg tilby guidet vandring i kr\u00e5keskogen f\u00f8r kr\u00e5kene forlater Mosvatnet. Vandringen tar 1\/2 time ekstra. Opplegget er gratis.<\/p>\n\n\n\n<p>\n\tMer informasjon om opplegget st\u00e5r i invitasjonen som ligger vedlagt.<\/p>\n\n\n\n<p>\n\tVelkommen!<\/p>\n","protected":false},"excerpt":{"rendered":"<p>Undervisningen ved Mostun natursenter er i gang. Vi har den glede \u00e5 invitere skoleklasser til foredraget &laquo;Hvorfor elsker kr\u00e5kene Mosvatnet&raquo;. Foredraget, med mulighet for vandring i kr\u00e5keskogen, er tilpasset elever p\u00e5 ungdoms- og videreg\u00e5ende skole.<\/p>\n","protected":false},"author":242,"featured_media":1832,"comment_status":"closed","ping_status":"closed","sticky":false,"template":"","format":"standard","meta":{"_relevanssi_hide_post":"","_relevanssi_hide_content":"","_relevanssi_pin_for_all":"","_relevanssi_pin_keywords":"","_relevanssi_unpin_keywords":"","_relevanssi_related_keywords":"","_relevanssi_related_include_ids":"","_relevanssi_related_exclude_ids":"","_relevanssi_related_no_append":"","_relevanssi_related_not_related":"","_relevanssi_related_posts":"","_relevanssi_noindex_reason":"","hide_logo":false,"footnotes":""},"categories":[10],"tags":[],"local":[],"class_list":["post-1831","post","type-post","status-publish","format-standard","has-post-thumbnail","hentry","category-mostun"],"acf":[],"yoast_head":"<!-- This site is optimized with the Yoast SEO plugin v24.9 - https:\/\/yoast.com\/wordpress\/plugins\/seo\/ -->\n<title>Mostun inviterer ungdoms- og videreg\u00e5ende skoler til foredrag om kr\u00e5ketrekket - Rogaland<\/title>\n<meta name=\"robots\" content=\"index, follow, max-snippet:-1, max-image-preview:large, max-video-preview:-1\" \/>\n<link rel=\"canonical\" href=\"https:\/\/naturvernforbundet.no\/rogaland\/mostun-inviterer-ungdoms-og-videregaende-skoler-til-foredrag-om-kraketrekket\/\" \/>\n<meta property=\"og:locale\" content=\"nb_NO\" \/>\n<meta property=\"og:type\" content=\"article\" \/>\n<meta property=\"og:title\" content=\"Mostun inviterer ungdoms- og videreg\u00e5ende skoler til foredrag om kr\u00e5ketrekket - Rogaland\" \/>\n<meta property=\"og:description\" content=\"Undervisningen ved Mostun natursenter er i gang. Vi har den glede \u00e5 invitere skoleklasser til foredraget &quot;Hvorfor elsker kr\u00e5kene Mosvatnet&quot;. Foredraget, med mulighet for vandring i kr\u00e5keskogen, er tilpasset elever p\u00e5 ungdoms- og videreg\u00e5ende skole.\" \/>\n<meta property=\"og:url\" content=\"https:\/\/naturvernforbundet.no\/rogaland\/mostun-inviterer-ungdoms-og-videregaende-skoler-til-foredrag-om-kraketrekket\/\" \/>\n<meta property=\"og:site_name\" content=\"Rogaland\" \/>\n<meta property=\"article:published_time\" content=\"2013-12-16T06:30:15+00:00\" \/>\n<meta property=\"og:image\" content=\"https:\/\/naturvernforbundet.no\/content\/uploads\/sites\/16\/2013\/12\/PC060016.JPG2028articledisplay29.jpg\" \/>\n\t<meta property=\"og:image:width\" content=\"653\" \/>\n\t<meta property=\"og:image:height\" content=\"490\" \/>\n\t<meta property=\"og:image:type\" content=\"image\/jpeg\" \/>\n<meta name=\"author\" content=\"Toril Hasle\" \/>\n<meta name=\"twitter:card\" content=\"summary_large_image\" \/>\n<meta name=\"twitter:label1\" content=\"Skrevet av\" \/>\n\t<meta name=\"twitter:data1\" content=\"Toril Hasle\" \/>\n\t<meta name=\"twitter:label2\" content=\"Ansl. lesetid\" \/>\n\t<meta name=\"twitter:data2\" content=\"1 minutt\" \/>\n<script type=\"application\/ld+json\" class=\"yoast-schema-graph\">{\"@context\":\"https:\/\/schema.org\",\"@graph\":[{\"@type\":\"WebPage\",\"@id\":\"https:\/\/naturvernforbundet.no\/rogaland\/mostun-inviterer-ungdoms-og-videregaende-skoler-til-foredrag-om-kraketrekket\/\",\"url\":\"https:\/\/naturvernforbundet.no\/rogaland\/mostun-inviterer-ungdoms-og-videregaende-skoler-til-foredrag-om-kraketrekket\/\",\"name\":\"Mostun inviterer ungdoms- og videreg\u00e5ende skoler til foredrag om kr\u00e5ketrekket - Rogaland\",\"isPartOf\":{\"@id\":\"https:\/\/naturvernforbundet.no\/rogaland\/#website\"},\"primaryImageOfPage\":{\"@id\":\"https:\/\/naturvernforbundet.no\/rogaland\/mostun-inviterer-ungdoms-og-videregaende-skoler-til-foredrag-om-kraketrekket\/#primaryimage\"},\"image\":{\"@id\":\"https:\/\/naturvernforbundet.no\/rogaland\/mostun-inviterer-ungdoms-og-videregaende-skoler-til-foredrag-om-kraketrekket\/#primaryimage\"},\"thumbnailUrl\":\"https:\/\/naturvernforbundet.no\/content\/uploads\/sites\/16\/2013\/12\/PC060016.JPG2028articledisplay29.jpg\",\"datePublished\":\"2013-12-16T06:30:15+00:00\",\"author\":{\"@id\":\"https:\/\/naturvernforbundet.no\/rogaland\/#\/schema\/person\/449e485ed59f3273099b8377b977a681\"},\"breadcrumb\":{\"@id\":\"https:\/\/naturvernforbundet.no\/rogaland\/mostun-inviterer-ungdoms-og-videregaende-skoler-til-foredrag-om-kraketrekket\/#breadcrumb\"},\"inLanguage\":\"nb-NO\",\"potentialAction\":[{\"@type\":\"ReadAction\",\"target\":[\"https:\/\/naturvernforbundet.no\/rogaland\/mostun-inviterer-ungdoms-og-videregaende-skoler-til-foredrag-om-kraketrekket\/\"]}]},{\"@type\":\"ImageObject\",\"inLanguage\":\"nb-NO\",\"@id\":\"https:\/\/naturvernforbundet.no\/rogaland\/mostun-inviterer-ungdoms-og-videregaende-skoler-til-foredrag-om-kraketrekket\/#primaryimage\",\"url\":\"https:\/\/naturvernforbundet.no\/content\/uploads\/sites\/16\/2013\/12\/PC060016.JPG2028articledisplay29.jpg\",\"contentUrl\":\"https:\/\/naturvernforbundet.no\/content\/uploads\/sites\/16\/2013\/12\/PC060016.JPG2028articledisplay29.jpg\",\"width\":653,\"height\":490},{\"@type\":\"BreadcrumbList\",\"@id\":\"https:\/\/naturvernforbundet.no\/rogaland\/mostun-inviterer-ungdoms-og-videregaende-skoler-til-foredrag-om-kraketrekket\/#breadcrumb\",\"itemListElement\":[{\"@type\":\"ListItem\",\"position\":1,\"name\":\"Till naturvernforbundet.no\",\"item\":\"https:\/\/naturvernforbundet.no\/\"},{\"@type\":\"ListItem\",\"position\":2,\"name\":\"Rogaland\",\"item\":\"https:\/\/naturvernforbundet.no\/rogaland\/\"},{\"@type\":\"ListItem\",\"position\":3,\"name\":\"Mostun inviterer ungdoms- og videreg\u00e5ende skoler til foredrag om kr\u00e5ketrekket\"}]},{\"@type\":\"WebSite\",\"@id\":\"https:\/\/naturvernforbundet.no\/rogaland\/#website\",\"url\":\"https:\/\/naturvernforbundet.no\/rogaland\/\",\"name\":\"Rogaland\",\"description\":\"Bare enda et Naturvernforbundet Sites-nettsted\",\"potentialAction\":[{\"@type\":\"SearchAction\",\"target\":{\"@type\":\"EntryPoint\",\"urlTemplate\":\"https:\/\/naturvernforbundet.no\/rogaland\/?s={search_term_string}\"},\"query-input\":{\"@type\":\"PropertyValueSpecification\",\"valueRequired\":true,\"valueName\":\"search_term_string\"}}],\"inLanguage\":\"nb-NO\"},{\"@type\":\"Person\",\"@id\":\"https:\/\/naturvernforbundet.no\/rogaland\/#\/schema\/person\/449e485ed59f3273099b8377b977a681\",\"name\":\"Toril Hasle\",\"image\":{\"@type\":\"ImageObject\",\"inLanguage\":\"nb-NO\",\"@id\":\"https:\/\/naturvernforbundet.no\/rogaland\/#\/schema\/person\/image\/\",\"url\":\"https:\/\/secure.gravatar.com\/avatar\/9b9adb3af08ae3a382c9b6d5663f5198?s=96&d=mm&r=g\",\"contentUrl\":\"https:\/\/secure.gravatar.com\/avatar\/9b9adb3af08ae3a382c9b6d5663f5198?s=96&d=mm&r=g\",\"caption\":\"Toril Hasle\"},\"url\":\"https:\/\/naturvernforbundet.no\/rogaland\/author\/torilhasle\/\"}]}<\/script>\n<!-- \/ Yoast SEO plugin. -->","yoast_head_json":{"title":"Mostun inviterer ungdoms- og videreg\u00e5ende skoler til foredrag om kr\u00e5ketrekket - Rogaland","robots":{"index":"index","follow":"follow","max-snippet":"max-snippet:-1","max-image-preview":"max-image-preview:large","max-video-preview":"max-video-preview:-1"},"canonical":"https:\/\/naturvernforbundet.no\/rogaland\/mostun-inviterer-ungdoms-og-videregaende-skoler-til-foredrag-om-kraketrekket\/","og_locale":"nb_NO","og_type":"article","og_title":"Mostun inviterer ungdoms- og videreg\u00e5ende skoler til foredrag om kr\u00e5ketrekket - Rogaland","og_description":"Undervisningen ved Mostun natursenter er i gang. Vi har den glede \u00e5 invitere skoleklasser til foredraget \"Hvorfor elsker kr\u00e5kene Mosvatnet\". Foredraget, med mulighet for vandring i kr\u00e5keskogen, er tilpasset elever p\u00e5 ungdoms- og videreg\u00e5ende skole.","og_url":"https:\/\/naturvernforbundet.no\/rogaland\/mostun-inviterer-ungdoms-og-videregaende-skoler-til-foredrag-om-kraketrekket\/","og_site_name":"Rogaland","article_published_time":"2013-12-16T06:30:15+00:00","og_image":[{"width":653,"height":490,"url":"https:\/\/naturvernforbundet.no\/content\/uploads\/sites\/16\/2013\/12\/PC060016.JPG2028articledisplay29.jpg","type":"image\/jpeg"}],"author":"Toril Hasle","twitter_card":"summary_large_image","twitter_misc":{"Skrevet av":"Toril Hasle","Ansl. lesetid":"1 minutt"},"schema":{"@context":"https:\/\/schema.org","@graph":[{"@type":"WebPage","@id":"https:\/\/naturvernforbundet.no\/rogaland\/mostun-inviterer-ungdoms-og-videregaende-skoler-til-foredrag-om-kraketrekket\/","url":"https:\/\/naturvernforbundet.no\/rogaland\/mostun-inviterer-ungdoms-og-videregaende-skoler-til-foredrag-om-kraketrekket\/","name":"Mostun inviterer ungdoms- og videreg\u00e5ende skoler til foredrag om kr\u00e5ketrekket - Rogaland","isPartOf":{"@id":"https:\/\/naturvernforbundet.no\/rogaland\/#website"},"primaryImageOfPage":{"@id":"https:\/\/naturvernforbundet.no\/rogaland\/mostun-inviterer-ungdoms-og-videregaende-skoler-til-foredrag-om-kraketrekket\/#primaryimage"},"image":{"@id":"https:\/\/naturvernforbundet.no\/rogaland\/mostun-inviterer-ungdoms-og-videregaende-skoler-til-foredrag-om-kraketrekket\/#primaryimage"},"thumbnailUrl":"https:\/\/naturvernforbundet.no\/content\/uploads\/sites\/16\/2013\/12\/PC060016.JPG2028articledisplay29.jpg","datePublished":"2013-12-16T06:30:15+00:00","author":{"@id":"https:\/\/naturvernforbundet.no\/rogaland\/#\/schema\/person\/449e485ed59f3273099b8377b977a681"},"breadcrumb":{"@id":"https:\/\/naturvernforbundet.no\/rogaland\/mostun-inviterer-ungdoms-og-videregaende-skoler-til-foredrag-om-kraketrekket\/#breadcrumb"},"inLanguage":"nb-NO","potentialAction":[{"@type":"ReadAction","target":["https:\/\/naturvernforbundet.no\/rogaland\/mostun-inviterer-ungdoms-og-videregaende-skoler-til-foredrag-om-kraketrekket\/"]}]},{"@type":"ImageObject","inLanguage":"nb-NO","@id":"https:\/\/naturvernforbundet.no\/rogaland\/mostun-inviterer-ungdoms-og-videregaende-skoler-til-foredrag-om-kraketrekket\/#primaryimage","url":"https:\/\/naturvernforbundet.no\/content\/uploads\/sites\/16\/2013\/12\/PC060016.JPG2028articledisplay29.jpg","contentUrl":"https:\/\/naturvernforbundet.no\/content\/uploads\/sites\/16\/2013\/12\/PC060016.JPG2028articledisplay29.jpg","width":653,"height":490},{"@type":"BreadcrumbList","@id":"https:\/\/naturvernforbundet.no\/rogaland\/mostun-inviterer-ungdoms-og-videregaende-skoler-til-foredrag-om-kraketrekket\/#breadcrumb","itemListElement":[{"@type":"ListItem","position":1,"name":"Till naturvernforbundet.no","item":"https:\/\/naturvernforbundet.no\/"},{"@type":"ListItem","position":2,"name":"Rogaland","item":"https:\/\/naturvernforbundet.no\/rogaland\/"},{"@type":"ListItem","position":3,"name":"Mostun inviterer ungdoms- og videreg\u00e5ende skoler til foredrag om kr\u00e5ketrekket"}]},{"@type":"WebSite","@id":"https:\/\/naturvernforbundet.no\/rogaland\/#website","url":"https:\/\/naturvernforbundet.no\/rogaland\/","name":"Rogaland","description":"Bare enda et Naturvernforbundet Sites-nettsted","potentialAction":[{"@type":"SearchAction","target":{"@type":"EntryPoint","urlTemplate":"https:\/\/naturvernforbundet.no\/rogaland\/?s={search_term_string}"},"query-input":{"@type":"PropertyValueSpecification","valueRequired":true,"valueName":"search_term_string"}}],"inLanguage":"nb-NO"},{"@type":"Person","@id":"https:\/\/naturvernforbundet.no\/rogaland\/#\/schema\/person\/449e485ed59f3273099b8377b977a681","name":"Toril Hasle","image":{"@type":"ImageObject","inLanguage":"nb-NO","@id":"https:\/\/naturvernforbundet.no\/rogaland\/#\/schema\/person\/image\/","url":"https:\/\/secure.gravatar.com\/avatar\/9b9adb3af08ae3a382c9b6d5663f5198?s=96&d=mm&r=g","contentUrl":"https:\/\/secure.gravatar.com\/avatar\/9b9adb3af08ae3a382c9b6d5663f5198?s=96&d=mm&r=g","caption":"Toril Hasle"},"url":"https:\/\/naturvernforbundet.no\/rogaland\/author\/torilhasle\/"}]}},"_links":{"self":[{"href":"https:\/\/naturvernforbundet.no\/rogaland\/wp-json\/wp\/v2\/posts\/1831","targetHints":{"allow":["GET"]}}],"collection":[{"href":"https:\/\/naturvernforbundet.no\/rogaland\/wp-json\/wp\/v2\/posts"}],"about":[{"href":"https:\/\/naturvernforbundet.no\/rogaland\/wp-json\/wp\/v2\/types\/post"}],"author":[{"embeddable":true,"href":"https:\/\/naturvernforbundet.no\/rogaland\/wp-json\/wp\/v2\/users\/242"}],"replies":[{"embeddable":true,"href":"https:\/\/naturvernforbundet.no\/rogaland\/wp-json\/wp\/v2\/comments?post=1831"}],"version-history":[{"count":0,"href":"https:\/\/naturvernforbundet.no\/rogaland\/wp-json\/wp\/v2\/posts\/1831\/revisions"}],"wp:featuredmedia":[{"embeddable":true,"href":"https:\/\/naturvernforbundet.no\/rogaland\/wp-json\/wp\/v2\/media\/1832"}],"wp:attachment":[{"href":"https:\/\/naturvernforbundet.no\/rogaland\/wp-json\/wp\/v2\/media?parent=1831"}],"wp:term":[{"taxonomy":"category","embeddable":true,"href":"https:\/\/naturvernforbundet.no\/rogaland\/wp-json\/wp\/v2\/categories?post=1831"},{"taxonomy":"post_tag","embeddable":true,"href":"https:\/\/naturvernforbundet.no\/rogaland\/wp-json\/wp\/v2\/tags?post=1831"},{"taxonomy":"local","embeddable":true,"href":"https:\/\/naturvernforbundet.no\/rogaland\/wp-json\/wp\/v2\/local?post=1831"}],"curies":[{"name":"wp","href":"https:\/\/api.w.org\/{rel}","templated":true}]}}