{"id":1977,"date":"2019-04-09T10:00:05","date_gmt":"2019-04-09T08:00:05","guid":{"rendered":"https:\/\/naturvernforbundet.no\/rogaland\/vellykket-klesbyttearrangement-pa-mostun\/"},"modified":"2019-04-09T10:00:05","modified_gmt":"2019-04-09T08:00:05","slug":"vellykket-klesbyttearrangement-pa-mostun","status":"publish","type":"post","link":"https:\/\/naturvernforbundet.no\/rogaland\/vellykket-klesbyttearrangement-pa-mostun\/","title":{"rendered":"Vellykket klesbyttearrangement p\u00e5 Mostun"},"content":{"rendered":"\t<div class=\"template-post alignfull wp-block-naturvern-hero\">\n\t\t<div class=\"hero__inner\">\n\t\t\t<div class=\"hero__inner_blocks\">\n\t\t\t\t\t\t\t\t\n\t\t\t\t\t<h1 class=\"wp-block-post-title\">Vellykket klesbyttearrangement p\u00e5 Mostun<\/h1>\n\n\t\t\t\t\t<div class=\"wp-block-post-excerpt\"><p class=\"wp-block-post-excerpt__excerpt\">K\u00f8en var s\u00e5 lang f\u00f8r det ble \u00e5pnet opp for klesbytting i helga at vi m\u00e5tte slippe ungene inn for \u00e5 hente ut sine skatter f\u00f8rst! <\/p><\/div>\n\n\t\t\t\t\t<figure class=\"wp-block-post-featured-image\"><img loading=\"lazy\" decoding=\"async\" width=\"653\" height=\"490\" src=\"https:\/\/naturvernforbundet.no\/content\/uploads\/sites\/16\/2019\/04\/IMG_7806.JPG2028articledisplay29.jpg\" class=\"attachment-post-thumbnail size-post-thumbnail wp-post-image\" alt=\"\" style=\"object-fit:cover;\" srcset=\"https:\/\/naturvernforbundet.no\/content\/uploads\/sites\/16\/2019\/04\/IMG_7806.JPG2028articledisplay29.jpg 653w, https:\/\/naturvernforbundet.no\/content\/uploads\/sites\/16\/2019\/04\/IMG_7806.JPG2028articledisplay29-300x225.jpg 300w\" sizes=\"auto, (max-width: 653px) 100vw, 653px\" \/><\/figure>\n\n\t\t\t\t\t<div class=\"wp-block-naturvern-byline\">\n\t\t\t<div class=\"authors\">By <span class=\"t2-byline__author-link\"><\/span><\/div>\n\t\t\t<small class=\"entry-date\">09.04.2019 10:00<\/small>\n\t\t<\/div>\n\t\t\t\t\t\t\t\t<\/div>\n\t\t\t\t\t<\/div>\n\t\t\t<\/div>\n\t\n<p>Under den store klesbyttedagen p\u00e5 Mostun natursenter den 7. april leverte 150 personer inn kl\u00e6r til bytte, og over 900 kl\u00e6r, sko, hatter, solbriller og vesker byttet eier i l\u00f8pet av timene klesbyttemarkedet var \u00e5pent.<\/p>\n\n\n\n<p>Lokal klesbytting bidrar til&nbsp;en betydelig&nbsp;milj\u00f8effekt&nbsp;hvis du ikke samtidig kj\u00f8per nye kl\u00e6r. Det er flere ulike m\u00e5ter \u00e5 beregne CO\u2082-utslipp fra kl\u00e6r p\u00e5, og det er derfor vanskelig \u00e5 gi et eksakt tall p\u00e5 hvor stor milj\u00f8effekten av klesbytting er.<\/p>\n\n\n\n<p>Naturvernforbundet har tidligere anl\u00e5tt en milj\u00f8gevinst av klesbytte med p\u00e5standen &laquo;Hvis alle nordmenn byttet til seg tre plagg i \u00e5ret, i stedet for \u00e5 kj\u00f8pe nytt, ville vi kuttet like mye CO\u2082 som om alle bileiere i Norge lot bilen st\u00e5 i fem dager&raquo;. Faktisk.no har valgt \u00e5 faktasjekke v\u00e5r p\u00e5stand, og har konkluderer med at vi&nbsp;<strong>underdriver<\/strong>&nbsp;milj\u00f8gevinsten av klesbytting. De har konkludert med f\u00f8lgende kommentar. &laquo;Hvis vi tar utgangspunkt i tallene Naturvernforbundet bruker, underdriver de effekten av klesbytting kontra det \u00e5 la bilen st\u00e5. For \u00e5 oppn\u00e5 like stor effekt som at alle nordmenn bytter tre klesplagg hver, m\u00e5 alle bilene i Norge st\u00e5 i nesten ti dager og ikke fem&raquo;.&nbsp;<\/p>\n\n\n\n<p>Hele saken kan du lese <a href=\"https:\/\/www.faktisk.no\/faktasjekker\/oea\/hvis-alle-nordmenn-byttet-til-seg-tre-plagg-i-aret-i-stedet-for-a-kjope-nytt-ville-vi-kuttet-like\">her<\/a><\/p>\n\n\n\n<figure class=\"wp-block-image\"><img decoding=\"async\" src=\"__CPMMFILEID_URL__::142568::\" alt=\"\"\/><\/figure>\n","protected":false},"excerpt":{"rendered":"<p>K\u00f8en var s\u00e5 lang f\u00f8r det ble \u00e5pnet opp for klesbytting i helga at vi m\u00e5tte slippe ungene inn for \u00e5 hente ut sine skatter f\u00f8rst!<\/p>\n","protected":false},"author":0,"featured_media":1978,"comment_status":"closed","ping_status":"closed","sticky":false,"template":"","format":"standard","meta":{"_relevanssi_hide_post":"","_relevanssi_hide_content":"","_relevanssi_pin_for_all":"","_relevanssi_pin_keywords":"","_relevanssi_unpin_keywords":"","_relevanssi_related_keywords":"","_relevanssi_related_include_ids":"","_relevanssi_related_exclude_ids":"","_relevanssi_related_no_append":"","_relevanssi_related_not_related":"","_relevanssi_related_posts":"","_relevanssi_noindex_reason":"","hide_logo":false,"footnotes":""},"categories":[9],"tags":[],"local":[],"class_list":["post-1977","post","type-post","status-publish","format-standard","has-post-thumbnail","hentry","category-nyhetsarkiv"],"acf":[],"yoast_head":"<!-- This site is optimized with the Yoast SEO plugin v24.9 - https:\/\/yoast.com\/wordpress\/plugins\/seo\/ -->\n<title>Vellykket klesbyttearrangement p\u00e5 Mostun - Rogaland<\/title>\n<meta name=\"robots\" content=\"index, follow, max-snippet:-1, max-image-preview:large, max-video-preview:-1\" \/>\n<link rel=\"canonical\" href=\"https:\/\/naturvernforbundet.no\/rogaland\/vellykket-klesbyttearrangement-pa-mostun\/\" \/>\n<meta property=\"og:locale\" content=\"nb_NO\" \/>\n<meta property=\"og:type\" content=\"article\" \/>\n<meta property=\"og:title\" content=\"Vellykket klesbyttearrangement p\u00e5 Mostun - Rogaland\" \/>\n<meta property=\"og:description\" content=\"K\u00f8en var s\u00e5 lang f\u00f8r det ble \u00e5pnet opp for klesbytting i helga at vi m\u00e5tte slippe ungene inn for \u00e5 hente ut sine skatter f\u00f8rst!\" \/>\n<meta property=\"og:url\" content=\"https:\/\/naturvernforbundet.no\/rogaland\/vellykket-klesbyttearrangement-pa-mostun\/\" \/>\n<meta property=\"og:site_name\" content=\"Rogaland\" \/>\n<meta property=\"article:published_time\" content=\"2019-04-09T08:00:05+00:00\" \/>\n<meta property=\"og:image\" content=\"https:\/\/naturvernforbundet.no\/content\/uploads\/sites\/16\/2019\/04\/IMG_7806.JPG2028articledisplay29.jpg\" \/>\n\t<meta property=\"og:image:width\" content=\"653\" \/>\n\t<meta property=\"og:image:height\" content=\"490\" \/>\n\t<meta property=\"og:image:type\" content=\"image\/jpeg\" \/>\n<meta name=\"twitter:card\" content=\"summary_large_image\" \/>\n<meta name=\"twitter:label1\" content=\"Ansl. lesetid\" \/>\n\t<meta name=\"twitter:data1\" content=\"1 minutt\" \/>\n<script type=\"application\/ld+json\" class=\"yoast-schema-graph\">{\"@context\":\"https:\/\/schema.org\",\"@graph\":[{\"@type\":\"WebPage\",\"@id\":\"https:\/\/naturvernforbundet.no\/rogaland\/vellykket-klesbyttearrangement-pa-mostun\/\",\"url\":\"https:\/\/naturvernforbundet.no\/rogaland\/vellykket-klesbyttearrangement-pa-mostun\/\",\"name\":\"Vellykket klesbyttearrangement p\u00e5 Mostun - Rogaland\",\"isPartOf\":{\"@id\":\"https:\/\/naturvernforbundet.no\/rogaland\/#website\"},\"primaryImageOfPage\":{\"@id\":\"https:\/\/naturvernforbundet.no\/rogaland\/vellykket-klesbyttearrangement-pa-mostun\/#primaryimage\"},\"image\":{\"@id\":\"https:\/\/naturvernforbundet.no\/rogaland\/vellykket-klesbyttearrangement-pa-mostun\/#primaryimage\"},\"thumbnailUrl\":\"https:\/\/naturvernforbundet.no\/content\/uploads\/sites\/16\/2019\/04\/IMG_7806.JPG2028articledisplay29.jpg\",\"datePublished\":\"2019-04-09T08:00:05+00:00\",\"author\":{\"@id\":\"\"},\"breadcrumb\":{\"@id\":\"https:\/\/naturvernforbundet.no\/rogaland\/vellykket-klesbyttearrangement-pa-mostun\/#breadcrumb\"},\"inLanguage\":\"nb-NO\",\"potentialAction\":[{\"@type\":\"ReadAction\",\"target\":[\"https:\/\/naturvernforbundet.no\/rogaland\/vellykket-klesbyttearrangement-pa-mostun\/\"]}]},{\"@type\":\"ImageObject\",\"inLanguage\":\"nb-NO\",\"@id\":\"https:\/\/naturvernforbundet.no\/rogaland\/vellykket-klesbyttearrangement-pa-mostun\/#primaryimage\",\"url\":\"https:\/\/naturvernforbundet.no\/content\/uploads\/sites\/16\/2019\/04\/IMG_7806.JPG2028articledisplay29.jpg\",\"contentUrl\":\"https:\/\/naturvernforbundet.no\/content\/uploads\/sites\/16\/2019\/04\/IMG_7806.JPG2028articledisplay29.jpg\",\"width\":653,\"height\":490},{\"@type\":\"BreadcrumbList\",\"@id\":\"https:\/\/naturvernforbundet.no\/rogaland\/vellykket-klesbyttearrangement-pa-mostun\/#breadcrumb\",\"itemListElement\":[{\"@type\":\"ListItem\",\"position\":1,\"name\":\"Till naturvernforbundet.no\",\"item\":\"https:\/\/naturvernforbundet.no\/\"},{\"@type\":\"ListItem\",\"position\":2,\"name\":\"Rogaland\",\"item\":\"https:\/\/naturvernforbundet.no\/rogaland\/\"},{\"@type\":\"ListItem\",\"position\":3,\"name\":\"Vellykket klesbyttearrangement p\u00e5 Mostun\"}]},{\"@type\":\"WebSite\",\"@id\":\"https:\/\/naturvernforbundet.no\/rogaland\/#website\",\"url\":\"https:\/\/naturvernforbundet.no\/rogaland\/\",\"name\":\"Rogaland\",\"description\":\"Bare enda et Naturvernforbundet Sites-nettsted\",\"potentialAction\":[{\"@type\":\"SearchAction\",\"target\":{\"@type\":\"EntryPoint\",\"urlTemplate\":\"https:\/\/naturvernforbundet.no\/rogaland\/?s={search_term_string}\"},\"query-input\":{\"@type\":\"PropertyValueSpecification\",\"valueRequired\":true,\"valueName\":\"search_term_string\"}}],\"inLanguage\":\"nb-NO\"}]}<\/script>\n<!-- \/ Yoast SEO plugin. -->","yoast_head_json":{"title":"Vellykket klesbyttearrangement p\u00e5 Mostun - Rogaland","robots":{"index":"index","follow":"follow","max-snippet":"max-snippet:-1","max-image-preview":"max-image-preview:large","max-video-preview":"max-video-preview:-1"},"canonical":"https:\/\/naturvernforbundet.no\/rogaland\/vellykket-klesbyttearrangement-pa-mostun\/","og_locale":"nb_NO","og_type":"article","og_title":"Vellykket klesbyttearrangement p\u00e5 Mostun - Rogaland","og_description":"K\u00f8en var s\u00e5 lang f\u00f8r det ble \u00e5pnet opp for klesbytting i helga at vi m\u00e5tte slippe ungene inn for \u00e5 hente ut sine skatter f\u00f8rst!","og_url":"https:\/\/naturvernforbundet.no\/rogaland\/vellykket-klesbyttearrangement-pa-mostun\/","og_site_name":"Rogaland","article_published_time":"2019-04-09T08:00:05+00:00","og_image":[{"width":653,"height":490,"url":"https:\/\/naturvernforbundet.no\/content\/uploads\/sites\/16\/2019\/04\/IMG_7806.JPG2028articledisplay29.jpg","type":"image\/jpeg"}],"twitter_card":"summary_large_image","twitter_misc":{"Ansl. lesetid":"1 minutt"},"schema":{"@context":"https:\/\/schema.org","@graph":[{"@type":"WebPage","@id":"https:\/\/naturvernforbundet.no\/rogaland\/vellykket-klesbyttearrangement-pa-mostun\/","url":"https:\/\/naturvernforbundet.no\/rogaland\/vellykket-klesbyttearrangement-pa-mostun\/","name":"Vellykket klesbyttearrangement p\u00e5 Mostun - Rogaland","isPartOf":{"@id":"https:\/\/naturvernforbundet.no\/rogaland\/#website"},"primaryImageOfPage":{"@id":"https:\/\/naturvernforbundet.no\/rogaland\/vellykket-klesbyttearrangement-pa-mostun\/#primaryimage"},"image":{"@id":"https:\/\/naturvernforbundet.no\/rogaland\/vellykket-klesbyttearrangement-pa-mostun\/#primaryimage"},"thumbnailUrl":"https:\/\/naturvernforbundet.no\/content\/uploads\/sites\/16\/2019\/04\/IMG_7806.JPG2028articledisplay29.jpg","datePublished":"2019-04-09T08:00:05+00:00","author":{"@id":""},"breadcrumb":{"@id":"https:\/\/naturvernforbundet.no\/rogaland\/vellykket-klesbyttearrangement-pa-mostun\/#breadcrumb"},"inLanguage":"nb-NO","potentialAction":[{"@type":"ReadAction","target":["https:\/\/naturvernforbundet.no\/rogaland\/vellykket-klesbyttearrangement-pa-mostun\/"]}]},{"@type":"ImageObject","inLanguage":"nb-NO","@id":"https:\/\/naturvernforbundet.no\/rogaland\/vellykket-klesbyttearrangement-pa-mostun\/#primaryimage","url":"https:\/\/naturvernforbundet.no\/content\/uploads\/sites\/16\/2019\/04\/IMG_7806.JPG2028articledisplay29.jpg","contentUrl":"https:\/\/naturvernforbundet.no\/content\/uploads\/sites\/16\/2019\/04\/IMG_7806.JPG2028articledisplay29.jpg","width":653,"height":490},{"@type":"BreadcrumbList","@id":"https:\/\/naturvernforbundet.no\/rogaland\/vellykket-klesbyttearrangement-pa-mostun\/#breadcrumb","itemListElement":[{"@type":"ListItem","position":1,"name":"Till naturvernforbundet.no","item":"https:\/\/naturvernforbundet.no\/"},{"@type":"ListItem","position":2,"name":"Rogaland","item":"https:\/\/naturvernforbundet.no\/rogaland\/"},{"@type":"ListItem","position":3,"name":"Vellykket klesbyttearrangement p\u00e5 Mostun"}]},{"@type":"WebSite","@id":"https:\/\/naturvernforbundet.no\/rogaland\/#website","url":"https:\/\/naturvernforbundet.no\/rogaland\/","name":"Rogaland","description":"Bare enda et Naturvernforbundet Sites-nettsted","potentialAction":[{"@type":"SearchAction","target":{"@type":"EntryPoint","urlTemplate":"https:\/\/naturvernforbundet.no\/rogaland\/?s={search_term_string}"},"query-input":{"@type":"PropertyValueSpecification","valueRequired":true,"valueName":"search_term_string"}}],"inLanguage":"nb-NO"}]}},"_links":{"self":[{"href":"https:\/\/naturvernforbundet.no\/rogaland\/wp-json\/wp\/v2\/posts\/1977","targetHints":{"allow":["GET"]}}],"collection":[{"href":"https:\/\/naturvernforbundet.no\/rogaland\/wp-json\/wp\/v2\/posts"}],"about":[{"href":"https:\/\/naturvernforbundet.no\/rogaland\/wp-json\/wp\/v2\/types\/post"}],"replies":[{"embeddable":true,"href":"https:\/\/naturvernforbundet.no\/rogaland\/wp-json\/wp\/v2\/comments?post=1977"}],"version-history":[{"count":0,"href":"https:\/\/naturvernforbundet.no\/rogaland\/wp-json\/wp\/v2\/posts\/1977\/revisions"}],"wp:featuredmedia":[{"embeddable":true,"href":"https:\/\/naturvernforbundet.no\/rogaland\/wp-json\/wp\/v2\/media\/1978"}],"wp:attachment":[{"href":"https:\/\/naturvernforbundet.no\/rogaland\/wp-json\/wp\/v2\/media?parent=1977"}],"wp:term":[{"taxonomy":"category","embeddable":true,"href":"https:\/\/naturvernforbundet.no\/rogaland\/wp-json\/wp\/v2\/categories?post=1977"},{"taxonomy":"post_tag","embeddable":true,"href":"https:\/\/naturvernforbundet.no\/rogaland\/wp-json\/wp\/v2\/tags?post=1977"},{"taxonomy":"local","embeddable":true,"href":"https:\/\/naturvernforbundet.no\/rogaland\/wp-json\/wp\/v2\/local?post=1977"}],"curies":[{"name":"wp","href":"https:\/\/api.w.org\/{rel}","templated":true}]}}