{"id":2304,"date":"2013-05-15T16:07:44","date_gmt":"2013-05-15T14:07:44","guid":{"rendered":"https:\/\/naturvernforbundet.no\/rogaland\/husk-soknadsfristen-17-mai-2\/"},"modified":"2013-05-15T16:07:44","modified_gmt":"2013-05-15T14:07:44","slug":"husk-soknadsfristen-17-mai-2","status":"publish","type":"post","link":"https:\/\/naturvernforbundet.no\/rogaland\/husk-soknadsfristen-17-mai-2\/","title":{"rendered":"Husk s\u00f8knadsfristen 17.mai!"},"content":{"rendered":"\t<div class=\"template-post alignfull wp-block-naturvern-hero\">\n\t\t<div class=\"hero__inner\">\n\t\t\t<div class=\"hero__inner_blocks\">\n\t\t\t\t\t\t\t\t\n\t\t\t\t\t<h1 class=\"wp-block-post-title\">Husk s\u00f8knadsfristen 17.mai!<\/h1>\n\n\t\t\t\t\t<div class=\"wp-block-post-excerpt\"><p class=\"wp-block-post-excerpt__excerpt\">Til deg som har lyst p\u00e5 en meningsfull, inspirerende og utfordrende jobb med gr\u00f8nne verdier p\u00e5 dagsorden: Fristen for \u00e5 s\u00f8ke stilling som formidler og prosjektleder ved J\u00e6ren v\u00e5tmarkssenter og Mostun natursenter er fredag 17.mai! <\/p><\/div>\n\n\t\t\t\t\t<figure class=\"wp-block-post-featured-image\"><img loading=\"lazy\" decoding=\"async\" width=\"950\" height=\"165\" src=\"https:\/\/naturvernforbundet.no\/content\/uploads\/sites\/16\/2013\/05\/Mostun20mailhead203.png2028fullscreen29.png\" class=\"attachment-post-thumbnail size-post-thumbnail wp-post-image\" alt=\"\" style=\"object-fit:cover;\" srcset=\"https:\/\/naturvernforbundet.no\/content\/uploads\/sites\/16\/2013\/05\/Mostun20mailhead203.png2028fullscreen29.png 950w, https:\/\/naturvernforbundet.no\/content\/uploads\/sites\/16\/2013\/05\/Mostun20mailhead203.png2028fullscreen29-300x52.png 300w, https:\/\/naturvernforbundet.no\/content\/uploads\/sites\/16\/2013\/05\/Mostun20mailhead203.png2028fullscreen29-768x133.png 768w\" sizes=\"auto, (max-width: 950px) 100vw, 950px\" \/><\/figure>\n\n\t\t\t\t\t<div class=\"wp-block-naturvern-byline\">\n\t\t\t<div class=\"authors\">By <span class=\"t2-byline__author-link\">Erik Thoring<\/span><\/div>\n\t\t\t<small class=\"entry-date\">15.05.2013 16:07<\/small>\n\t\t<\/div>\n\t\t\t\t\t\t\t\t<\/div>\n\t\t\t\t\t<\/div>\n\t\t\t<\/div>\n\t\n<p>\n\tVi har kalt stillingen &laquo;Stavangers gr\u00f8nneste jobb&raquo;, og det er ingen overdrivelse. Dette er en jobb der du f\u00e5r bruke alle dine kretaive og organisatoriske evner i \u00e5 bygge opp et nyopprettet nasjonalt v\u00e5tmarksenter fra grunnen av. Du f\u00e5r samarbeide tett med frivillige naturvernere med mye entusiasme og god faglig naturkompetanse. Du f\u00e5r bruke dine evner til \u00e5 formidle naturkunnskap og inspirere barn og unge til \u00e5 s\u00f8ke gode naturopplevelser. Og sist, men ikke minst: Du skal jobbe midt i byens gr\u00f8nne sm\u00f8r\u00f8ye p\u00e5 Mostun.<\/p>\n\n\n\n<p>\n\tSjekk ut stillingsbeskrivelsen som du finner i oppslaget&nbsp; til h\u00f8yre &nbsp;og send din s\u00f8knad n\u00e5!<\/p>\n","protected":false},"excerpt":{"rendered":"<p>Til deg som har lyst p\u00e5 en meningsfull, inspirerende og utfordrende jobb med gr\u00f8nne verdier p\u00e5 dagsorden: Fristen for \u00e5 s\u00f8ke stilling som formidler og prosjektleder ved J\u00e6ren v\u00e5tmarkssenter og Mostun natursenter er fredag 17.mai!<\/p>\n","protected":false},"author":76,"featured_media":2305,"comment_status":"closed","ping_status":"closed","sticky":false,"template":"","format":"standard","meta":{"_relevanssi_hide_post":"","_relevanssi_hide_content":"","_relevanssi_pin_for_all":"","_relevanssi_pin_keywords":"","_relevanssi_unpin_keywords":"","_relevanssi_related_keywords":"","_relevanssi_related_include_ids":"","_relevanssi_related_exclude_ids":"","_relevanssi_related_no_append":"","_relevanssi_related_not_related":"","_relevanssi_related_posts":"","_relevanssi_noindex_reason":"","hide_logo":false,"footnotes":""},"categories":[10],"tags":[],"local":[],"class_list":["post-2304","post","type-post","status-publish","format-standard","has-post-thumbnail","hentry","category-mostun"],"acf":[],"yoast_head":"<!-- This site is optimized with the Yoast SEO plugin v24.9 - https:\/\/yoast.com\/wordpress\/plugins\/seo\/ -->\n<title>Husk s\u00f8knadsfristen 17.mai! - Rogaland<\/title>\n<meta name=\"robots\" content=\"index, follow, max-snippet:-1, max-image-preview:large, max-video-preview:-1\" \/>\n<link rel=\"canonical\" href=\"https:\/\/naturvernforbundet.no\/rogaland\/husk-soknadsfristen-17-mai-2\/\" \/>\n<meta property=\"og:locale\" content=\"nb_NO\" \/>\n<meta property=\"og:type\" content=\"article\" \/>\n<meta property=\"og:title\" content=\"Husk s\u00f8knadsfristen 17.mai! - Rogaland\" \/>\n<meta property=\"og:description\" content=\"Til deg som har lyst p\u00e5 en meningsfull, inspirerende og utfordrende jobb med gr\u00f8nne verdier p\u00e5 dagsorden: Fristen for \u00e5 s\u00f8ke stilling som formidler og prosjektleder ved J\u00e6ren v\u00e5tmarkssenter og Mostun natursenter er fredag 17.mai!\" \/>\n<meta property=\"og:url\" content=\"https:\/\/naturvernforbundet.no\/rogaland\/husk-soknadsfristen-17-mai-2\/\" \/>\n<meta property=\"og:site_name\" content=\"Rogaland\" \/>\n<meta property=\"article:published_time\" content=\"2013-05-15T14:07:44+00:00\" \/>\n<meta property=\"og:image\" content=\"https:\/\/naturvernforbundet.no\/content\/uploads\/sites\/16\/2013\/05\/Mostun20mailhead203.png2028fullscreen29.png\" \/>\n\t<meta property=\"og:image:width\" content=\"950\" \/>\n\t<meta property=\"og:image:height\" content=\"165\" \/>\n\t<meta property=\"og:image:type\" content=\"image\/png\" \/>\n<meta name=\"author\" content=\"Erik Thoring\" \/>\n<meta name=\"twitter:card\" content=\"summary_large_image\" \/>\n<meta name=\"twitter:label1\" content=\"Skrevet av\" \/>\n\t<meta name=\"twitter:data1\" content=\"Erik Thoring\" \/>\n\t<meta name=\"twitter:label2\" content=\"Ansl. lesetid\" \/>\n\t<meta name=\"twitter:data2\" content=\"1 minutt\" \/>\n<script type=\"application\/ld+json\" class=\"yoast-schema-graph\">{\"@context\":\"https:\/\/schema.org\",\"@graph\":[{\"@type\":\"WebPage\",\"@id\":\"https:\/\/naturvernforbundet.no\/rogaland\/husk-soknadsfristen-17-mai-2\/\",\"url\":\"https:\/\/naturvernforbundet.no\/rogaland\/husk-soknadsfristen-17-mai-2\/\",\"name\":\"Husk s\u00f8knadsfristen 17.mai! - Rogaland\",\"isPartOf\":{\"@id\":\"https:\/\/naturvernforbundet.no\/rogaland\/#website\"},\"primaryImageOfPage\":{\"@id\":\"https:\/\/naturvernforbundet.no\/rogaland\/husk-soknadsfristen-17-mai-2\/#primaryimage\"},\"image\":{\"@id\":\"https:\/\/naturvernforbundet.no\/rogaland\/husk-soknadsfristen-17-mai-2\/#primaryimage\"},\"thumbnailUrl\":\"https:\/\/naturvernforbundet.no\/content\/uploads\/sites\/16\/2013\/05\/Mostun20mailhead203.png2028fullscreen29.png\",\"datePublished\":\"2013-05-15T14:07:44+00:00\",\"author\":{\"@id\":\"https:\/\/naturvernforbundet.no\/rogaland\/#\/schema\/person\/97abad7d4d3577b542503235edaabba2\"},\"breadcrumb\":{\"@id\":\"https:\/\/naturvernforbundet.no\/rogaland\/husk-soknadsfristen-17-mai-2\/#breadcrumb\"},\"inLanguage\":\"nb-NO\",\"potentialAction\":[{\"@type\":\"ReadAction\",\"target\":[\"https:\/\/naturvernforbundet.no\/rogaland\/husk-soknadsfristen-17-mai-2\/\"]}]},{\"@type\":\"ImageObject\",\"inLanguage\":\"nb-NO\",\"@id\":\"https:\/\/naturvernforbundet.no\/rogaland\/husk-soknadsfristen-17-mai-2\/#primaryimage\",\"url\":\"https:\/\/naturvernforbundet.no\/content\/uploads\/sites\/16\/2013\/05\/Mostun20mailhead203.png2028fullscreen29.png\",\"contentUrl\":\"https:\/\/naturvernforbundet.no\/content\/uploads\/sites\/16\/2013\/05\/Mostun20mailhead203.png2028fullscreen29.png\",\"width\":950,\"height\":165},{\"@type\":\"BreadcrumbList\",\"@id\":\"https:\/\/naturvernforbundet.no\/rogaland\/husk-soknadsfristen-17-mai-2\/#breadcrumb\",\"itemListElement\":[{\"@type\":\"ListItem\",\"position\":1,\"name\":\"Till naturvernforbundet.no\",\"item\":\"https:\/\/naturvernforbundet.no\/\"},{\"@type\":\"ListItem\",\"position\":2,\"name\":\"Rogaland\",\"item\":\"https:\/\/naturvernforbundet.no\/rogaland\/\"},{\"@type\":\"ListItem\",\"position\":3,\"name\":\"Husk s\u00f8knadsfristen 17.mai!\"}]},{\"@type\":\"WebSite\",\"@id\":\"https:\/\/naturvernforbundet.no\/rogaland\/#website\",\"url\":\"https:\/\/naturvernforbundet.no\/rogaland\/\",\"name\":\"Rogaland\",\"description\":\"Bare enda et Naturvernforbundet Sites-nettsted\",\"potentialAction\":[{\"@type\":\"SearchAction\",\"target\":{\"@type\":\"EntryPoint\",\"urlTemplate\":\"https:\/\/naturvernforbundet.no\/rogaland\/?s={search_term_string}\"},\"query-input\":{\"@type\":\"PropertyValueSpecification\",\"valueRequired\":true,\"valueName\":\"search_term_string\"}}],\"inLanguage\":\"nb-NO\"},{\"@type\":\"Person\",\"@id\":\"https:\/\/naturvernforbundet.no\/rogaland\/#\/schema\/person\/97abad7d4d3577b542503235edaabba2\",\"name\":\"Erik Thoring\",\"image\":{\"@type\":\"ImageObject\",\"inLanguage\":\"nb-NO\",\"@id\":\"https:\/\/naturvernforbundet.no\/rogaland\/#\/schema\/person\/image\/\",\"url\":\"https:\/\/secure.gravatar.com\/avatar\/18472085169d11121a1544fda1655370?s=96&d=mm&r=g\",\"contentUrl\":\"https:\/\/secure.gravatar.com\/avatar\/18472085169d11121a1544fda1655370?s=96&d=mm&r=g\",\"caption\":\"Erik Thoring\"},\"url\":\"https:\/\/naturvernforbundet.no\/rogaland\/author\/erikthoring\/\"}]}<\/script>\n<!-- \/ Yoast SEO plugin. -->","yoast_head_json":{"title":"Husk s\u00f8knadsfristen 17.mai! - Rogaland","robots":{"index":"index","follow":"follow","max-snippet":"max-snippet:-1","max-image-preview":"max-image-preview:large","max-video-preview":"max-video-preview:-1"},"canonical":"https:\/\/naturvernforbundet.no\/rogaland\/husk-soknadsfristen-17-mai-2\/","og_locale":"nb_NO","og_type":"article","og_title":"Husk s\u00f8knadsfristen 17.mai! - Rogaland","og_description":"Til deg som har lyst p\u00e5 en meningsfull, inspirerende og utfordrende jobb med gr\u00f8nne verdier p\u00e5 dagsorden: Fristen for \u00e5 s\u00f8ke stilling som formidler og prosjektleder ved J\u00e6ren v\u00e5tmarkssenter og Mostun natursenter er fredag 17.mai!","og_url":"https:\/\/naturvernforbundet.no\/rogaland\/husk-soknadsfristen-17-mai-2\/","og_site_name":"Rogaland","article_published_time":"2013-05-15T14:07:44+00:00","og_image":[{"width":950,"height":165,"url":"https:\/\/naturvernforbundet.no\/content\/uploads\/sites\/16\/2013\/05\/Mostun20mailhead203.png2028fullscreen29.png","type":"image\/png"}],"author":"Erik Thoring","twitter_card":"summary_large_image","twitter_misc":{"Skrevet av":"Erik Thoring","Ansl. lesetid":"1 minutt"},"schema":{"@context":"https:\/\/schema.org","@graph":[{"@type":"WebPage","@id":"https:\/\/naturvernforbundet.no\/rogaland\/husk-soknadsfristen-17-mai-2\/","url":"https:\/\/naturvernforbundet.no\/rogaland\/husk-soknadsfristen-17-mai-2\/","name":"Husk s\u00f8knadsfristen 17.mai! - Rogaland","isPartOf":{"@id":"https:\/\/naturvernforbundet.no\/rogaland\/#website"},"primaryImageOfPage":{"@id":"https:\/\/naturvernforbundet.no\/rogaland\/husk-soknadsfristen-17-mai-2\/#primaryimage"},"image":{"@id":"https:\/\/naturvernforbundet.no\/rogaland\/husk-soknadsfristen-17-mai-2\/#primaryimage"},"thumbnailUrl":"https:\/\/naturvernforbundet.no\/content\/uploads\/sites\/16\/2013\/05\/Mostun20mailhead203.png2028fullscreen29.png","datePublished":"2013-05-15T14:07:44+00:00","author":{"@id":"https:\/\/naturvernforbundet.no\/rogaland\/#\/schema\/person\/97abad7d4d3577b542503235edaabba2"},"breadcrumb":{"@id":"https:\/\/naturvernforbundet.no\/rogaland\/husk-soknadsfristen-17-mai-2\/#breadcrumb"},"inLanguage":"nb-NO","potentialAction":[{"@type":"ReadAction","target":["https:\/\/naturvernforbundet.no\/rogaland\/husk-soknadsfristen-17-mai-2\/"]}]},{"@type":"ImageObject","inLanguage":"nb-NO","@id":"https:\/\/naturvernforbundet.no\/rogaland\/husk-soknadsfristen-17-mai-2\/#primaryimage","url":"https:\/\/naturvernforbundet.no\/content\/uploads\/sites\/16\/2013\/05\/Mostun20mailhead203.png2028fullscreen29.png","contentUrl":"https:\/\/naturvernforbundet.no\/content\/uploads\/sites\/16\/2013\/05\/Mostun20mailhead203.png2028fullscreen29.png","width":950,"height":165},{"@type":"BreadcrumbList","@id":"https:\/\/naturvernforbundet.no\/rogaland\/husk-soknadsfristen-17-mai-2\/#breadcrumb","itemListElement":[{"@type":"ListItem","position":1,"name":"Till naturvernforbundet.no","item":"https:\/\/naturvernforbundet.no\/"},{"@type":"ListItem","position":2,"name":"Rogaland","item":"https:\/\/naturvernforbundet.no\/rogaland\/"},{"@type":"ListItem","position":3,"name":"Husk s\u00f8knadsfristen 17.mai!"}]},{"@type":"WebSite","@id":"https:\/\/naturvernforbundet.no\/rogaland\/#website","url":"https:\/\/naturvernforbundet.no\/rogaland\/","name":"Rogaland","description":"Bare enda et Naturvernforbundet Sites-nettsted","potentialAction":[{"@type":"SearchAction","target":{"@type":"EntryPoint","urlTemplate":"https:\/\/naturvernforbundet.no\/rogaland\/?s={search_term_string}"},"query-input":{"@type":"PropertyValueSpecification","valueRequired":true,"valueName":"search_term_string"}}],"inLanguage":"nb-NO"},{"@type":"Person","@id":"https:\/\/naturvernforbundet.no\/rogaland\/#\/schema\/person\/97abad7d4d3577b542503235edaabba2","name":"Erik Thoring","image":{"@type":"ImageObject","inLanguage":"nb-NO","@id":"https:\/\/naturvernforbundet.no\/rogaland\/#\/schema\/person\/image\/","url":"https:\/\/secure.gravatar.com\/avatar\/18472085169d11121a1544fda1655370?s=96&d=mm&r=g","contentUrl":"https:\/\/secure.gravatar.com\/avatar\/18472085169d11121a1544fda1655370?s=96&d=mm&r=g","caption":"Erik Thoring"},"url":"https:\/\/naturvernforbundet.no\/rogaland\/author\/erikthoring\/"}]}},"_links":{"self":[{"href":"https:\/\/naturvernforbundet.no\/rogaland\/wp-json\/wp\/v2\/posts\/2304","targetHints":{"allow":["GET"]}}],"collection":[{"href":"https:\/\/naturvernforbundet.no\/rogaland\/wp-json\/wp\/v2\/posts"}],"about":[{"href":"https:\/\/naturvernforbundet.no\/rogaland\/wp-json\/wp\/v2\/types\/post"}],"author":[{"embeddable":true,"href":"https:\/\/naturvernforbundet.no\/rogaland\/wp-json\/wp\/v2\/users\/76"}],"replies":[{"embeddable":true,"href":"https:\/\/naturvernforbundet.no\/rogaland\/wp-json\/wp\/v2\/comments?post=2304"}],"version-history":[{"count":0,"href":"https:\/\/naturvernforbundet.no\/rogaland\/wp-json\/wp\/v2\/posts\/2304\/revisions"}],"wp:featuredmedia":[{"embeddable":true,"href":"https:\/\/naturvernforbundet.no\/rogaland\/wp-json\/wp\/v2\/media\/2305"}],"wp:attachment":[{"href":"https:\/\/naturvernforbundet.no\/rogaland\/wp-json\/wp\/v2\/media?parent=2304"}],"wp:term":[{"taxonomy":"category","embeddable":true,"href":"https:\/\/naturvernforbundet.no\/rogaland\/wp-json\/wp\/v2\/categories?post=2304"},{"taxonomy":"post_tag","embeddable":true,"href":"https:\/\/naturvernforbundet.no\/rogaland\/wp-json\/wp\/v2\/tags?post=2304"},{"taxonomy":"local","embeddable":true,"href":"https:\/\/naturvernforbundet.no\/rogaland\/wp-json\/wp\/v2\/local?post=2304"}],"curies":[{"name":"wp","href":"https:\/\/api.w.org\/{rel}","templated":true}]}}