{"id":524,"date":"2014-05-30T13:17:15","date_gmt":"2014-05-30T11:17:15","guid":{"rendered":"https:\/\/naturvernforbundet.no\/rogaland\/insektsondag-pa-mostun\/"},"modified":"2014-05-30T13:17:15","modified_gmt":"2014-05-30T11:17:15","slug":"insektsondag-pa-mostun","status":"publish","type":"post","link":"https:\/\/naturvernforbundet.no\/rogaland\/insektsondag-pa-mostun\/","title":{"rendered":"Insekts\u00f8ndag p\u00e5 Mostun"},"content":{"rendered":"\t<div class=\"template-post alignfull wp-block-naturvern-hero\">\n\t\t<div class=\"hero__inner\">\n\t\t\t<div class=\"hero__inner_blocks\">\n\t\t\t\t\t\t\t\t\n\t\t\t\t\t<h1 class=\"wp-block-post-title\">Insekts\u00f8ndag p\u00e5 Mostun<\/h1>\n\n\t\t\t\t\t<div class=\"wp-block-post-excerpt\"><p class=\"wp-block-post-excerpt__excerpt\">Du kan s\u00e5 vidt se dem med det blotte \u00f8yet. Men de er der i tusentall, vanninsektene. S\u00f8ndag kan du bli kjent med lopper, kreps og annet sm\u00e5kryp om du kommer til Mostun natursenter. Jan Stenl\u00f8kk fra Entomologisk Forening kommer ogs\u00e5. <\/p><\/div>\n\n\t\t\t\t\t<figure class=\"wp-block-post-featured-image\"><img loading=\"lazy\" decoding=\"async\" width=\"653\" height=\"433\" src=\"https:\/\/naturvernforbundet.no\/content\/uploads\/sites\/16\/2014\/05\/Sommerfugl20foto20AEC.jpg2028articledisplay29.jpg\" class=\"attachment-post-thumbnail size-post-thumbnail wp-post-image\" alt=\"\" style=\"object-fit:cover;\" srcset=\"https:\/\/naturvernforbundet.no\/content\/uploads\/sites\/16\/2014\/05\/Sommerfugl20foto20AEC.jpg2028articledisplay29.jpg 653w, https:\/\/naturvernforbundet.no\/content\/uploads\/sites\/16\/2014\/05\/Sommerfugl20foto20AEC.jpg2028articledisplay29-300x199.jpg 300w\" sizes=\"auto, (max-width: 653px) 100vw, 653px\" \/><\/figure>\n\n\t\t\t\t\t<div class=\"wp-block-naturvern-byline\">\n\t\t\t<div class=\"authors\">By <span class=\"t2-byline__author-link\">Erik Thoring<\/span><\/div>\n\t\t\t<small class=\"entry-date\">30.05.2014 13:17<\/small>\n\t\t<\/div>\n\t\t\t\t\t\t\t\t<\/div>\n\t\t\t\t\t<\/div>\n\t\t\t<\/div>\n\t\n<h2 class=\"wp-block-heading\"><span style=\"font-size:14px\"><span style=\"font-family:arial,helvetica,sans-serif\">Insekts\u00f8ndag p\u00e5 Mostun starter kl.12 og slutter kl. 15. Det blir visning av levende tropiske sommerfugler, pinnedyr og store biller som Jan Stenl\u00f8kk har med seg. Vi tar vannpr\u00f8ver i Mosvatnet og bruker lupe og mikroskop for \u00e5 artsbestemme fangsten. Du kan ogs\u00e5 se eksempler p\u00e5 bygging av insekthotel.<\/span><\/span><\/h2>\n\n\n\n<p><span style=\"font-size:14px\"><span style=\"font-family:arial,helvetica,sans-serif\">Mostun&nbsp;natursenter byr som vanlig p\u00e5 salg av \u00f8kologiske vafler, kaffe, saft og kjeks. Naturvernbutikken har et variert utvalg av lokale naturb\u00f8ker, fuglekasser og andre nyttige artikler. Husk bare \u00e5 ta med kontanter, vi har ikke terminal.<\/span><\/span><\/p>\n\n\n\n<p><span style=\"font-size:14px\"><span style=\"font-family:arial,helvetica,sans-serif\">S\u00e5 langt lageret rekker kan vi tilby medlemskap i Naturvernforbundet pluss ti sekker ved. Prisen er 200 kroner for enkeltmedlem og 300 kroner for familiemedlemskap. Alle som er bosatt i Stavanger kan f\u00e5 veden levert p\u00e5 d\u00f8ra, andre m\u00e5 betale et ekstra fraktgebyr p\u00e5 kr. 100.<\/span><\/span><\/p>\n\n\n\n<p><span style=\"font-size:14px\"><span style=\"font-family:arial,helvetica,sans-serif\">Velkommen til insekts\u00f8ndag p\u00e5 Mostun!<\/span><\/span><\/p>\n\n\n\n<p><span style=\"font-size:14px\"><span style=\"font-family:arial,helvetica,sans-serif\">Hilsen Naturvernforbundet i Rogaland<\/span><\/span><\/p>\n","protected":false},"excerpt":{"rendered":"<p>Du kan s\u00e5 vidt se dem med det blotte \u00f8yet. Men de er der i tusentall, vanninsektene. S\u00f8ndag kan du bli kjent med lopper, kreps og annet sm\u00e5kryp om du kommer til Mostun natursenter. Jan Stenl\u00f8kk fra Entomologisk Forening kommer ogs\u00e5.<\/p>\n","protected":false},"author":76,"featured_media":525,"comment_status":"closed","ping_status":"closed","sticky":false,"template":"","format":"standard","meta":{"_relevanssi_hide_post":"","_relevanssi_hide_content":"","_relevanssi_pin_for_all":"","_relevanssi_pin_keywords":"","_relevanssi_unpin_keywords":"","_relevanssi_related_keywords":"","_relevanssi_related_include_ids":"","_relevanssi_related_exclude_ids":"","_relevanssi_related_no_append":"","_relevanssi_related_not_related":"","_relevanssi_related_posts":"","_relevanssi_noindex_reason":"","hide_logo":false,"footnotes":""},"categories":[10],"tags":[],"local":[],"class_list":["post-524","post","type-post","status-publish","format-standard","has-post-thumbnail","hentry","category-mostun"],"acf":[],"yoast_head":"<!-- This site is optimized with the Yoast SEO plugin v24.9 - https:\/\/yoast.com\/wordpress\/plugins\/seo\/ -->\n<title>Insekts\u00f8ndag p\u00e5 Mostun - Rogaland<\/title>\n<meta name=\"robots\" content=\"index, follow, max-snippet:-1, max-image-preview:large, max-video-preview:-1\" \/>\n<link rel=\"canonical\" href=\"https:\/\/naturvernforbundet.no\/rogaland\/insektsondag-pa-mostun\/\" \/>\n<meta property=\"og:locale\" content=\"nb_NO\" \/>\n<meta property=\"og:type\" content=\"article\" \/>\n<meta property=\"og:title\" content=\"Insekts\u00f8ndag p\u00e5 Mostun - Rogaland\" \/>\n<meta property=\"og:description\" content=\"Du kan s\u00e5 vidt se dem med det blotte \u00f8yet. Men de er der i tusentall, vanninsektene. S\u00f8ndag kan du bli kjent med lopper, kreps og annet sm\u00e5kryp om du kommer til Mostun natursenter. Jan Stenl\u00f8kk fra Entomologisk Forening kommer ogs\u00e5.\" \/>\n<meta property=\"og:url\" content=\"https:\/\/naturvernforbundet.no\/rogaland\/insektsondag-pa-mostun\/\" \/>\n<meta property=\"og:site_name\" content=\"Rogaland\" \/>\n<meta property=\"article:published_time\" content=\"2014-05-30T11:17:15+00:00\" \/>\n<meta property=\"og:image\" content=\"https:\/\/naturvernforbundet.no\/content\/uploads\/sites\/16\/2014\/05\/Sommerfugl20foto20AEC.jpg2028articledisplay29.jpg\" \/>\n\t<meta property=\"og:image:width\" content=\"653\" \/>\n\t<meta property=\"og:image:height\" content=\"433\" \/>\n\t<meta property=\"og:image:type\" content=\"image\/jpeg\" \/>\n<meta name=\"author\" content=\"Erik Thoring\" \/>\n<meta name=\"twitter:card\" content=\"summary_large_image\" \/>\n<meta name=\"twitter:label1\" content=\"Skrevet av\" \/>\n\t<meta name=\"twitter:data1\" content=\"Erik Thoring\" \/>\n\t<meta name=\"twitter:label2\" content=\"Ansl. lesetid\" \/>\n\t<meta name=\"twitter:data2\" content=\"1 minutt\" \/>\n<script type=\"application\/ld+json\" class=\"yoast-schema-graph\">{\"@context\":\"https:\/\/schema.org\",\"@graph\":[{\"@type\":\"WebPage\",\"@id\":\"https:\/\/naturvernforbundet.no\/rogaland\/insektsondag-pa-mostun\/\",\"url\":\"https:\/\/naturvernforbundet.no\/rogaland\/insektsondag-pa-mostun\/\",\"name\":\"Insekts\u00f8ndag p\u00e5 Mostun - Rogaland\",\"isPartOf\":{\"@id\":\"https:\/\/naturvernforbundet.no\/rogaland\/#website\"},\"primaryImageOfPage\":{\"@id\":\"https:\/\/naturvernforbundet.no\/rogaland\/insektsondag-pa-mostun\/#primaryimage\"},\"image\":{\"@id\":\"https:\/\/naturvernforbundet.no\/rogaland\/insektsondag-pa-mostun\/#primaryimage\"},\"thumbnailUrl\":\"https:\/\/naturvernforbundet.no\/content\/uploads\/sites\/16\/2014\/05\/Sommerfugl20foto20AEC.jpg2028articledisplay29.jpg\",\"datePublished\":\"2014-05-30T11:17:15+00:00\",\"author\":{\"@id\":\"https:\/\/naturvernforbundet.no\/rogaland\/#\/schema\/person\/97abad7d4d3577b542503235edaabba2\"},\"breadcrumb\":{\"@id\":\"https:\/\/naturvernforbundet.no\/rogaland\/insektsondag-pa-mostun\/#breadcrumb\"},\"inLanguage\":\"nb-NO\",\"potentialAction\":[{\"@type\":\"ReadAction\",\"target\":[\"https:\/\/naturvernforbundet.no\/rogaland\/insektsondag-pa-mostun\/\"]}]},{\"@type\":\"ImageObject\",\"inLanguage\":\"nb-NO\",\"@id\":\"https:\/\/naturvernforbundet.no\/rogaland\/insektsondag-pa-mostun\/#primaryimage\",\"url\":\"https:\/\/naturvernforbundet.no\/content\/uploads\/sites\/16\/2014\/05\/Sommerfugl20foto20AEC.jpg2028articledisplay29.jpg\",\"contentUrl\":\"https:\/\/naturvernforbundet.no\/content\/uploads\/sites\/16\/2014\/05\/Sommerfugl20foto20AEC.jpg2028articledisplay29.jpg\",\"width\":653,\"height\":433},{\"@type\":\"BreadcrumbList\",\"@id\":\"https:\/\/naturvernforbundet.no\/rogaland\/insektsondag-pa-mostun\/#breadcrumb\",\"itemListElement\":[{\"@type\":\"ListItem\",\"position\":1,\"name\":\"Till naturvernforbundet.no\",\"item\":\"https:\/\/naturvernforbundet.no\/\"},{\"@type\":\"ListItem\",\"position\":2,\"name\":\"Rogaland\",\"item\":\"https:\/\/naturvernforbundet.no\/rogaland\/\"},{\"@type\":\"ListItem\",\"position\":3,\"name\":\"Insekts\u00f8ndag p\u00e5 Mostun\"}]},{\"@type\":\"WebSite\",\"@id\":\"https:\/\/naturvernforbundet.no\/rogaland\/#website\",\"url\":\"https:\/\/naturvernforbundet.no\/rogaland\/\",\"name\":\"Rogaland\",\"description\":\"Bare enda et Naturvernforbundet Sites-nettsted\",\"potentialAction\":[{\"@type\":\"SearchAction\",\"target\":{\"@type\":\"EntryPoint\",\"urlTemplate\":\"https:\/\/naturvernforbundet.no\/rogaland\/?s={search_term_string}\"},\"query-input\":{\"@type\":\"PropertyValueSpecification\",\"valueRequired\":true,\"valueName\":\"search_term_string\"}}],\"inLanguage\":\"nb-NO\"},{\"@type\":\"Person\",\"@id\":\"https:\/\/naturvernforbundet.no\/rogaland\/#\/schema\/person\/97abad7d4d3577b542503235edaabba2\",\"name\":\"Erik Thoring\",\"image\":{\"@type\":\"ImageObject\",\"inLanguage\":\"nb-NO\",\"@id\":\"https:\/\/naturvernforbundet.no\/rogaland\/#\/schema\/person\/image\/\",\"url\":\"https:\/\/secure.gravatar.com\/avatar\/18472085169d11121a1544fda1655370?s=96&d=mm&r=g\",\"contentUrl\":\"https:\/\/secure.gravatar.com\/avatar\/18472085169d11121a1544fda1655370?s=96&d=mm&r=g\",\"caption\":\"Erik Thoring\"},\"url\":\"https:\/\/naturvernforbundet.no\/rogaland\/author\/erikthoring\/\"}]}<\/script>\n<!-- \/ Yoast SEO plugin. -->","yoast_head_json":{"title":"Insekts\u00f8ndag p\u00e5 Mostun - Rogaland","robots":{"index":"index","follow":"follow","max-snippet":"max-snippet:-1","max-image-preview":"max-image-preview:large","max-video-preview":"max-video-preview:-1"},"canonical":"https:\/\/naturvernforbundet.no\/rogaland\/insektsondag-pa-mostun\/","og_locale":"nb_NO","og_type":"article","og_title":"Insekts\u00f8ndag p\u00e5 Mostun - Rogaland","og_description":"Du kan s\u00e5 vidt se dem med det blotte \u00f8yet. Men de er der i tusentall, vanninsektene. S\u00f8ndag kan du bli kjent med lopper, kreps og annet sm\u00e5kryp om du kommer til Mostun natursenter. Jan Stenl\u00f8kk fra Entomologisk Forening kommer ogs\u00e5.","og_url":"https:\/\/naturvernforbundet.no\/rogaland\/insektsondag-pa-mostun\/","og_site_name":"Rogaland","article_published_time":"2014-05-30T11:17:15+00:00","og_image":[{"width":653,"height":433,"url":"https:\/\/naturvernforbundet.no\/content\/uploads\/sites\/16\/2014\/05\/Sommerfugl20foto20AEC.jpg2028articledisplay29.jpg","type":"image\/jpeg"}],"author":"Erik Thoring","twitter_card":"summary_large_image","twitter_misc":{"Skrevet av":"Erik Thoring","Ansl. lesetid":"1 minutt"},"schema":{"@context":"https:\/\/schema.org","@graph":[{"@type":"WebPage","@id":"https:\/\/naturvernforbundet.no\/rogaland\/insektsondag-pa-mostun\/","url":"https:\/\/naturvernforbundet.no\/rogaland\/insektsondag-pa-mostun\/","name":"Insekts\u00f8ndag p\u00e5 Mostun - Rogaland","isPartOf":{"@id":"https:\/\/naturvernforbundet.no\/rogaland\/#website"},"primaryImageOfPage":{"@id":"https:\/\/naturvernforbundet.no\/rogaland\/insektsondag-pa-mostun\/#primaryimage"},"image":{"@id":"https:\/\/naturvernforbundet.no\/rogaland\/insektsondag-pa-mostun\/#primaryimage"},"thumbnailUrl":"https:\/\/naturvernforbundet.no\/content\/uploads\/sites\/16\/2014\/05\/Sommerfugl20foto20AEC.jpg2028articledisplay29.jpg","datePublished":"2014-05-30T11:17:15+00:00","author":{"@id":"https:\/\/naturvernforbundet.no\/rogaland\/#\/schema\/person\/97abad7d4d3577b542503235edaabba2"},"breadcrumb":{"@id":"https:\/\/naturvernforbundet.no\/rogaland\/insektsondag-pa-mostun\/#breadcrumb"},"inLanguage":"nb-NO","potentialAction":[{"@type":"ReadAction","target":["https:\/\/naturvernforbundet.no\/rogaland\/insektsondag-pa-mostun\/"]}]},{"@type":"ImageObject","inLanguage":"nb-NO","@id":"https:\/\/naturvernforbundet.no\/rogaland\/insektsondag-pa-mostun\/#primaryimage","url":"https:\/\/naturvernforbundet.no\/content\/uploads\/sites\/16\/2014\/05\/Sommerfugl20foto20AEC.jpg2028articledisplay29.jpg","contentUrl":"https:\/\/naturvernforbundet.no\/content\/uploads\/sites\/16\/2014\/05\/Sommerfugl20foto20AEC.jpg2028articledisplay29.jpg","width":653,"height":433},{"@type":"BreadcrumbList","@id":"https:\/\/naturvernforbundet.no\/rogaland\/insektsondag-pa-mostun\/#breadcrumb","itemListElement":[{"@type":"ListItem","position":1,"name":"Till naturvernforbundet.no","item":"https:\/\/naturvernforbundet.no\/"},{"@type":"ListItem","position":2,"name":"Rogaland","item":"https:\/\/naturvernforbundet.no\/rogaland\/"},{"@type":"ListItem","position":3,"name":"Insekts\u00f8ndag p\u00e5 Mostun"}]},{"@type":"WebSite","@id":"https:\/\/naturvernforbundet.no\/rogaland\/#website","url":"https:\/\/naturvernforbundet.no\/rogaland\/","name":"Rogaland","description":"Bare enda et Naturvernforbundet Sites-nettsted","potentialAction":[{"@type":"SearchAction","target":{"@type":"EntryPoint","urlTemplate":"https:\/\/naturvernforbundet.no\/rogaland\/?s={search_term_string}"},"query-input":{"@type":"PropertyValueSpecification","valueRequired":true,"valueName":"search_term_string"}}],"inLanguage":"nb-NO"},{"@type":"Person","@id":"https:\/\/naturvernforbundet.no\/rogaland\/#\/schema\/person\/97abad7d4d3577b542503235edaabba2","name":"Erik Thoring","image":{"@type":"ImageObject","inLanguage":"nb-NO","@id":"https:\/\/naturvernforbundet.no\/rogaland\/#\/schema\/person\/image\/","url":"https:\/\/secure.gravatar.com\/avatar\/18472085169d11121a1544fda1655370?s=96&d=mm&r=g","contentUrl":"https:\/\/secure.gravatar.com\/avatar\/18472085169d11121a1544fda1655370?s=96&d=mm&r=g","caption":"Erik Thoring"},"url":"https:\/\/naturvernforbundet.no\/rogaland\/author\/erikthoring\/"}]}},"_links":{"self":[{"href":"https:\/\/naturvernforbundet.no\/rogaland\/wp-json\/wp\/v2\/posts\/524","targetHints":{"allow":["GET"]}}],"collection":[{"href":"https:\/\/naturvernforbundet.no\/rogaland\/wp-json\/wp\/v2\/posts"}],"about":[{"href":"https:\/\/naturvernforbundet.no\/rogaland\/wp-json\/wp\/v2\/types\/post"}],"author":[{"embeddable":true,"href":"https:\/\/naturvernforbundet.no\/rogaland\/wp-json\/wp\/v2\/users\/76"}],"replies":[{"embeddable":true,"href":"https:\/\/naturvernforbundet.no\/rogaland\/wp-json\/wp\/v2\/comments?post=524"}],"version-history":[{"count":0,"href":"https:\/\/naturvernforbundet.no\/rogaland\/wp-json\/wp\/v2\/posts\/524\/revisions"}],"wp:featuredmedia":[{"embeddable":true,"href":"https:\/\/naturvernforbundet.no\/rogaland\/wp-json\/wp\/v2\/media\/525"}],"wp:attachment":[{"href":"https:\/\/naturvernforbundet.no\/rogaland\/wp-json\/wp\/v2\/media?parent=524"}],"wp:term":[{"taxonomy":"category","embeddable":true,"href":"https:\/\/naturvernforbundet.no\/rogaland\/wp-json\/wp\/v2\/categories?post=524"},{"taxonomy":"post_tag","embeddable":true,"href":"https:\/\/naturvernforbundet.no\/rogaland\/wp-json\/wp\/v2\/tags?post=524"},{"taxonomy":"local","embeddable":true,"href":"https:\/\/naturvernforbundet.no\/rogaland\/wp-json\/wp\/v2\/local?post=524"}],"curies":[{"name":"wp","href":"https:\/\/api.w.org\/{rel}","templated":true}]}}