{"id":536,"date":"2013-04-25T10:21:24","date_gmt":"2013-04-25T08:21:24","guid":{"rendered":"https:\/\/naturvernforbundet.no\/rogaland\/vatt-og-varlig\/"},"modified":"2013-04-25T10:21:24","modified_gmt":"2013-04-25T08:21:24","slug":"vatt-og-varlig","status":"publish","type":"post","link":"https:\/\/naturvernforbundet.no\/rogaland\/vatt-og-varlig\/","title":{"rendered":"V\u00e5tt og v\u00e5rlig"},"content":{"rendered":"\t<div class=\"template-post alignfull wp-block-naturvern-hero\">\n\t\t<div class=\"hero__inner\">\n\t\t\t<div class=\"hero__inner_blocks\">\n\t\t\t\t\t\t\t\t\n\t\t\t\t\t<h1 class=\"wp-block-post-title\">V\u00e5tt og v\u00e5rlig<\/h1>\n\n\t\t\t\t\t<div class=\"wp-block-post-excerpt\"><p class=\"wp-block-post-excerpt__excerpt\">Stavanger Turistforening har startet med ukentlig hverdagsturer med guide. F\u00f8rst ut var Eiganesturen med Mosvatnet, V\u00e5landsskogen og Mostun. <\/p><\/div>\n\n\t\t\t\t\t<figure class=\"wp-block-post-featured-image\"><img loading=\"lazy\" decoding=\"async\" width=\"653\" height=\"434\" src=\"https:\/\/naturvernforbundet.no\/content\/uploads\/sites\/16\/2013\/04\/Erik20Thoring20orienterer20om20planene20for20Mostun20Foto20Kjell20Helle-Olsen20282629.JPG2028articledisplay29.jpg\" class=\"attachment-post-thumbnail size-post-thumbnail wp-post-image\" alt=\"\" style=\"object-fit:cover;\" srcset=\"https:\/\/naturvernforbundet.no\/content\/uploads\/sites\/16\/2013\/04\/Erik20Thoring20orienterer20om20planene20for20Mostun20Foto20Kjell20Helle-Olsen20282629.JPG2028articledisplay29.jpg 653w, https:\/\/naturvernforbundet.no\/content\/uploads\/sites\/16\/2013\/04\/Erik20Thoring20orienterer20om20planene20for20Mostun20Foto20Kjell20Helle-Olsen20282629.JPG2028articledisplay29-300x199.jpg 300w\" sizes=\"auto, (max-width: 653px) 100vw, 653px\" \/><\/figure>\n\n\t\t\t\t\t<div class=\"wp-block-naturvern-byline\">\n\t\t\t<div class=\"authors\">By <span class=\"t2-byline__author-link\">Erik Thoring<\/span><\/div>\n\t\t\t<small class=\"entry-date\">25.04.2013 10:21<\/small>\n\t\t<\/div>\n\t\t\t\t\t\t\t\t<\/div>\n\t\t\t\t\t<\/div>\n\t\t\t<\/div>\n\t\n<p>\n\tAnf\u00f8rt av tidligere STF-sjef Kjell Helle Olsen la 30 godt kledte deltakere ut p\u00e5 Eiganesvandringen onsdag 24.april. V\u00e6rgudene s\u00f8rget for en fuktig opplevelse uten at det s\u00e5 ut til \u00e5 legge en demper p\u00e5 entusiasmen. V\u00e5ren er nemlig p\u00e5 gang med v\u00e5ryre fugler i skog og p\u00e5 vann, og med blomstrende sn\u00f8klokker og v\u00e5rk\u00e5l.<\/p>\n\n\n\n<p>\n\tMostun natursenter \u00e5pnet d\u00f8rene for turflokken, der daglig leder b\u00f8d p\u00e5 kaffe, saft og hjemmebakt havrekjeks. Det ble informert om eiendommens lange og varierte historie og om planene for utvikling av naturinformasjonssenteret. Mosvatnets unike naturmangfold ble beh\u00f8rig presentert, der hettem\u00e5ke og toppdykker framst\u00e5r som omr\u00e5dets karakterfugler.<\/p>\n\n\n\n<p>\n\tHvis du er interessert i \u00e5 delta p\u00e5 STF s hverdagsturer er det bare \u00e5 f\u00f8lge med p\u00e5 hjemmesiden <a href=\"http:\/\/www.stavanger-turistforening.no\">www.stavanger-turistforening.no<\/a><\/p>\n","protected":false},"excerpt":{"rendered":"<p>Stavanger Turistforening har startet med ukentlig hverdagsturer med guide. F\u00f8rst ut var Eiganesturen med Mosvatnet, V\u00e5landsskogen og Mostun.<\/p>\n","protected":false},"author":76,"featured_media":537,"comment_status":"closed","ping_status":"closed","sticky":false,"template":"","format":"standard","meta":{"_relevanssi_hide_post":"","_relevanssi_hide_content":"","_relevanssi_pin_for_all":"","_relevanssi_pin_keywords":"","_relevanssi_unpin_keywords":"","_relevanssi_related_keywords":"","_relevanssi_related_include_ids":"","_relevanssi_related_exclude_ids":"","_relevanssi_related_no_append":"","_relevanssi_related_not_related":"","_relevanssi_related_posts":"","_relevanssi_noindex_reason":"","hide_logo":false,"footnotes":""},"categories":[10],"tags":[],"local":[],"class_list":["post-536","post","type-post","status-publish","format-standard","has-post-thumbnail","hentry","category-mostun"],"acf":[],"yoast_head":"<!-- This site is optimized with the Yoast SEO plugin v24.9 - https:\/\/yoast.com\/wordpress\/plugins\/seo\/ -->\n<title>V\u00e5tt og v\u00e5rlig - Rogaland<\/title>\n<meta name=\"robots\" content=\"index, follow, max-snippet:-1, max-image-preview:large, max-video-preview:-1\" \/>\n<link rel=\"canonical\" href=\"https:\/\/naturvernforbundet.no\/rogaland\/vatt-og-varlig\/\" \/>\n<meta property=\"og:locale\" content=\"nb_NO\" \/>\n<meta property=\"og:type\" content=\"article\" \/>\n<meta property=\"og:title\" content=\"V\u00e5tt og v\u00e5rlig - Rogaland\" \/>\n<meta property=\"og:description\" content=\"Stavanger Turistforening har startet med ukentlig hverdagsturer med guide. F\u00f8rst ut var Eiganesturen med Mosvatnet, V\u00e5landsskogen og Mostun.\" \/>\n<meta property=\"og:url\" content=\"https:\/\/naturvernforbundet.no\/rogaland\/vatt-og-varlig\/\" \/>\n<meta property=\"og:site_name\" content=\"Rogaland\" \/>\n<meta property=\"article:published_time\" content=\"2013-04-25T08:21:24+00:00\" \/>\n<meta property=\"og:image\" content=\"https:\/\/naturvernforbundet.no\/content\/uploads\/sites\/16\/2013\/04\/Erik20Thoring20orienterer20om20planene20for20Mostun20Foto20Kjell20Helle-Olsen20282629.JPG2028articledisplay29.jpg\" \/>\n\t<meta property=\"og:image:width\" content=\"653\" \/>\n\t<meta property=\"og:image:height\" content=\"434\" \/>\n\t<meta property=\"og:image:type\" content=\"image\/jpeg\" \/>\n<meta name=\"author\" content=\"Erik Thoring\" \/>\n<meta name=\"twitter:card\" content=\"summary_large_image\" \/>\n<meta name=\"twitter:label1\" content=\"Skrevet av\" \/>\n\t<meta name=\"twitter:data1\" content=\"Erik Thoring\" \/>\n\t<meta name=\"twitter:label2\" content=\"Ansl. lesetid\" \/>\n\t<meta name=\"twitter:data2\" content=\"1 minutt\" \/>\n<script type=\"application\/ld+json\" class=\"yoast-schema-graph\">{\"@context\":\"https:\/\/schema.org\",\"@graph\":[{\"@type\":\"WebPage\",\"@id\":\"https:\/\/naturvernforbundet.no\/rogaland\/vatt-og-varlig\/\",\"url\":\"https:\/\/naturvernforbundet.no\/rogaland\/vatt-og-varlig\/\",\"name\":\"V\u00e5tt og v\u00e5rlig - Rogaland\",\"isPartOf\":{\"@id\":\"https:\/\/naturvernforbundet.no\/rogaland\/#website\"},\"primaryImageOfPage\":{\"@id\":\"https:\/\/naturvernforbundet.no\/rogaland\/vatt-og-varlig\/#primaryimage\"},\"image\":{\"@id\":\"https:\/\/naturvernforbundet.no\/rogaland\/vatt-og-varlig\/#primaryimage\"},\"thumbnailUrl\":\"https:\/\/naturvernforbundet.no\/content\/uploads\/sites\/16\/2013\/04\/Erik20Thoring20orienterer20om20planene20for20Mostun20Foto20Kjell20Helle-Olsen20282629.JPG2028articledisplay29.jpg\",\"datePublished\":\"2013-04-25T08:21:24+00:00\",\"author\":{\"@id\":\"https:\/\/naturvernforbundet.no\/rogaland\/#\/schema\/person\/97abad7d4d3577b542503235edaabba2\"},\"breadcrumb\":{\"@id\":\"https:\/\/naturvernforbundet.no\/rogaland\/vatt-og-varlig\/#breadcrumb\"},\"inLanguage\":\"nb-NO\",\"potentialAction\":[{\"@type\":\"ReadAction\",\"target\":[\"https:\/\/naturvernforbundet.no\/rogaland\/vatt-og-varlig\/\"]}]},{\"@type\":\"ImageObject\",\"inLanguage\":\"nb-NO\",\"@id\":\"https:\/\/naturvernforbundet.no\/rogaland\/vatt-og-varlig\/#primaryimage\",\"url\":\"https:\/\/naturvernforbundet.no\/content\/uploads\/sites\/16\/2013\/04\/Erik20Thoring20orienterer20om20planene20for20Mostun20Foto20Kjell20Helle-Olsen20282629.JPG2028articledisplay29.jpg\",\"contentUrl\":\"https:\/\/naturvernforbundet.no\/content\/uploads\/sites\/16\/2013\/04\/Erik20Thoring20orienterer20om20planene20for20Mostun20Foto20Kjell20Helle-Olsen20282629.JPG2028articledisplay29.jpg\",\"width\":653,\"height\":434},{\"@type\":\"BreadcrumbList\",\"@id\":\"https:\/\/naturvernforbundet.no\/rogaland\/vatt-og-varlig\/#breadcrumb\",\"itemListElement\":[{\"@type\":\"ListItem\",\"position\":1,\"name\":\"Till naturvernforbundet.no\",\"item\":\"https:\/\/naturvernforbundet.no\/\"},{\"@type\":\"ListItem\",\"position\":2,\"name\":\"Rogaland\",\"item\":\"https:\/\/naturvernforbundet.no\/rogaland\/\"},{\"@type\":\"ListItem\",\"position\":3,\"name\":\"V\u00e5tt og v\u00e5rlig\"}]},{\"@type\":\"WebSite\",\"@id\":\"https:\/\/naturvernforbundet.no\/rogaland\/#website\",\"url\":\"https:\/\/naturvernforbundet.no\/rogaland\/\",\"name\":\"Rogaland\",\"description\":\"Bare enda et Naturvernforbundet Sites-nettsted\",\"potentialAction\":[{\"@type\":\"SearchAction\",\"target\":{\"@type\":\"EntryPoint\",\"urlTemplate\":\"https:\/\/naturvernforbundet.no\/rogaland\/?s={search_term_string}\"},\"query-input\":{\"@type\":\"PropertyValueSpecification\",\"valueRequired\":true,\"valueName\":\"search_term_string\"}}],\"inLanguage\":\"nb-NO\"},{\"@type\":\"Person\",\"@id\":\"https:\/\/naturvernforbundet.no\/rogaland\/#\/schema\/person\/97abad7d4d3577b542503235edaabba2\",\"name\":\"Erik Thoring\",\"image\":{\"@type\":\"ImageObject\",\"inLanguage\":\"nb-NO\",\"@id\":\"https:\/\/naturvernforbundet.no\/rogaland\/#\/schema\/person\/image\/\",\"url\":\"https:\/\/secure.gravatar.com\/avatar\/18472085169d11121a1544fda1655370?s=96&d=mm&r=g\",\"contentUrl\":\"https:\/\/secure.gravatar.com\/avatar\/18472085169d11121a1544fda1655370?s=96&d=mm&r=g\",\"caption\":\"Erik Thoring\"},\"url\":\"https:\/\/naturvernforbundet.no\/rogaland\/author\/erikthoring\/\"}]}<\/script>\n<!-- \/ Yoast SEO plugin. -->","yoast_head_json":{"title":"V\u00e5tt og v\u00e5rlig - Rogaland","robots":{"index":"index","follow":"follow","max-snippet":"max-snippet:-1","max-image-preview":"max-image-preview:large","max-video-preview":"max-video-preview:-1"},"canonical":"https:\/\/naturvernforbundet.no\/rogaland\/vatt-og-varlig\/","og_locale":"nb_NO","og_type":"article","og_title":"V\u00e5tt og v\u00e5rlig - Rogaland","og_description":"Stavanger Turistforening har startet med ukentlig hverdagsturer med guide. F\u00f8rst ut var Eiganesturen med Mosvatnet, V\u00e5landsskogen og Mostun.","og_url":"https:\/\/naturvernforbundet.no\/rogaland\/vatt-og-varlig\/","og_site_name":"Rogaland","article_published_time":"2013-04-25T08:21:24+00:00","og_image":[{"width":653,"height":434,"url":"https:\/\/naturvernforbundet.no\/content\/uploads\/sites\/16\/2013\/04\/Erik20Thoring20orienterer20om20planene20for20Mostun20Foto20Kjell20Helle-Olsen20282629.JPG2028articledisplay29.jpg","type":"image\/jpeg"}],"author":"Erik Thoring","twitter_card":"summary_large_image","twitter_misc":{"Skrevet av":"Erik Thoring","Ansl. lesetid":"1 minutt"},"schema":{"@context":"https:\/\/schema.org","@graph":[{"@type":"WebPage","@id":"https:\/\/naturvernforbundet.no\/rogaland\/vatt-og-varlig\/","url":"https:\/\/naturvernforbundet.no\/rogaland\/vatt-og-varlig\/","name":"V\u00e5tt og v\u00e5rlig - Rogaland","isPartOf":{"@id":"https:\/\/naturvernforbundet.no\/rogaland\/#website"},"primaryImageOfPage":{"@id":"https:\/\/naturvernforbundet.no\/rogaland\/vatt-og-varlig\/#primaryimage"},"image":{"@id":"https:\/\/naturvernforbundet.no\/rogaland\/vatt-og-varlig\/#primaryimage"},"thumbnailUrl":"https:\/\/naturvernforbundet.no\/content\/uploads\/sites\/16\/2013\/04\/Erik20Thoring20orienterer20om20planene20for20Mostun20Foto20Kjell20Helle-Olsen20282629.JPG2028articledisplay29.jpg","datePublished":"2013-04-25T08:21:24+00:00","author":{"@id":"https:\/\/naturvernforbundet.no\/rogaland\/#\/schema\/person\/97abad7d4d3577b542503235edaabba2"},"breadcrumb":{"@id":"https:\/\/naturvernforbundet.no\/rogaland\/vatt-og-varlig\/#breadcrumb"},"inLanguage":"nb-NO","potentialAction":[{"@type":"ReadAction","target":["https:\/\/naturvernforbundet.no\/rogaland\/vatt-og-varlig\/"]}]},{"@type":"ImageObject","inLanguage":"nb-NO","@id":"https:\/\/naturvernforbundet.no\/rogaland\/vatt-og-varlig\/#primaryimage","url":"https:\/\/naturvernforbundet.no\/content\/uploads\/sites\/16\/2013\/04\/Erik20Thoring20orienterer20om20planene20for20Mostun20Foto20Kjell20Helle-Olsen20282629.JPG2028articledisplay29.jpg","contentUrl":"https:\/\/naturvernforbundet.no\/content\/uploads\/sites\/16\/2013\/04\/Erik20Thoring20orienterer20om20planene20for20Mostun20Foto20Kjell20Helle-Olsen20282629.JPG2028articledisplay29.jpg","width":653,"height":434},{"@type":"BreadcrumbList","@id":"https:\/\/naturvernforbundet.no\/rogaland\/vatt-og-varlig\/#breadcrumb","itemListElement":[{"@type":"ListItem","position":1,"name":"Till naturvernforbundet.no","item":"https:\/\/naturvernforbundet.no\/"},{"@type":"ListItem","position":2,"name":"Rogaland","item":"https:\/\/naturvernforbundet.no\/rogaland\/"},{"@type":"ListItem","position":3,"name":"V\u00e5tt og v\u00e5rlig"}]},{"@type":"WebSite","@id":"https:\/\/naturvernforbundet.no\/rogaland\/#website","url":"https:\/\/naturvernforbundet.no\/rogaland\/","name":"Rogaland","description":"Bare enda et Naturvernforbundet Sites-nettsted","potentialAction":[{"@type":"SearchAction","target":{"@type":"EntryPoint","urlTemplate":"https:\/\/naturvernforbundet.no\/rogaland\/?s={search_term_string}"},"query-input":{"@type":"PropertyValueSpecification","valueRequired":true,"valueName":"search_term_string"}}],"inLanguage":"nb-NO"},{"@type":"Person","@id":"https:\/\/naturvernforbundet.no\/rogaland\/#\/schema\/person\/97abad7d4d3577b542503235edaabba2","name":"Erik Thoring","image":{"@type":"ImageObject","inLanguage":"nb-NO","@id":"https:\/\/naturvernforbundet.no\/rogaland\/#\/schema\/person\/image\/","url":"https:\/\/secure.gravatar.com\/avatar\/18472085169d11121a1544fda1655370?s=96&d=mm&r=g","contentUrl":"https:\/\/secure.gravatar.com\/avatar\/18472085169d11121a1544fda1655370?s=96&d=mm&r=g","caption":"Erik Thoring"},"url":"https:\/\/naturvernforbundet.no\/rogaland\/author\/erikthoring\/"}]}},"_links":{"self":[{"href":"https:\/\/naturvernforbundet.no\/rogaland\/wp-json\/wp\/v2\/posts\/536","targetHints":{"allow":["GET"]}}],"collection":[{"href":"https:\/\/naturvernforbundet.no\/rogaland\/wp-json\/wp\/v2\/posts"}],"about":[{"href":"https:\/\/naturvernforbundet.no\/rogaland\/wp-json\/wp\/v2\/types\/post"}],"author":[{"embeddable":true,"href":"https:\/\/naturvernforbundet.no\/rogaland\/wp-json\/wp\/v2\/users\/76"}],"replies":[{"embeddable":true,"href":"https:\/\/naturvernforbundet.no\/rogaland\/wp-json\/wp\/v2\/comments?post=536"}],"version-history":[{"count":0,"href":"https:\/\/naturvernforbundet.no\/rogaland\/wp-json\/wp\/v2\/posts\/536\/revisions"}],"wp:featuredmedia":[{"embeddable":true,"href":"https:\/\/naturvernforbundet.no\/rogaland\/wp-json\/wp\/v2\/media\/537"}],"wp:attachment":[{"href":"https:\/\/naturvernforbundet.no\/rogaland\/wp-json\/wp\/v2\/media?parent=536"}],"wp:term":[{"taxonomy":"category","embeddable":true,"href":"https:\/\/naturvernforbundet.no\/rogaland\/wp-json\/wp\/v2\/categories?post=536"},{"taxonomy":"post_tag","embeddable":true,"href":"https:\/\/naturvernforbundet.no\/rogaland\/wp-json\/wp\/v2\/tags?post=536"},{"taxonomy":"local","embeddable":true,"href":"https:\/\/naturvernforbundet.no\/rogaland\/wp-json\/wp\/v2\/local?post=536"}],"curies":[{"name":"wp","href":"https:\/\/api.w.org\/{rel}","templated":true}]}}