{"id":716,"date":"2015-03-27T15:15:19","date_gmt":"2015-03-27T14:15:19","guid":{"rendered":"https:\/\/naturvernforbundet.no\/rogaland\/vi-folger-livet-i-fuglekassen\/"},"modified":"2015-03-27T15:15:19","modified_gmt":"2015-03-27T14:15:19","slug":"vi-folger-livet-i-fuglekassen","status":"publish","type":"post","link":"https:\/\/naturvernforbundet.no\/rogaland\/vi-folger-livet-i-fuglekassen\/","title":{"rendered":"Vi f\u00f8lger livet i fuglekassen"},"content":{"rendered":"\t<div class=\"template-post alignfull wp-block-naturvern-hero\">\n\t\t<div class=\"hero__inner\">\n\t\t\t<div class=\"hero__inner_blocks\">\n\t\t\t\t\t\t\t\t\n\t\t\t\t\t<h1 class=\"wp-block-post-title\">Vi f\u00f8lger livet i fuglekassen<\/h1>\n\n\t\t\t\t\t<div class=\"wp-block-post-excerpt\"><p class=\"wp-block-post-excerpt__excerpt\">Har du noen gang lurt p\u00e5 hva som skjer inni ei fuglekasse? N\u00e5 kan du bli med inn og se! <\/p><\/div>\n\n\t\t\t\t\t<figure class=\"wp-block-post-featured-image\"><img loading=\"lazy\" decoding=\"async\" width=\"653\" height=\"435\" src=\"https:\/\/naturvernforbundet.no\/content\/uploads\/sites\/16\/2015\/03\/Screen20Shot202015-04-2920at2011.54.05.png2028articledisplay29.png\" class=\"attachment-post-thumbnail size-post-thumbnail wp-post-image\" alt=\"\" style=\"object-fit:cover;\" srcset=\"https:\/\/naturvernforbundet.no\/content\/uploads\/sites\/16\/2015\/03\/Screen20Shot202015-04-2920at2011.54.05.png2028articledisplay29.png 653w, https:\/\/naturvernforbundet.no\/content\/uploads\/sites\/16\/2015\/03\/Screen20Shot202015-04-2920at2011.54.05.png2028articledisplay29-300x200.png 300w\" sizes=\"auto, (max-width: 653px) 100vw, 653px\" \/><\/figure>\n\n\t\t\t\t\t<div class=\"wp-block-naturvern-byline\">\n\t\t\t<div class=\"authors\">By <span class=\"t2-byline__author-link\"><\/span><\/div>\n\t\t\t<small class=\"entry-date\">27.03.2015 15:15<\/small>\n\t\t<\/div>\n\t\t\t\t\t\t\t\t<\/div>\n\t\t\t\t\t<\/div>\n\t\t\t<\/div>\n\t\n<p>En kj\u00f8ttmeis har flyttet inn og er travelt opptatt med \u00e5 bygge et koselig rede. Er vi heldige vil det bli et par som legger egg! Da kan vi f\u00e5 se hvordan neste generasjon av kj\u00f8ttmeis blir fostret opp. Den lille fuglen er ikke alltid i redet, men f\u00f8lg med! Plutselig er den der!<\/p>\n\n\n\n<p>Dette prosjektet er st\u00f8ttet av Rogaland Fylkeskommune.<\/p>\n","protected":false},"excerpt":{"rendered":"<p>Har du noen gang lurt p\u00e5 hva som skjer inni ei fuglekasse? N\u00e5 kan du bli med inn og se!<\/p>\n","protected":false},"author":0,"featured_media":717,"comment_status":"closed","ping_status":"closed","sticky":false,"template":"","format":"standard","meta":{"_relevanssi_hide_post":"","_relevanssi_hide_content":"","_relevanssi_pin_for_all":"","_relevanssi_pin_keywords":"","_relevanssi_unpin_keywords":"","_relevanssi_related_keywords":"","_relevanssi_related_include_ids":"","_relevanssi_related_exclude_ids":"","_relevanssi_related_no_append":"","_relevanssi_related_not_related":"","_relevanssi_related_posts":"","_relevanssi_noindex_reason":"","hide_logo":false,"footnotes":""},"categories":[27],"tags":[],"local":[],"class_list":["post-716","post","type-post","status-publish","format-standard","has-post-thumbnail","hentry","category-prosjekter"],"acf":[],"yoast_head":"<!-- This site is optimized with the Yoast SEO plugin v24.9 - https:\/\/yoast.com\/wordpress\/plugins\/seo\/ -->\n<title>Vi f\u00f8lger livet i fuglekassen - Rogaland<\/title>\n<meta name=\"robots\" content=\"index, follow, max-snippet:-1, max-image-preview:large, max-video-preview:-1\" \/>\n<link rel=\"canonical\" href=\"https:\/\/naturvernforbundet.no\/rogaland\/vi-folger-livet-i-fuglekassen\/\" \/>\n<meta property=\"og:locale\" content=\"nb_NO\" \/>\n<meta property=\"og:type\" content=\"article\" \/>\n<meta property=\"og:title\" content=\"Vi f\u00f8lger livet i fuglekassen - Rogaland\" \/>\n<meta property=\"og:description\" content=\"Har du noen gang lurt p\u00e5 hva som skjer inni ei fuglekasse? N\u00e5 kan du bli med inn og se!\" \/>\n<meta property=\"og:url\" content=\"https:\/\/naturvernforbundet.no\/rogaland\/vi-folger-livet-i-fuglekassen\/\" \/>\n<meta property=\"og:site_name\" content=\"Rogaland\" \/>\n<meta property=\"article:published_time\" content=\"2015-03-27T14:15:19+00:00\" \/>\n<meta property=\"og:image\" content=\"https:\/\/naturvernforbundet.no\/content\/uploads\/sites\/16\/2015\/03\/Screen20Shot202015-04-2920at2011.54.05.png2028articledisplay29.png\" \/>\n\t<meta property=\"og:image:width\" content=\"653\" \/>\n\t<meta property=\"og:image:height\" content=\"435\" \/>\n\t<meta property=\"og:image:type\" content=\"image\/png\" \/>\n<meta name=\"twitter:card\" content=\"summary_large_image\" \/>\n<script type=\"application\/ld+json\" class=\"yoast-schema-graph\">{\"@context\":\"https:\/\/schema.org\",\"@graph\":[{\"@type\":\"WebPage\",\"@id\":\"https:\/\/naturvernforbundet.no\/rogaland\/vi-folger-livet-i-fuglekassen\/\",\"url\":\"https:\/\/naturvernforbundet.no\/rogaland\/vi-folger-livet-i-fuglekassen\/\",\"name\":\"Vi f\u00f8lger livet i fuglekassen - Rogaland\",\"isPartOf\":{\"@id\":\"https:\/\/naturvernforbundet.no\/rogaland\/#website\"},\"primaryImageOfPage\":{\"@id\":\"https:\/\/naturvernforbundet.no\/rogaland\/vi-folger-livet-i-fuglekassen\/#primaryimage\"},\"image\":{\"@id\":\"https:\/\/naturvernforbundet.no\/rogaland\/vi-folger-livet-i-fuglekassen\/#primaryimage\"},\"thumbnailUrl\":\"https:\/\/naturvernforbundet.no\/content\/uploads\/sites\/16\/2015\/03\/Screen20Shot202015-04-2920at2011.54.05.png2028articledisplay29.png\",\"datePublished\":\"2015-03-27T14:15:19+00:00\",\"author\":{\"@id\":\"\"},\"breadcrumb\":{\"@id\":\"https:\/\/naturvernforbundet.no\/rogaland\/vi-folger-livet-i-fuglekassen\/#breadcrumb\"},\"inLanguage\":\"nb-NO\",\"potentialAction\":[{\"@type\":\"ReadAction\",\"target\":[\"https:\/\/naturvernforbundet.no\/rogaland\/vi-folger-livet-i-fuglekassen\/\"]}]},{\"@type\":\"ImageObject\",\"inLanguage\":\"nb-NO\",\"@id\":\"https:\/\/naturvernforbundet.no\/rogaland\/vi-folger-livet-i-fuglekassen\/#primaryimage\",\"url\":\"https:\/\/naturvernforbundet.no\/content\/uploads\/sites\/16\/2015\/03\/Screen20Shot202015-04-2920at2011.54.05.png2028articledisplay29.png\",\"contentUrl\":\"https:\/\/naturvernforbundet.no\/content\/uploads\/sites\/16\/2015\/03\/Screen20Shot202015-04-2920at2011.54.05.png2028articledisplay29.png\",\"width\":653,\"height\":435},{\"@type\":\"BreadcrumbList\",\"@id\":\"https:\/\/naturvernforbundet.no\/rogaland\/vi-folger-livet-i-fuglekassen\/#breadcrumb\",\"itemListElement\":[{\"@type\":\"ListItem\",\"position\":1,\"name\":\"Till naturvernforbundet.no\",\"item\":\"https:\/\/naturvernforbundet.no\/\"},{\"@type\":\"ListItem\",\"position\":2,\"name\":\"Rogaland\",\"item\":\"https:\/\/naturvernforbundet.no\/rogaland\/\"},{\"@type\":\"ListItem\",\"position\":3,\"name\":\"Vi f\u00f8lger livet i fuglekassen\"}]},{\"@type\":\"WebSite\",\"@id\":\"https:\/\/naturvernforbundet.no\/rogaland\/#website\",\"url\":\"https:\/\/naturvernforbundet.no\/rogaland\/\",\"name\":\"Rogaland\",\"description\":\"Bare enda et Naturvernforbundet Sites-nettsted\",\"potentialAction\":[{\"@type\":\"SearchAction\",\"target\":{\"@type\":\"EntryPoint\",\"urlTemplate\":\"https:\/\/naturvernforbundet.no\/rogaland\/?s={search_term_string}\"},\"query-input\":{\"@type\":\"PropertyValueSpecification\",\"valueRequired\":true,\"valueName\":\"search_term_string\"}}],\"inLanguage\":\"nb-NO\"}]}<\/script>\n<!-- \/ Yoast SEO plugin. -->","yoast_head_json":{"title":"Vi f\u00f8lger livet i fuglekassen - Rogaland","robots":{"index":"index","follow":"follow","max-snippet":"max-snippet:-1","max-image-preview":"max-image-preview:large","max-video-preview":"max-video-preview:-1"},"canonical":"https:\/\/naturvernforbundet.no\/rogaland\/vi-folger-livet-i-fuglekassen\/","og_locale":"nb_NO","og_type":"article","og_title":"Vi f\u00f8lger livet i fuglekassen - Rogaland","og_description":"Har du noen gang lurt p\u00e5 hva som skjer inni ei fuglekasse? N\u00e5 kan du bli med inn og se!","og_url":"https:\/\/naturvernforbundet.no\/rogaland\/vi-folger-livet-i-fuglekassen\/","og_site_name":"Rogaland","article_published_time":"2015-03-27T14:15:19+00:00","og_image":[{"width":653,"height":435,"url":"https:\/\/naturvernforbundet.no\/content\/uploads\/sites\/16\/2015\/03\/Screen20Shot202015-04-2920at2011.54.05.png2028articledisplay29.png","type":"image\/png"}],"twitter_card":"summary_large_image","schema":{"@context":"https:\/\/schema.org","@graph":[{"@type":"WebPage","@id":"https:\/\/naturvernforbundet.no\/rogaland\/vi-folger-livet-i-fuglekassen\/","url":"https:\/\/naturvernforbundet.no\/rogaland\/vi-folger-livet-i-fuglekassen\/","name":"Vi f\u00f8lger livet i fuglekassen - Rogaland","isPartOf":{"@id":"https:\/\/naturvernforbundet.no\/rogaland\/#website"},"primaryImageOfPage":{"@id":"https:\/\/naturvernforbundet.no\/rogaland\/vi-folger-livet-i-fuglekassen\/#primaryimage"},"image":{"@id":"https:\/\/naturvernforbundet.no\/rogaland\/vi-folger-livet-i-fuglekassen\/#primaryimage"},"thumbnailUrl":"https:\/\/naturvernforbundet.no\/content\/uploads\/sites\/16\/2015\/03\/Screen20Shot202015-04-2920at2011.54.05.png2028articledisplay29.png","datePublished":"2015-03-27T14:15:19+00:00","author":{"@id":""},"breadcrumb":{"@id":"https:\/\/naturvernforbundet.no\/rogaland\/vi-folger-livet-i-fuglekassen\/#breadcrumb"},"inLanguage":"nb-NO","potentialAction":[{"@type":"ReadAction","target":["https:\/\/naturvernforbundet.no\/rogaland\/vi-folger-livet-i-fuglekassen\/"]}]},{"@type":"ImageObject","inLanguage":"nb-NO","@id":"https:\/\/naturvernforbundet.no\/rogaland\/vi-folger-livet-i-fuglekassen\/#primaryimage","url":"https:\/\/naturvernforbundet.no\/content\/uploads\/sites\/16\/2015\/03\/Screen20Shot202015-04-2920at2011.54.05.png2028articledisplay29.png","contentUrl":"https:\/\/naturvernforbundet.no\/content\/uploads\/sites\/16\/2015\/03\/Screen20Shot202015-04-2920at2011.54.05.png2028articledisplay29.png","width":653,"height":435},{"@type":"BreadcrumbList","@id":"https:\/\/naturvernforbundet.no\/rogaland\/vi-folger-livet-i-fuglekassen\/#breadcrumb","itemListElement":[{"@type":"ListItem","position":1,"name":"Till naturvernforbundet.no","item":"https:\/\/naturvernforbundet.no\/"},{"@type":"ListItem","position":2,"name":"Rogaland","item":"https:\/\/naturvernforbundet.no\/rogaland\/"},{"@type":"ListItem","position":3,"name":"Vi f\u00f8lger livet i fuglekassen"}]},{"@type":"WebSite","@id":"https:\/\/naturvernforbundet.no\/rogaland\/#website","url":"https:\/\/naturvernforbundet.no\/rogaland\/","name":"Rogaland","description":"Bare enda et Naturvernforbundet Sites-nettsted","potentialAction":[{"@type":"SearchAction","target":{"@type":"EntryPoint","urlTemplate":"https:\/\/naturvernforbundet.no\/rogaland\/?s={search_term_string}"},"query-input":{"@type":"PropertyValueSpecification","valueRequired":true,"valueName":"search_term_string"}}],"inLanguage":"nb-NO"}]}},"_links":{"self":[{"href":"https:\/\/naturvernforbundet.no\/rogaland\/wp-json\/wp\/v2\/posts\/716","targetHints":{"allow":["GET"]}}],"collection":[{"href":"https:\/\/naturvernforbundet.no\/rogaland\/wp-json\/wp\/v2\/posts"}],"about":[{"href":"https:\/\/naturvernforbundet.no\/rogaland\/wp-json\/wp\/v2\/types\/post"}],"replies":[{"embeddable":true,"href":"https:\/\/naturvernforbundet.no\/rogaland\/wp-json\/wp\/v2\/comments?post=716"}],"version-history":[{"count":0,"href":"https:\/\/naturvernforbundet.no\/rogaland\/wp-json\/wp\/v2\/posts\/716\/revisions"}],"wp:featuredmedia":[{"embeddable":true,"href":"https:\/\/naturvernforbundet.no\/rogaland\/wp-json\/wp\/v2\/media\/717"}],"wp:attachment":[{"href":"https:\/\/naturvernforbundet.no\/rogaland\/wp-json\/wp\/v2\/media?parent=716"}],"wp:term":[{"taxonomy":"category","embeddable":true,"href":"https:\/\/naturvernforbundet.no\/rogaland\/wp-json\/wp\/v2\/categories?post=716"},{"taxonomy":"post_tag","embeddable":true,"href":"https:\/\/naturvernforbundet.no\/rogaland\/wp-json\/wp\/v2\/tags?post=716"},{"taxonomy":"local","embeddable":true,"href":"https:\/\/naturvernforbundet.no\/rogaland\/wp-json\/wp\/v2\/local?post=716"}],"curies":[{"name":"wp","href":"https:\/\/api.w.org\/{rel}","templated":true}]}}