{"id":190,"date":"2013-03-11T11:06:25","date_gmt":"2013-03-11T10:06:25","guid":{"rendered":"https:\/\/naturvernforbundet.no\/sognogfjordane\/arsmelding-2012\/"},"modified":"2022-11-14T13:11:00","modified_gmt":"2022-11-14T12:11:00","slug":"arsmelding-2012","status":"publish","type":"post","link":"https:\/\/naturvernforbundet.no\/sognogfjordane\/arsmelding-2012\/","title":{"rendered":"\u00c5RSMELDING 2012"},"content":{"rendered":"\t<div class=\"template-post alignfull wp-block-naturvern-hero\">\n\t\t<div class=\"hero__inner\">\n\t\t\t<div class=\"hero__inner_blocks\">\n\t\t\t\t\t\t\t\t\n\t\t\t\t\t<h1 class=\"wp-block-post-title\">\u00c5RSMELDING 2012<\/h1>\n\n\t\t\t\t\t<div class=\"wp-block-post-excerpt\"><p class=\"wp-block-post-excerpt__excerpt\"> <\/p><\/div>\n\n\t\t\t\t\t\n\n\t\t\t\t\t<div class=\"wp-block-naturvern-byline\">\n\t\t\t<div class=\"authors\">By <span class=\"t2-byline__author-link\">Philip Butler<\/span><\/div>\n\t\t\t<small class=\"entry-date\">11.03.2013 11:06<\/small><small class=\"entry-date\"> | Sist oppdatert: 14.11.2022 13:11<\/small>\n\t\t<\/div>\n\t\t\t\t\t\t\t\t<\/div>\n\t\t\t\t\t<\/div>\n\t\t\t<\/div>\n\t\n<p>\n\t<strong>Leiar Thorleif Jakobsen har ordet; <\/strong><\/p>\n\n\n\n<p>\n\t<strong>Kj\u00e6re naturvernar!<\/strong><\/p>\n\n\n\n<p>\n\tEg sit her og undrast, det er tid for tilbakeblikk og leiarens ord til \u00e5rsmeldinga for 2012. Kva er det som har hendt med natur og landskap? Jo, eit \u00e5r der end\u00e5 fleire elvar og bekker blir lagde i r\u00f8r. Fr\u00e5 s\u00f8r til nord poppar vindturbinar opp, og folk og landskap endrar seg. Nokre gnir seg i hendene og ropar at vi skal erobre kyst og hav og gjerne fjellet med mammonmaster som drivkraft. Ja ja, det er ei tid for alt. Sj\u00f8lv master er ikkje utan vedlikehald. Og levetida for vindm\u00f8ller g\u00e5r nedover, og l\u00f8nsemda er ikkje slik nokre \u00f8nskte og dr\u00f8ymde om.&nbsp;&nbsp;&nbsp;Synsarane styrkjer det etablerte og st\u00f8ttar ikkje alternativa til end\u00e5 st\u00f8rre energiforbruk. Det ser ut som om behovet for energi er umetteleg.&nbsp;&nbsp;&nbsp;&nbsp;&nbsp;&nbsp;&nbsp;&nbsp;&nbsp;&nbsp;&nbsp;&nbsp;&nbsp;&nbsp;&nbsp;&nbsp;&nbsp;&nbsp;&nbsp;&nbsp;&nbsp;&nbsp;&nbsp;&nbsp;&nbsp;&nbsp;&nbsp;&nbsp;&nbsp;&nbsp;&nbsp;&nbsp;&nbsp;&nbsp;&nbsp;&nbsp;&nbsp;&nbsp;&nbsp;&nbsp;&nbsp;&nbsp;&nbsp;&nbsp;&nbsp;&nbsp;&nbsp;&nbsp;&nbsp;&nbsp;&nbsp;&nbsp;&nbsp;&nbsp;&nbsp;&nbsp;&nbsp;&nbsp;&nbsp;&nbsp;&nbsp;&nbsp;&nbsp;&nbsp;&nbsp;&nbsp;&nbsp;&nbsp;&nbsp;&nbsp;&nbsp;&nbsp;&nbsp;&nbsp;&nbsp;&nbsp;&nbsp;&nbsp;&nbsp;&nbsp;&nbsp;&nbsp;&nbsp;&nbsp;&nbsp;&nbsp;&nbsp;&nbsp;&nbsp;&nbsp;&nbsp;&nbsp;&nbsp;&nbsp;&nbsp;&nbsp;&nbsp;&nbsp;&nbsp; Er ikkje tida overmoden for \u00e5 sj\u00e5 elementa vind og vatn med \u00f8kologiske auge og ikkje berre som energileverand\u00f8rar?&nbsp;&nbsp;&nbsp;&nbsp;&nbsp;&nbsp;&nbsp;&nbsp;&nbsp;&nbsp;&nbsp;&nbsp;&nbsp;&nbsp;&nbsp;&nbsp;&nbsp;&nbsp;&nbsp;&nbsp;&nbsp;&nbsp;&nbsp;&nbsp;&nbsp;&nbsp;&nbsp;&nbsp;&nbsp;&nbsp;&nbsp;&nbsp;&nbsp;&nbsp;&nbsp;&nbsp;&nbsp;&nbsp;&nbsp;&nbsp;&nbsp;&nbsp;&nbsp;&nbsp;&nbsp;&nbsp;&nbsp;&nbsp;&nbsp;&nbsp;&nbsp;&nbsp;&nbsp;&nbsp;&nbsp;&nbsp;&nbsp;&nbsp;&nbsp;&nbsp;&nbsp;&nbsp;&nbsp;&nbsp;&nbsp;&nbsp;&nbsp;&nbsp;&nbsp;&nbsp;&nbsp;&nbsp;&nbsp;&nbsp;&nbsp;&nbsp;&nbsp;&nbsp;&nbsp;&nbsp;&nbsp;&nbsp;&nbsp;&nbsp;&nbsp;&nbsp;&nbsp;&nbsp;&nbsp;&nbsp;<\/p>\n\n\n\n<p>\n\tFor mange er det vondt \u00e5 miste landskapet sitt til mammon sine sterke kapitalistar, vi h\u00f8yrer stadig at vi \u00abm\u00e5 ha, m\u00e5 ha\u00bb. Arealendringar i strandsona omfattar alle typar nedbygging, utfylling og omdisponering av naturen. Det er derfor viktig at det finst tilstrekkeleg kunnskap om naturmangfoldet i strandsona n\u00e5r kommunane skal planlegge korleis areala skal brukast. I kyst- og fj\u00e6resona finst det ei rekkje truga eller n\u00e6r truga artar som er s\u00e5rbare for endra arealbruk. Dei fleste er insekt eller sm\u00e5kryp. Dette er den klare bodskapen fr\u00e5 Direktoratet for naturforvaltning til kommunane. H\u00f8yrer de dette Flor\u00f8, Nordfjordeid, F\u00f8rde og andre kystkommunar? Det er dette fuglar og dyr lever av.&nbsp;&nbsp;&nbsp;&nbsp;&nbsp;&nbsp;&nbsp;&nbsp;&nbsp;&nbsp;&nbsp;&nbsp;&nbsp;&nbsp;&nbsp;&nbsp;&nbsp;&nbsp;&nbsp;&nbsp;&nbsp;&nbsp;&nbsp;&nbsp;&nbsp;&nbsp;&nbsp;&nbsp;&nbsp;&nbsp;&nbsp;&nbsp;&nbsp;&nbsp;&nbsp;&nbsp;&nbsp;&nbsp;&nbsp;&nbsp;&nbsp;&nbsp;&nbsp;&nbsp;&nbsp;&nbsp;&nbsp;&nbsp;&nbsp;&nbsp;&nbsp;&nbsp;&nbsp;&nbsp;&nbsp;<\/p>\n\n\n\n<p>\n\tI v\u00e5rt moderne samfunn s\u00f8kjer fleire og fleire tilbake til stilla og naturen. Mennesket lever av naturen og er sj\u00f8lv ein del av den. Dei seinaste 20-30 \u00e5ra har forskning gitt eit nytt og klarare bilete av korleis mennesket vert p\u00e5verka av \u00e5 v\u00e6re i naturen, og den kvardagserfaring mange menneske har av det h\u00f8vet naturen gir til b\u00e5de handtering og f\u00f8rebygging&nbsp; av helseplager.&nbsp;&nbsp;&nbsp;&nbsp;&nbsp;&nbsp;&nbsp;&nbsp;&nbsp;&nbsp;&nbsp;&nbsp;&nbsp;&nbsp;&nbsp;&nbsp;&nbsp;&nbsp;&nbsp;&nbsp;&nbsp;&nbsp;&nbsp;&nbsp;&nbsp;&nbsp;&nbsp;&nbsp;&nbsp;&nbsp;&nbsp;&nbsp;&nbsp;&nbsp;&nbsp;&nbsp;&nbsp;&nbsp;&nbsp;&nbsp;&nbsp;&nbsp;&nbsp;&nbsp;&nbsp;&nbsp;&nbsp;&nbsp;&nbsp;&nbsp;&nbsp;&nbsp;&nbsp;&nbsp;&nbsp;&nbsp;&nbsp; &nbsp;&nbsp;&nbsp;&nbsp;&nbsp;&nbsp;&nbsp;&nbsp;&nbsp;&nbsp;&nbsp;&nbsp;&nbsp;&nbsp;&nbsp;&nbsp;&nbsp;&nbsp;&nbsp;&nbsp;&nbsp;&nbsp;&nbsp;&nbsp;&nbsp;&nbsp;&nbsp;&nbsp;&nbsp;&nbsp;&nbsp;&nbsp;&nbsp;&nbsp;&nbsp;&nbsp;&nbsp;&nbsp;&nbsp;&nbsp;&nbsp;&nbsp;&nbsp;&nbsp;&nbsp;&nbsp;&nbsp;&nbsp;&nbsp;&nbsp;&nbsp;&nbsp;&nbsp;&nbsp;&nbsp;&nbsp;&nbsp;&nbsp;&nbsp;&nbsp;&nbsp;&nbsp;&nbsp;&nbsp;&nbsp;&nbsp;&nbsp;&nbsp;&nbsp;&nbsp;&nbsp;<\/p>\n\n\n\n<p>\n\tVi hadde i 2012 \u00e5rsm\u00f8te og juleverkstadet p\u00e5 akvariet i Flor\u00f8.&nbsp; Her har Monicha Land\u00f8y&nbsp;&nbsp; laga et unikt tilbod og ikkje minst eit l\u00e6rerikt akvariesenter om det biologiske mangfaldet.&nbsp; &nbsp;&nbsp;&nbsp;&nbsp;&nbsp;&nbsp;&nbsp;&nbsp;&nbsp;&nbsp;&nbsp;&nbsp;&nbsp;&nbsp;&nbsp;&nbsp;&nbsp;&nbsp;&nbsp;&nbsp;&nbsp;&nbsp;&nbsp;&nbsp;&nbsp;&nbsp;&nbsp;&nbsp;&nbsp;&nbsp;&nbsp;&nbsp;&nbsp;&nbsp;&nbsp;&nbsp;&nbsp;&nbsp;&nbsp;&nbsp;&nbsp;&nbsp;&nbsp;&nbsp;&nbsp;&nbsp;&nbsp;&nbsp;&nbsp;&nbsp;&nbsp;&nbsp;&nbsp;&nbsp;&nbsp;&nbsp;&nbsp;&nbsp;&nbsp;&nbsp;&nbsp;&nbsp;&nbsp;&nbsp;&nbsp;&nbsp;&nbsp;&nbsp;&nbsp;&nbsp;&nbsp;&nbsp;&nbsp;&nbsp;&nbsp;&nbsp;&nbsp;&nbsp;&nbsp;&nbsp;&nbsp;&nbsp;&nbsp;&nbsp;&nbsp;&nbsp;&nbsp;&nbsp;&nbsp;&nbsp;&nbsp;&nbsp;&nbsp;&nbsp;&nbsp;&nbsp;&nbsp;&nbsp;&nbsp;&nbsp;&nbsp;<\/p>\n\n\n\n<p>\n\tHer sym mange ulike fiskeslag, og her er krabber og sj\u00f8stjerner i et rikt og unikt sj\u00f8liv i miniatyr. Monicha er id\u00e9rik, og har med dyktige medarbeidarar laga ei unik vandreutstilling som mange skular har fryda seg over. Ved hjelp av den har dei f\u00e5tt l\u00e6re om den fascinerande og unike naturen vi har. Takk, Monicha!<\/p>\n\n\n\n<p>\n\tVi vil takke dykk alle for eit rikt \u00e5r. Takk til Elisabeth og dei andre i FNF Sogn og Fjordane for godt samarbeid, takk til fylkeskommunen og til styret for eit godt og l\u00e6rerikt \u00e5r og ikkje minst til Eli og Erik for eit oppkome av kunnskap.&nbsp; Takk til sentralforbundet med sine dyktige kollegaer. Og Lin, du er det vanskelig \u00e5 finne ord til, takk med h\u00e5p om at du ikkje slepp oss. I 2014 er det 100 \u00e5r sidan Naturvernforbundet blei danna. Har du noko du vil dele med oss, ta kontakt med det nye styret. Eg sluttar av med eit dikt av Rolf Jacobsen (1900 \u2013 1999)<\/p>\n\n\n\n<p>\n\t<strong><em>\u201dMere fjell\u201d<\/em><\/strong><\/p>\n\n\n\n<p>\n\t\t\t\t\t&nbsp;<\/p>\n\n\n\n<p>\n\t\t\t\t\t&nbsp;<\/p>\n\n\n\n<p>\n\t\t\t\t\t&nbsp;<\/p>\n\n\n\n\n\n<p>\n\t<em>Av og til<br>\n\tm\u00e5 noe vare lenge,<br>\n\tellers mister vi vel vettet snart,<br>\n\ts\u00e5 fort allting snurrer rundt med oss.<br>\n\tStore tr\u00e6r er fint<br>\n\tog riktig gamle hus er fint,<br>\n\tmen enda bedre &#8211;<br>\n\tfjell<br>\n\tSom ikke flytter seg en tomme<br>\n\tom hele verden enn forandres<br>\n\t(og det m\u00e5 den snart),<br>\n\ts\u00e5 st\u00e5r de der<br>\n\tog st\u00e5r og st\u00e5r<br>\n\ts\u00e5 du har noen \u00e5 legge pannen inntil,<br>\n\tog kj\u00f8le deg<br>\n\tog holde i noe fast.<\/em><\/p>\n\n\n\n<p>\n\t<em>Jeg trivs med fjell.<br>\n\tDe lager horisonter<br>\n\tmed store hugg i,<br>\n\tsom de var smidd av smeder.<br>\n\tTenk p\u00e5: &#8211; Den gamle nupen her har st\u00e5tt som n\u00e5<br>\n\thelt siden Haralds-tiden.<\/em><\/p>\n\n\n\n<p>\n\t<em>Den stod her da de spikret en arming fast til korset<br>\n\tSom n\u00e5. Som n\u00e5.<br>\n\tMed sildrebekker p\u00e5 og lyngkjerr og den store<br>\n\tbratte pannen<br>\n\tuten tanker i. Den sto her<br>\n\tunder Belsen og Hiroshima. Den st\u00e5r her n\u00e5<br>\n\tsom landemerke for din d\u00f8d, din uro,<br>\n\tkanskje dine h\u00e5p.<br>\n\tS\u00e5 du kan g\u00e5 derforbi og holde i noe hardt.<br>\n\tNoe gammelt noe. Som stjernene.<br>\n\tOg kj\u00f8le pannen din p\u00e5 den,<br>\n\tog tenke tanken ut.<br>\n\tOg tenke selv.<\/em><\/p>\n\n\n\n<p>\n\t<strong>\u00c5rsmelding Naturvernforbundet i Sogn og Fjordane 2012<\/strong><\/p>\n\n\n\n<p>\n\t<strong>Leiar: <\/strong>Thorleif Jakobsen, Nordfjordeid<\/p>\n\n\n\n<p>\n\t<strong>Styremedlemer: <\/strong><\/p>\n\n\n\n<p>\n\tJon Farestveit, Sogndal<\/p>\n\n\n\n<p>\n\tMarit V\u00f8ien Nes, Veitastrond<\/p>\n\n\n\n<p>\n\tHaakon Breien, F\u00f8rde<\/p>\n\n\n\n<p>\n\tOve Eliassen, Deknepollen<\/p>\n\n\n\n<p>\n\t<strong>Varamedlemer: <\/strong><\/p>\n\n\n\n<p>\n\t1.&nbsp;&nbsp;&nbsp;&nbsp;&nbsp; Sigmund Flaten, J\u00f8lster<\/p>\n\n\n\n<p>\n\t2.&nbsp;&nbsp;&nbsp;&nbsp;&nbsp; Leiv Henriksb\u00f8, Gulen<\/p>\n\n\n\n<p>\n\t3.&nbsp;&nbsp;&nbsp;&nbsp;&nbsp; \u00c5se Marie Thingnes<\/p>\n\n\n\n<p>\n\t4.&nbsp;&nbsp;&nbsp;&nbsp;&nbsp; Imke Sch\u00fcren<\/p>\n\n\n\n<p>\n\t<strong>Kasserar:<\/strong><\/p>\n\n\n\n<p>\n\tRanveig Indrekvam, Naustdal<\/p>\n\n\n\n<p>\n\t<strong>Fylkessekret\u00e6r:<\/strong><\/p>\n\n\n\n<p>\n\tLin Hjelmeland Finjord, F\u00f8rde<\/p>\n\n\n\n<p>\n\t<strong>R\u00e5dgjevarar: <\/strong><\/p>\n\n\n\n<p>\n\tErik Solheim og Eli Heiberg. Erik Solheim har elles ei \u00abfri\u00bb rolle og har bidrege med kunnskapar og engasjement i mange saker. Jon Farestveit er r\u00e5dgjevar i Sogndal Natur og Ungdom.<\/p>\n\n\n\n<p>\n\t<strong>Valnemnd:<\/strong><\/p>\n\n\n\n<p>\n\tJon Farestveit og Ove Eliassen<\/p>\n\n\n\n<p>\n\t<strong>Revisorar:<\/strong><\/p>\n\n\n\n<p>\n\tLeif Longvanes, Sogndal<\/p>\n\n\n\n<p>\n\tArne Lerum, Sogndal<\/p>\n\n\n\n<p>\n\t<strong>Representant i landsstyret:<\/strong><\/p>\n\n\n\n<p>\n\tJon Farestveit, Sogndal<\/p>\n\n\n\n<p>\n\tVara: Marit V\u00f8ien Nes, Veitastrond<\/p>\n\n\n\n<p>\n\t<strong>\u00c6resmedlem i laget:<\/strong> Thorleif Jakobsen vart \u00e6resmedlem i fylkeslaget i 2010. &nbsp;&nbsp;&nbsp;&nbsp;&nbsp;&nbsp;&nbsp;&nbsp;&nbsp;&nbsp;&nbsp;&nbsp;&nbsp;&nbsp;&nbsp;&nbsp;&nbsp;&nbsp;&nbsp;Erik Solheim er \u00e6resmedlem av Norges Naturvernforbund.<\/p>\n\n\n\n<p>\n\t<strong>Nettsideansvarleg: <\/strong>Philip Butler og Sigmund Flaten<\/p>\n\n\n\n<p>\n\t<strong>Tillitsvalde har elles hatt desse verva:<\/strong><\/p>\n\n\n\n<p>\n\tThorleif Jakobsen: leiar i Naturvernforbundet i Eid og styremedlem i \u00abPlassens venner\u00bb<\/p>\n\n\n\n<p>\n\tJon Farestveit: medlem i r\u00e5dgjevande utval for Jostedalsbreen nasjonalpark og r\u00e5dgjevar i Sogndal Natur og Ungdom<\/p>\n\n\n\n<p>\n\tLin Hjelmeland Finjord: styremedlem i Naturvernforbundet i Indre Sunnfjord og leiar i Milj\u00f8agentane i Sogn og Fjordane<\/p>\n\n\n\n<p>\n\tSigmund Flaten: Styremedlem i Naturvernforbundet i Indre Sunnfjord<\/p>\n\n\n\n<p>\n\tLeiv Henriksb\u00f8: leiar i Nettverk mot vindm\u00f8ller i Gulen<\/p>\n\n\n\n<p>\n\tMarit V\u00f8ien Nes: varamedlem i Forum for natur og friluftsliv Sogn og Fjordane<\/p>\n\n\n\n<p>\n\tHaakon Breien: medlem i Forum for natur og friluftsliv Sogn og Fjordane<\/p>\n\n\n\n<p>\n\t<strong>Fylkesstyret: <\/strong><\/p>\n\n\n\n<p>\n\tHar hatt sju styrem\u00f8te. Haakon Breien har vore sekret\u00e6r for styrem\u00f8ta. Lin Hjelmeland Finjord har vore fylkessekret\u00e6r, motteke telefonar, e-post og vanleg post til fylkeslaget. Har hatt ansvaret for \u00f8konomi, s\u00f8knader om midlar, oppf\u00f8lging av aktivitet og rapportering. Jon Farestveit har delteke p\u00e5 m\u00f8ta i landsstyret.<\/p>\n\n\n\n<p>\n\tI tillegg til uttale til 27 utbyggingssaker har vi ogs\u00e5 i 2012 arbeidd for \u00e5 skape aktivitet knytt til naturglede og ivaretaking av det biologiske mangfaldet. P\u00e5 alle arrangement har vi verving av nye medlemmer i fokus. &nbsp;<\/p>\n\n\n\n<p>\n\tMedlemstalet i laget er aukande. I januar 2012 var vi 436 medlemmar, i desember 2012 var vi 451 medlemmar i laget. Vi verva 29 nye medlemmar i 2012, men har ogs\u00e5 alltid eit fr\u00e5fall.<\/p>\n\n\n\n<p>\n\t<u>S<strong>akene vi vedtok \u00e5 ha hovedfokus p\u00e5 i 2012;<\/strong><\/u><\/p>\n\n\n\n<p>\n\t1.&nbsp;&nbsp;&nbsp;&nbsp;&nbsp; Styrking av organisasjonen ved auka vekt p\u00e5 medlemsverving.<\/p>\n\n\n\n<p>\n\tVervem\u00e5l;&nbsp; 50 nye medlemmar gjennom verveaktivitet knytt til arrangement.&nbsp;<\/p>\n\n\n\n<p>\n\t2.&nbsp;&nbsp;&nbsp;&nbsp;&nbsp; Styrking av \u00f8konomien slik at vi kan f\u00e5 sekret\u00e6r i full stilling<\/p>\n\n\n\n<p>\n\t3.&nbsp;&nbsp;&nbsp;&nbsp;&nbsp; Arbeide med klassisk naturvern, som m.a vil seie motarbeiding av overdriven vasskraft- og vindkraftutbygging. Det m\u00e5 derimot satsast mykje meir p\u00e5 energisparing og energi\u00f8konomisering, og Naturvernforbundet i Sogn og Fjordane vil delta med opplysningstiltak o.l.<\/p>\n\n\n\n<p>\n\t4.&nbsp;&nbsp;&nbsp;&nbsp;&nbsp; Delta i arbeidet for \u00e5 hindre gruveplanane i Vevring<\/p>\n\n\n\n<p>\n\t5.&nbsp;&nbsp;&nbsp;&nbsp;&nbsp; Setje s\u00f8kelyset p\u00e5 ureining av fjordane og elvane v\u00e5re, oppf\u00f8lging av Kystkampanjen og arbeide med vassdirektivet i lokale referansegrupper.<\/p>\n\n\n\n<p>\n\t6.&nbsp;&nbsp;&nbsp;&nbsp;&nbsp; Naturvernforbundet vil motverke nedbygging av dyrka mark.<\/p>\n\n\n\n<p>\n\t7.&nbsp;&nbsp;&nbsp;&nbsp;&nbsp; Arbeide for at alle kommunane i fylket vedtar bindande klimaplanar.<\/p>\n\n\n\n<p>\n\t8.&nbsp;&nbsp;&nbsp;&nbsp;&nbsp; Arbeide for at nye kraftliner vert lagde i sj\u00f8kabel i st\u00f8rst mogleg grad.<\/p>\n\n\n\n<p>\n\t9.&nbsp;&nbsp;&nbsp;&nbsp;&nbsp; Arbeide for at fjellomr\u00e5det mellom \u00c5rdalsfjorden og Lustrafjorden vert nasjonalpark.<\/p>\n\n\n\n<p>\n\t<strong>Aktivitetsplan<\/strong><\/p>\n\n\n\n<p>\n\t&#8211;&nbsp;&nbsp;&nbsp;&nbsp;&nbsp;&nbsp;&nbsp;&nbsp; Biologisk mangfaldutstilling ut i skulane. &nbsp;<\/p>\n\n\n\n<p>\n\t&#8211;&nbsp;&nbsp;&nbsp;&nbsp;&nbsp;&nbsp;&nbsp;&nbsp; Sal av b\u00e6renett \u201dLa fjorden leve!\u201d til inntekt og st\u00f8tte for Vevringsaka.<\/p>\n\n\n\n<p>\n\t&#8211;&nbsp;&nbsp;&nbsp;&nbsp;&nbsp;&nbsp;&nbsp;&nbsp; Arbeide for arrangement\/ seminar knytt til Vevringsaka.<\/p>\n\n\n\n<p>\n\t&#8211;&nbsp;&nbsp;&nbsp;&nbsp;&nbsp;&nbsp;&nbsp;&nbsp; Gjere Earth Hour 2012 kjent med st\u00f8tte fr\u00e5 fylkeskommunen sitt EN\u00d8K-fond.<\/p>\n\n\n\n<p>\n\t&#8211;&nbsp;&nbsp;&nbsp;&nbsp;&nbsp;&nbsp;&nbsp;&nbsp; Lage foldar om kollektivtrafikk med st\u00f8tte fr\u00e5 NSB-midlar.<\/p>\n\n\n\n<p>\n\t&#8211;&nbsp;&nbsp;&nbsp;&nbsp;&nbsp;&nbsp;&nbsp;&nbsp; Markere Verdas Milj\u00f8dag i juni i samarbeid med lokallaget Indre Sunnfjord.<\/p>\n\n\n\n<p>\n\t&#8211;&nbsp;&nbsp;&nbsp;&nbsp;&nbsp;&nbsp;&nbsp;&nbsp; Arrangere Flaggermusvandring.<\/p>\n\n\n\n<p>\n\t&#8211;&nbsp;&nbsp;&nbsp;&nbsp;&nbsp;&nbsp;&nbsp;&nbsp; Markere Villblomstens dag p\u00e5 Eid i samarbeid med lokallaget der.<\/p>\n\n\n\n<p>\n\tFoldar med st\u00f8tte fr\u00e5 NSB-midlar er ikkje sett i trykk, men elles er aktivitetsplanen gjennomf\u00f8rt som planlagt.<\/p>\n\n\n\n<p>\n\t<strong>Mediaoppslag: <\/strong><\/p>\n\n\n\n<p>\n\tThorleif Jakobsen og Erik Solheim har hatt fleire mediaoppslag i 2012. Jon Farestveit og<\/p>\n\n\n\n<p>\n\tErik Solheim har ogs\u00e5 hatt fleire innlegg i lokalavisene. Erik har ogs\u00e5 hatt innlegg i riksdekkjande aviser.<\/p>\n\n\n\n<p>\n\t<strong>Fr\u00e5segner fr\u00e5 fylkeslaget<\/strong><\/p>\n\n\n\n<p>\n\tDet er skrive 28 fr\u00e5segner i 2012 mot 18 i 2011;<\/p>\n\n\n\n<p>\n\tTrolleholselva kraftverk, Gloppen<\/p>\n\n\n\n<p>\n\tMeldingar om J\u00f8lstra kraftverk, J\u00f8lster<\/p>\n\n\n\n<p>\n\tMelding om Bredvatn kraftverk, Bremanger<\/p>\n\n\n\n<p>\n\tMelding om Gjengedal kraftverk, Gloppen<\/p>\n\n\n\n<p>\n\tOfferdal kraftverk, \u00c5rdal<\/p>\n\n\n\n<p>\n\tHolmen kraftverk\/Jordalselvi, Aurland og Voss<\/p>\n\n\n\n<p>\n\tStrupen kraftverk, Gloppen<\/p>\n\n\n\n<p>\n\tSand\u00f8y vindpark, Gulen (saman med Turlaget og Fortidsminneforeininga)<\/p>\n\n\n\n<p>\n\tDalsbotnfjellet vindkraftverk, Gulen (saman med Turlaget)<\/p>\n\n\n\n<p>\n\tV\u00e5gsv\u00e5g vindkraftverk, V\u00e5gs\u00f8y<\/p>\n\n\n\n<p>\n\tBrosviks\u00e5ta vindpark, Gulen (saman med Turlaget)<\/p>\n\n\n\n<p>\n\tSykkelplan for Sogndal sentrum (saman med Sogndal Natur og Ungdom)<\/p>\n\n\n\n<p>\n\tBrev til Statnett om graving i elva Nausta (saman med Jeger- og fiskarforbundet i fylket)<\/p>\n\n\n\n<p>\n\tArealplan for Sogndal kommune (saman med Sogndal Natur og Ungdom)<\/p>\n\n\n\n<p>\n\tFlorelandet Nord (saman med forbundet sentralt)<\/p>\n\n\n\n<p>\n\tMotorferdselplan for Luster kommune ( Turlaget og Klatreklubbane i Sogn og Fjordane)<\/p>\n\n\n\n<p>\n\tBrev til Stryn kommune om ureining ved Stryn sommarskisenter<\/p>\n\n\n\n<p>\n\tKlage p\u00e5 vedtak om l\u00f8yve til motorferdsel i utmark, Leikanger (saman med Turlaget)<\/p>\n\n\n\n<p>\n\tPlanoppstart reguleringsendring Indre Hornnesvika, F\u00f8rde<\/p>\n\n\n\n<p>\n\tPlanprogram for ytre fjordkryssing Nordfjorden<\/p>\n\n\n\n<p>\n\tMeir kunnskap om F\u00f8rdefjorden \u2013 fr\u00e5segn til Milj\u00f8verndepartementet<\/p>\n\n\n\n<p>\n\tNasjonal transportplan (saman med FNF, 4H og Turlaget)<\/p>\n\n\n\n<p>\n\tKommunedelplan B\u00f8asetra-Ullsheim, Stryn<\/p>\n\n\n\n<p>\n\tInnspel vedr\u00f8rande Ytre Sogn vassomr\u00e5de<\/p>\n\n\n\n<p>\n\tKonseptvalutgreiing Skei-\u00c5lesund<\/p>\n\n\n\n<p>\n\tVarsel om planoppstart, Ausevik, Flora<\/p>\n\n\n\n<p>\n\tKlage p\u00e5 avvising av klage p\u00e5 utsleppsl\u00f8yve til Lutelandet Offshore AS (med NVF sentralt)<\/p>\n\n\n\n<p>\n\tPlanprogram for M\u00e5l\u00f8y sentrum<\/p>\n\n\n\n<p>\n\t\u00c5tte av fr\u00e5segnene er skrivne av FNF-r\u00e5dgjevar\/-koordinator i fylket.<\/p>\n\n\n\n<p>\n\t<strong>M\u00f8te\/ kurs, seminar og arrangement <\/strong><\/p>\n\n\n\n<p>\n\t&#8211;&nbsp;&nbsp;&nbsp;&nbsp;&nbsp;&nbsp;&nbsp;&nbsp; M\u00f8te r\u00e5dgjevande utval Jostedalsbreen nasjonalpark, Fj\u00e6rland 31.sept 2012, Jon<\/p>\n\n\n\n<p>\n\t&#8211;&nbsp;&nbsp;&nbsp;&nbsp;&nbsp;&nbsp;&nbsp;&nbsp; M\u00f8te vassomr\u00e5de Indre Sogn, Skei mai 2012, Jon og Thorleif<\/p>\n\n\n\n<p>\n\t&#8211;&nbsp;&nbsp;&nbsp;&nbsp;&nbsp;&nbsp;&nbsp;&nbsp; 4 m\u00f8te i landsstyret i Naturvernforbundet, Jon<\/p>\n\n\n\n<p>\n\t&#8211;&nbsp;&nbsp;&nbsp;&nbsp;&nbsp;&nbsp;&nbsp;&nbsp; Deltaking p\u00e5 m\u00f8te i vassdragsr\u00e5det i Naturvernforbundet, Seminar om lokalt klimaarbeid i Oslo 31.febr. 2013, Jon<\/p>\n\n\n\n<p>\n\t&#8211;&nbsp;&nbsp;&nbsp;&nbsp;&nbsp;&nbsp;&nbsp;&nbsp; Informasjonsm\u00f8te i Hyen om planar om Gjengedal kraftverk &nbsp;24.04. Thorleif<\/p>\n\n\n\n<p>\n\t&#8211;&nbsp;&nbsp;&nbsp;&nbsp;&nbsp;&nbsp;&nbsp;&nbsp; M\u00f8te med fylkeskommunen p\u00e5 Leikanger 12.05, Thorleif<\/p>\n\n\n\n<p>\n\t&#8211;&nbsp;&nbsp;&nbsp;&nbsp;&nbsp;&nbsp;&nbsp;&nbsp; Milj\u00f8festivalen til Naturvernforbundet p\u00e5 Ris\u00f8ya p\u00e5 S\u00f8rlandet 03. -05.08, Thorleif<\/p>\n\n\n\n<p>\n\t&#8211;&nbsp;&nbsp;&nbsp;&nbsp;&nbsp;&nbsp;&nbsp;&nbsp; Open dag i Fosseheimen Naturpark fekk bes\u00f8k av Biologisk Mangfaldutstillinga<\/p>\n\n\n\n<p>\n\t&#8211;&nbsp;&nbsp;&nbsp;&nbsp;&nbsp;&nbsp;&nbsp;&nbsp; FNF-m\u00f8te i Flor\u00f8 16.-17.11, Thorleif, Sigmund og Erik. Erik heldt innlegg om kystnatur<\/p>\n\n\n\n<p>\n\t&#8211;&nbsp;&nbsp;&nbsp;&nbsp;&nbsp;&nbsp;&nbsp;&nbsp; Verdas milj\u00f8dag i F\u00f8rde den 10.06. Thorleif (appell), Lin, Sigmund og Haakon<\/p>\n\n\n\n<p>\n\t&#8211;&nbsp;&nbsp;&nbsp;&nbsp;&nbsp;&nbsp;&nbsp;&nbsp; Flaggermusvandring p\u00e5 Eid (Rotigard)25.08, Thorleif<\/p>\n\n\n\n<p>\n\t&#8211;&nbsp;&nbsp;&nbsp;&nbsp;&nbsp;&nbsp;&nbsp;&nbsp; Gulen: kyst som truga naturtype, 13.-14.09, Thorleif<\/p>\n\n\n\n<p>\n\t&#8211;&nbsp;&nbsp;&nbsp;&nbsp;&nbsp;&nbsp;&nbsp;&nbsp; Juleverkstad i Flor\u00f8 08.12 p\u00e5 Akvariet. Thorleif<\/p>\n\n\n\n<p>\n\t&#8211;&nbsp;&nbsp;&nbsp;&nbsp;&nbsp;&nbsp;&nbsp;&nbsp; \u00c5rsm\u00f8te i FNF i F\u00f8rde 27.03.12, Lin og Thorleif<\/p>\n\n\n\n<p>\n\t&#8211;&nbsp;&nbsp;&nbsp;&nbsp;&nbsp;&nbsp;&nbsp;&nbsp; Kystlandskap vindkraft, Hurtigrutakonferanse 23.-24.04.12, Erik<\/p>\n\n\n\n<p>\n\t&#8211;&nbsp;&nbsp;&nbsp;&nbsp;&nbsp;&nbsp;&nbsp;&nbsp; Samling om Pbl og naturmangfaldlova i F\u00f8rde 14.-16. november, Lin og Thorleif<\/p>\n\n\n\n<p>\n\t<strong>Representasjon i grupper og utval<\/strong><\/p>\n\n\n\n<p>\n\t\u2022 R\u00e5dgjevande utval for Jostedalsbreen nasjonalpark: Jon Farestveit<\/p>\n\n\n\n<p>\n\t\u2022 Referansegruppe verneomr\u00e5de Naustdal \u2013 Gjengedal: Erik Solheim<\/p>\n\n\n\n<p>\n\t\u2022 Referansegruppe vassregion Sogn og Fjordane: Thorleif Jakobsen<\/p>\n\n\n\n<p>\n\t\u2022 Referansegruppe vassomr\u00e5de Indre Sogn: Jon Farestveit<\/p>\n\n\n\n<p>\n\t\u2022 Referansegruppe vassomr\u00e5de Sunnfjord: Lin Hjelmeland Finjord<\/p>\n\n\n\n<p>\n\t\u2022 Referansegruppe vassomr\u00e5de Ytre Sogn: Leiv Henriksb\u00f8<\/p>\n\n\n\n<p>\n\t\u2022 Referansegruppe vassomr\u00e5de Nordfjord: Ove Eliassen &nbsp;<\/p>\n\n\n\n<p>\n\t<strong>Synfaringar;<\/strong><\/p>\n\n\n\n<p>\n\t&#8211;&nbsp;&nbsp;&nbsp;&nbsp;&nbsp;&nbsp;&nbsp;&nbsp; Vigd\u00f8la kraftverk, Luster, Jon<\/p>\n\n\n\n<p>\n\t&#8211;&nbsp;&nbsp;&nbsp;&nbsp;&nbsp;&nbsp;&nbsp;&nbsp; Offerdal kraftverk, \u00c5rdal, Jon<\/p>\n\n\n\n<p>\n\t&#8211;&nbsp;&nbsp;&nbsp;&nbsp;&nbsp;&nbsp;&nbsp;&nbsp; St\u00f8dna og Jutla kraftverk, L\u00e6rdal, Jon<\/p>\n\n\n\n<p>\n\t&#8211;&nbsp;&nbsp;&nbsp;&nbsp;&nbsp;&nbsp;&nbsp;&nbsp; Synfaring til Stryn sommar skisenter 10.08. Thorleif<\/p>\n\n\n\n<p>\n\t&#8211;&nbsp;&nbsp;&nbsp;&nbsp;&nbsp;&nbsp;&nbsp;&nbsp; Synfaring i Svelgen, Thorleif<\/p>\n\n\n\n<p>\n\t&#8211;&nbsp;&nbsp;&nbsp;&nbsp;&nbsp;&nbsp;&nbsp;&nbsp; Synfaring i Flor\u00f8, Thorleif<\/p>\n\n\n\n<p>\n\t<strong>Budsjett\/\u00f8konomi i fylkeslaget<\/strong><\/p>\n\n\n\n<p>\n\tLaget har framleis ein prosjektstyrt \u00f8konomi, og manglar midlar til \u00e5 kunne lyse ut ei stilling som fylkessekret\u00e6r i laget. Laget klarte i 2012 \u00e5 finansiere 20% stilling, men arbeider vidare for \u00e5 kunne finansiere ei st\u00f8rre stilling til administrasjon. \u00d8konomien i laget er god som f\u00f8lgje av prosjektmidlar. Laget hadde ei inntekt p\u00e5 ca 300&nbsp;000,- i 2012 der kun 10% av midlane er medlemspengar og sikre midlar i laget. Revidert rekneskap og budsjett vert lagt fram for \u00e5rsm\u00f8tet.<\/p>\n\n\n\n<p>\n\t<strong>LANDSSTYRET <\/strong><\/p>\n\n\n\n<p>\n\tJon Farestveit har vore p\u00e5 fire m\u00f8te i landsstyret. Arbeidet i landsstyret vil bli referert p\u00e5 \u00e5rsm\u00f8tet.<\/p>\n\n\n\n<p>\n\t<strong>LOKALLAG<\/strong><\/p>\n\n\n\n<p>\n\tVi har ikkje lykkast \u00e5 f\u00e5 liv i lokallaget i Flor\u00f8, etter Leif sin bortgang i juli 2011.<\/p>\n\n\n\n<p>\n\tVi har i dag berre lokallag i Indre Sunnfjord og p\u00e5 Eid, og eit studentlag i Sogndal.<\/p>\n\n\n\n<p>\n\t<strong>Lokallaget p\u00e5 Eid<\/strong><\/p>\n\n\n\n<p>\n\tHadde to styrem\u00f8te i 2012. Sitjande styre er; Leiar: Thorleif Jakobsen<\/p>\n\n\n\n<p>\n\tSkrivar: Bodil S\u00f8nderland.<\/p>\n\n\n\n<p>\n\tKasserar: Marit Hjelle&nbsp;<\/p>\n\n\n\n<p>\n\tVara: Axsel Nielsen<\/p>\n\n\n\n<p>\n\tLaget har 28 medlemmar. \u00c5rsm\u00f8te blei halde i Frivillighetsentralen sine lokale i Eidsgata 9 den 26.02.13. Aktivitet og uttaler i 2012;<\/p>\n\n\n\n<p>\n\t&#8211;&nbsp;&nbsp;&nbsp;&nbsp;&nbsp;&nbsp;&nbsp;&nbsp; Naturvernforbundet i Eid er med i \u00abPlassens venner\u00bb og er representert i styre ved Thorleif Jakobsen. \u00abPlassen\u00bb er eit godt n\u00e6rnaturomr\u00e5de og blir mykje brukt av mange. Her er vi med p\u00e5 dugnader, styrem\u00f8te og vedlikehald.<\/p>\n\n\n\n<p>\n\t&#8211;&nbsp;&nbsp;&nbsp;&nbsp;&nbsp;&nbsp;&nbsp;&nbsp; Bildeutstilling p\u00e5 r\u00e5dhuset, vi har utstilling av naturmangfaldet i Eid kommune. Takk til ordf\u00f8rar Alfred Bj\u00f8rlo.<\/p>\n\n\n\n<p>\n\t&#8211;&nbsp;&nbsp;&nbsp;&nbsp;&nbsp;&nbsp;&nbsp;&nbsp; \u00c5rsm\u00f8te i fylkeslaget den 05.05.2012 Flor\u00f8: Bodil S\u00f8nderland og Thorleif Jakobsen.&nbsp;<\/p>\n\n\n\n<p>\n\t&#8211;&nbsp;&nbsp;&nbsp;&nbsp;&nbsp;&nbsp;&nbsp;&nbsp; Blomstervandring 17.juni 2012 Lotsberg-\u00c5sane, Lote i h\u00f8ve Villblomstens dag med st\u00f8tte fr\u00e5 Lokal Agenda \u2013 21 midlar. I samarbeid med Eid hagelag.&nbsp;&nbsp;&nbsp; P\u00e5 turen var vi 7 voksne og 3 barn og fekk god dekning av Fjordabladet p\u00e5 arrangementet.<\/p>\n\n\n\n<p>\n\t&#8211;&nbsp;&nbsp;&nbsp;&nbsp;&nbsp;&nbsp;&nbsp;&nbsp; Milj\u00f8festival p\u00e5 Ris\u00f8ya i Aust-Agder&nbsp; 2. til 5. august, Thorleif. &nbsp;<\/p>\n\n\n\n<p>\n\t&#8211;&nbsp;&nbsp;&nbsp;&nbsp;&nbsp;&nbsp;&nbsp;&nbsp; Arrangerte Flaggermusvandring, Roti ved Nordfjoreid laurdag 25. august. Totalt ca. 20 personar, av desse 6 born. Innleiar Johannes Anonby.<\/p>\n\n\n\n<p>\n\tGod avisdekning i Fjordabladet.<\/p>\n\n\n\n<p>\n\t&#8211;&nbsp;&nbsp;&nbsp;&nbsp;&nbsp;&nbsp;&nbsp;&nbsp; Utale om kommuneplanar i Eid kommune, fekk to sider i Fjordabladet.<\/p>\n\n\n\n<p>\n\t&#8211;&nbsp;&nbsp;&nbsp;&nbsp;&nbsp;&nbsp;&nbsp;&nbsp; Utslepp fr\u00e5 Eid Betong til Eidselva 29.09.2012. Slamutslepp i det verna vassdraget Eidselva.&nbsp; 09.10.2012 sende vi brev til fylkesmannen og fekk svar.<\/p>\n\n\n\n<p>\n\tM\u00f8te med Eid kommune, utbyggar, elveeigarlaget og sportsfiskarlaget. &nbsp;<\/p>\n\n\n\n<p>\n\t<strong>Lokallaget i Indre Sunnfjord; <\/strong><\/p>\n\n\n\n<p>\n\t\u00c5rsm\u00f8te vert halde torsdag 14.mars 2013, i Gamlebanken i F\u00f8rde fr\u00e5 kl 20 \u2013 22. Lokallaget har 123 medlemmar. Styret har hatt kun eitt styrem\u00f8te i 2012, men har hatt aktiv e-post kontakt i h\u00f8ve saker og arrangement. Styret har mangla leiar ogs\u00e5 i 2012. Erik Solheim har vore presseansvarleg og Lin Hjelmeland Finjord har hatt ansvar for innkalling. Styret;<\/p>\n\n\n\n<p>\n\tErik Solheim<\/p>\n\n\n\n<h1 class=\"wp-block-heading\">\n\tJohn Ove Hjelmeland<\/h1>\n\n\n\n<h1 class=\"wp-block-heading\">\n\tSigmund Flaten<\/h1>\n\n\n\n<h1 class=\"wp-block-heading\">\n\tPhilip Butler<\/h1>\n\n\n\n<h1 class=\"wp-block-heading\">\n\tLin Hjelmeland Finjord<\/h1>\n\n\n\n<p>\n\t<u>Varamedlemmar;<\/u><\/p>\n\n\n\n<p>\n\t1.&nbsp;&nbsp;&nbsp;&nbsp;&nbsp; Mari Jonstad Leirhaug<\/p>\n\n\n\n<p>\n\t2.&nbsp;&nbsp;&nbsp;&nbsp;&nbsp; \u00c5se Marie Helgheim Thingnes<\/p>\n\n\n\n<p>\n\t3.&nbsp;&nbsp;&nbsp;&nbsp;&nbsp; Grethe Hammer St\u00f8mmen<\/p>\n\n\n\n<p>\n\t<strong>Temagruppe:<\/strong><\/p>\n\n\n\n<p>\n\t&#8211;&nbsp;&nbsp;&nbsp;&nbsp;&nbsp;&nbsp;&nbsp; <u>Sykkelgruppa<\/u>; Asle Sande, Anne-Cathrine Neslein, Stig Jonny Fitje og Philip Butler<\/p>\n\n\n\n<p>\n\t&#8211;&nbsp;&nbsp;&nbsp;&nbsp;&nbsp;&nbsp;&nbsp; <u>Arbeidsgr. mot fjorddeponi<\/u>; \u00c5se Marie Thingnes og Oddvar Etnestad.<\/p>\n\n\n\n<p>\n\t&#8211;&nbsp;&nbsp;&nbsp;&nbsp;&nbsp;&nbsp;&nbsp; <u>Renovasjonsgruppa<\/u>; Lin Finjord, Mari Jonstad Leirhaug, Grethe Str\u00f8mmen og Julie Daling.<\/p>\n\n\n\n<p>\n\t&#8211;&nbsp;&nbsp;&nbsp;&nbsp;&nbsp;&nbsp;&nbsp; <u>Forvaltningsplan L\u00f8ken\/Ytre \u00d8yrane<\/u>; Sigmund Flaten og Lin Finjord.<\/p>\n\n\n\n<p>\n\t<strong><u>Aktivitet i 2012<\/u><\/strong><\/p>\n\n\n\n<p>\n\t&#8211;&nbsp;&nbsp;&nbsp;&nbsp;&nbsp;&nbsp;&nbsp; Vevringsaka og sal av Kunstnett \u201dLa fjorden leve!\u201d til inntekt for saka.<\/p>\n\n\n\n<p>\n\t&#8211;&nbsp;&nbsp;&nbsp;&nbsp;&nbsp;&nbsp;&nbsp; Earth Hour 2012 blei annonsert i alle avisene i fylket med st\u00f8tte fr\u00e5 EN\u00d8K-fondet.<\/p>\n\n\n\n<p>\n\t&#8211;&nbsp;&nbsp;&nbsp;&nbsp;&nbsp;&nbsp;&nbsp; Kompostkurs i samarbeid med Hagelaget og Milj\u00f8gruppa til F\u00f8rde Kyrkjelyd 3.mai med st\u00f8tte fr\u00e5 Lokal Agenda -21 midlar.<\/p>\n\n\n\n<p>\n\t&#8211;&nbsp;&nbsp;&nbsp;&nbsp;&nbsp;&nbsp;&nbsp; Starta arbeidet med ei vernetavle i L\u00f8ken med st\u00f8tte fr\u00e5 Lokal Agenda 21-midlar.<\/p>\n\n\n\n<p>\n\t&#8211;&nbsp;&nbsp;&nbsp;&nbsp;&nbsp;&nbsp;&nbsp; Oppstartsm\u00f8te i Renovasjonsgruppa i samarbeid med Kyrkjelyden si Milj\u00f8gruppe.<\/p>\n\n\n\n<p>\n\t&#8211;&nbsp;&nbsp;&nbsp;&nbsp;&nbsp;&nbsp;&nbsp; Biologisk mangfaldutstillinga ut i skulane i fylket og til Fossheimen Naturpark.<\/p>\n\n\n\n<p>\n\t&#8211;&nbsp;&nbsp;&nbsp;&nbsp;&nbsp;&nbsp;&nbsp; Verdas Milj\u00f8dag blei arrangert i samarbeid med kyrkjelyden i F\u00f8rde 9.juni og 10.juni.&nbsp; Mange ulike akt\u00f8rar deltok; Milj\u00f8agentane, Natur og Ungdom, Milj\u00f8gruppa, Naturvernforbundet sentralt,&nbsp; Sunnfjord Energi, F\u00f8rde Sport, Toyota og butikken \u00abOm att\u00bb.<\/p>\n\n\n\n<p>\n\t&#8211;&nbsp;&nbsp;&nbsp;&nbsp;&nbsp;&nbsp;&nbsp; Flaggermusvandring 25.august<\/p>\n\n\n\n<p>\n\t&#8211;&nbsp;&nbsp;&nbsp;&nbsp;&nbsp;&nbsp;&nbsp; Markering av villblomstensdag&nbsp; &#8211; Blomstervandring 17.juni<\/p>\n\n\n\n<h2 class=\"wp-block-heading\">\n\t&nbsp;<\/h2>\n\n\n\n<h2 class=\"wp-block-heading\">\n\tMilj\u00f8agentane i Sogn og Fjordane<\/h2>\n\n\n\n<p>\n\tLin Hjelmeland Finjord er leiar i laget og har med seg \u00c5se Marie Thingnes, Ronja \u00d8ygard og Aasmund Leirhaug. Laget er aktivt gjennom ulike arrangement i regi av Naturvernforbundet, men har ikkje hatt eigne m\u00f8te i 2012. Laget har god \u00f8konomi gjennom Frifond, og er medarrang\u00f8r p\u00e5 alle aktivitetar som inkluderer barn og unge.<\/p>\n\n\n\n<p>\n\t<strong>Studentlaget i Sogndal\/Sogndal Natur og Ungdom <\/strong><\/p>\n\n\n\n<p>\n\tLeiar: Sigbj\u00f8rn L\u00f8land Torpe<\/p>\n\n\n\n<p>\n\tStudentlaget har i samarbeid med Naturvernforbundet i Sogn og Fjordane sendt fr\u00e5segner til arealplanen for Sogndal kommune og sykkelplanen for Sogndal sentrum. Det har elles vore vanskeleg \u00e5 skaffe tillitsvalde til laget. Sigbj\u00f8rn har vore medlem av studentstyret i Naturvernforbundet\/Natur og Ungdom.<\/p>\n","protected":false},"excerpt":{"rendered":"","protected":false},"author":202,"featured_media":0,"comment_status":"closed","ping_status":"closed","sticky":false,"template":"","format":"standard","meta":{"_relevanssi_hide_post":"","_relevanssi_hide_content":"","_relevanssi_pin_for_all":"","_relevanssi_pin_keywords":"","_relevanssi_unpin_keywords":"","_relevanssi_related_keywords":"","_relevanssi_related_include_ids":"","_relevanssi_related_exclude_ids":"","_relevanssi_related_no_append":"","_relevanssi_related_not_related":"","_relevanssi_related_posts":"","_relevanssi_noindex_reason":"","hide_logo":false,"footnotes":""},"categories":[29],"tags":[],"local":[],"class_list":["post-190","post","type-post","status-publish","format-standard","hentry","category-arsmeldingar"],"acf":[],"yoast_head":"<!-- This site is optimized with the Yoast SEO plugin v24.9 - https:\/\/yoast.com\/wordpress\/plugins\/seo\/ -->\n<title>\u00c5RSMELDING 2012 - Sogn og Fjordane<\/title>\n<meta name=\"robots\" content=\"index, follow, max-snippet:-1, max-image-preview:large, max-video-preview:-1\" \/>\n<link rel=\"canonical\" href=\"https:\/\/naturvernforbundet.no\/sognogfjordane\/arsmelding-2012\/\" \/>\n<meta property=\"og:locale\" content=\"nb_NO\" \/>\n<meta property=\"og:type\" content=\"article\" \/>\n<meta property=\"og:title\" content=\"\u00c5RSMELDING 2012 - Sogn og Fjordane\" \/>\n<meta property=\"og:url\" content=\"https:\/\/naturvernforbundet.no\/sognogfjordane\/arsmelding-2012\/\" \/>\n<meta property=\"og:site_name\" content=\"Sogn og Fjordane\" \/>\n<meta property=\"article:published_time\" content=\"2013-03-11T10:06:25+00:00\" \/>\n<meta property=\"article:modified_time\" content=\"2022-11-14T12:11:00+00:00\" \/>\n<meta name=\"author\" content=\"Philip Butler\" \/>\n<meta name=\"twitter:card\" content=\"summary_large_image\" \/>\n<meta name=\"twitter:label1\" content=\"Skrevet av\" \/>\n\t<meta name=\"twitter:data1\" content=\"Philip Butler\" \/>\n\t<meta name=\"twitter:label2\" content=\"Ansl. lesetid\" \/>\n\t<meta name=\"twitter:data2\" content=\"18 minutter\" \/>\n<script type=\"application\/ld+json\" class=\"yoast-schema-graph\">{\"@context\":\"https:\/\/schema.org\",\"@graph\":[{\"@type\":\"WebPage\",\"@id\":\"https:\/\/naturvernforbundet.no\/sognogfjordane\/arsmelding-2012\/\",\"url\":\"https:\/\/naturvernforbundet.no\/sognogfjordane\/arsmelding-2012\/\",\"name\":\"\u00c5RSMELDING 2012 - Sogn og Fjordane\",\"isPartOf\":{\"@id\":\"https:\/\/naturvernforbundet.no\/sognogfjordane\/#website\"},\"datePublished\":\"2013-03-11T10:06:25+00:00\",\"dateModified\":\"2022-11-14T12:11:00+00:00\",\"author\":{\"@id\":\"https:\/\/naturvernforbundet.no\/sognogfjordane\/#\/schema\/person\/9bd1ed84ee56f3cf1f5f0ff5cb4b7105\"},\"breadcrumb\":{\"@id\":\"https:\/\/naturvernforbundet.no\/sognogfjordane\/arsmelding-2012\/#breadcrumb\"},\"inLanguage\":\"nb-NO\",\"potentialAction\":[{\"@type\":\"ReadAction\",\"target\":[\"https:\/\/naturvernforbundet.no\/sognogfjordane\/arsmelding-2012\/\"]}]},{\"@type\":\"BreadcrumbList\",\"@id\":\"https:\/\/naturvernforbundet.no\/sognogfjordane\/arsmelding-2012\/#breadcrumb\",\"itemListElement\":[{\"@type\":\"ListItem\",\"position\":1,\"name\":\"Till naturvernforbundet.no\",\"item\":\"https:\/\/naturvernforbundet.no\/\"},{\"@type\":\"ListItem\",\"position\":2,\"name\":\"Sogn og Fjordane\",\"item\":\"https:\/\/naturvernforbundet.no\/sognogfjordane\/\"},{\"@type\":\"ListItem\",\"position\":3,\"name\":\"\u00c5RSMELDING 2012\"}]},{\"@type\":\"WebSite\",\"@id\":\"https:\/\/naturvernforbundet.no\/sognogfjordane\/#website\",\"url\":\"https:\/\/naturvernforbundet.no\/sognogfjordane\/\",\"name\":\"Sogn og Fjordane\",\"description\":\"Bare enda et Naturvernforbundet Sites-nettsted\",\"potentialAction\":[{\"@type\":\"SearchAction\",\"target\":{\"@type\":\"EntryPoint\",\"urlTemplate\":\"https:\/\/naturvernforbundet.no\/sognogfjordane\/?s={search_term_string}\"},\"query-input\":{\"@type\":\"PropertyValueSpecification\",\"valueRequired\":true,\"valueName\":\"search_term_string\"}}],\"inLanguage\":\"nb-NO\"},{\"@type\":\"Person\",\"@id\":\"https:\/\/naturvernforbundet.no\/sognogfjordane\/#\/schema\/person\/9bd1ed84ee56f3cf1f5f0ff5cb4b7105\",\"name\":\"Philip Butler\",\"image\":{\"@type\":\"ImageObject\",\"inLanguage\":\"nb-NO\",\"@id\":\"https:\/\/naturvernforbundet.no\/sognogfjordane\/#\/schema\/person\/image\/\",\"url\":\"https:\/\/secure.gravatar.com\/avatar\/bbeedeaae0e914582a986a90e1cb9ee9?s=96&d=mm&r=g\",\"contentUrl\":\"https:\/\/secure.gravatar.com\/avatar\/bbeedeaae0e914582a986a90e1cb9ee9?s=96&d=mm&r=g\",\"caption\":\"Philip Butler\"},\"url\":\"https:\/\/naturvernforbundet.no\/sognogfjordane\/author\/philipbutler\/\"}]}<\/script>\n<!-- \/ Yoast SEO plugin. -->","yoast_head_json":{"title":"\u00c5RSMELDING 2012 - Sogn og Fjordane","robots":{"index":"index","follow":"follow","max-snippet":"max-snippet:-1","max-image-preview":"max-image-preview:large","max-video-preview":"max-video-preview:-1"},"canonical":"https:\/\/naturvernforbundet.no\/sognogfjordane\/arsmelding-2012\/","og_locale":"nb_NO","og_type":"article","og_title":"\u00c5RSMELDING 2012 - Sogn og Fjordane","og_url":"https:\/\/naturvernforbundet.no\/sognogfjordane\/arsmelding-2012\/","og_site_name":"Sogn og Fjordane","article_published_time":"2013-03-11T10:06:25+00:00","article_modified_time":"2022-11-14T12:11:00+00:00","author":"Philip Butler","twitter_card":"summary_large_image","twitter_misc":{"Skrevet av":"Philip Butler","Ansl. lesetid":"18 minutter"},"schema":{"@context":"https:\/\/schema.org","@graph":[{"@type":"WebPage","@id":"https:\/\/naturvernforbundet.no\/sognogfjordane\/arsmelding-2012\/","url":"https:\/\/naturvernforbundet.no\/sognogfjordane\/arsmelding-2012\/","name":"\u00c5RSMELDING 2012 - Sogn og Fjordane","isPartOf":{"@id":"https:\/\/naturvernforbundet.no\/sognogfjordane\/#website"},"datePublished":"2013-03-11T10:06:25+00:00","dateModified":"2022-11-14T12:11:00+00:00","author":{"@id":"https:\/\/naturvernforbundet.no\/sognogfjordane\/#\/schema\/person\/9bd1ed84ee56f3cf1f5f0ff5cb4b7105"},"breadcrumb":{"@id":"https:\/\/naturvernforbundet.no\/sognogfjordane\/arsmelding-2012\/#breadcrumb"},"inLanguage":"nb-NO","potentialAction":[{"@type":"ReadAction","target":["https:\/\/naturvernforbundet.no\/sognogfjordane\/arsmelding-2012\/"]}]},{"@type":"BreadcrumbList","@id":"https:\/\/naturvernforbundet.no\/sognogfjordane\/arsmelding-2012\/#breadcrumb","itemListElement":[{"@type":"ListItem","position":1,"name":"Till naturvernforbundet.no","item":"https:\/\/naturvernforbundet.no\/"},{"@type":"ListItem","position":2,"name":"Sogn og Fjordane","item":"https:\/\/naturvernforbundet.no\/sognogfjordane\/"},{"@type":"ListItem","position":3,"name":"\u00c5RSMELDING 2012"}]},{"@type":"WebSite","@id":"https:\/\/naturvernforbundet.no\/sognogfjordane\/#website","url":"https:\/\/naturvernforbundet.no\/sognogfjordane\/","name":"Sogn og Fjordane","description":"Bare enda et Naturvernforbundet Sites-nettsted","potentialAction":[{"@type":"SearchAction","target":{"@type":"EntryPoint","urlTemplate":"https:\/\/naturvernforbundet.no\/sognogfjordane\/?s={search_term_string}"},"query-input":{"@type":"PropertyValueSpecification","valueRequired":true,"valueName":"search_term_string"}}],"inLanguage":"nb-NO"},{"@type":"Person","@id":"https:\/\/naturvernforbundet.no\/sognogfjordane\/#\/schema\/person\/9bd1ed84ee56f3cf1f5f0ff5cb4b7105","name":"Philip Butler","image":{"@type":"ImageObject","inLanguage":"nb-NO","@id":"https:\/\/naturvernforbundet.no\/sognogfjordane\/#\/schema\/person\/image\/","url":"https:\/\/secure.gravatar.com\/avatar\/bbeedeaae0e914582a986a90e1cb9ee9?s=96&d=mm&r=g","contentUrl":"https:\/\/secure.gravatar.com\/avatar\/bbeedeaae0e914582a986a90e1cb9ee9?s=96&d=mm&r=g","caption":"Philip Butler"},"url":"https:\/\/naturvernforbundet.no\/sognogfjordane\/author\/philipbutler\/"}]}},"_links":{"self":[{"href":"https:\/\/naturvernforbundet.no\/sognogfjordane\/wp-json\/wp\/v2\/posts\/190","targetHints":{"allow":["GET"]}}],"collection":[{"href":"https:\/\/naturvernforbundet.no\/sognogfjordane\/wp-json\/wp\/v2\/posts"}],"about":[{"href":"https:\/\/naturvernforbundet.no\/sognogfjordane\/wp-json\/wp\/v2\/types\/post"}],"author":[{"embeddable":true,"href":"https:\/\/naturvernforbundet.no\/sognogfjordane\/wp-json\/wp\/v2\/users\/202"}],"replies":[{"embeddable":true,"href":"https:\/\/naturvernforbundet.no\/sognogfjordane\/wp-json\/wp\/v2\/comments?post=190"}],"version-history":[{"count":1,"href":"https:\/\/naturvernforbundet.no\/sognogfjordane\/wp-json\/wp\/v2\/posts\/190\/revisions"}],"predecessor-version":[{"id":496,"href":"https:\/\/naturvernforbundet.no\/sognogfjordane\/wp-json\/wp\/v2\/posts\/190\/revisions\/496"}],"wp:attachment":[{"href":"https:\/\/naturvernforbundet.no\/sognogfjordane\/wp-json\/wp\/v2\/media?parent=190"}],"wp:term":[{"taxonomy":"category","embeddable":true,"href":"https:\/\/naturvernforbundet.no\/sognogfjordane\/wp-json\/wp\/v2\/categories?post=190"},{"taxonomy":"post_tag","embeddable":true,"href":"https:\/\/naturvernforbundet.no\/sognogfjordane\/wp-json\/wp\/v2\/tags?post=190"},{"taxonomy":"local","embeddable":true,"href":"https:\/\/naturvernforbundet.no\/sognogfjordane\/wp-json\/wp\/v2\/local?post=190"}],"curies":[{"name":"wp","href":"https:\/\/api.w.org\/{rel}","templated":true}]}}