{"id":414,"date":"2013-08-20T16:58:57","date_gmt":"2013-08-20T14:58:57","guid":{"rendered":"https:\/\/naturvernforbundet.no\/sognogfjordane\/samlet-for-vigdola\/"},"modified":"2013-08-20T16:58:57","modified_gmt":"2013-08-20T14:58:57","slug":"samlet-for-vigdola","status":"publish","type":"post","link":"https:\/\/naturvernforbundet.no\/sognogfjordane\/samlet-for-vigdola\/","title":{"rendered":"Samlet for Vigd\u00f8la"},"content":{"rendered":"\t<div class=\"template-post alignfull wp-block-naturvern-hero\">\n\t\t<div class=\"hero__inner\">\n\t\t\t<div class=\"hero__inner_blocks\">\n\t\t\t\t\t\t\t\t\n\t\t\t\t\t<h1 class=\"wp-block-post-title\">Samlet for Vigd\u00f8la<\/h1>\n\n\t\t\t\t\t<div class=\"wp-block-post-excerpt\"><p class=\"wp-block-post-excerpt__excerpt\">Vigdalens befolkningstall ble doblet under vassdragstreffet for Vigd\u00f8la i helgen. Det var en engasjert gjeng b\u00e5de fra grendalaget, lokalbefolkningen, Vernegruppa vern Vestsida-Vigd\u00f8la og Naturvernforbundet, som kom for \u00e5 markere motstand mot utbyggingsplanene av livsnerva i dalen. <\/p><\/div>\n\n\t\t\t\t\t<figure class=\"wp-block-post-featured-image\"><img loading=\"lazy\" decoding=\"async\" width=\"2560\" height=\"1713\" src=\"https:\/\/naturvernforbundet.no\/content\/uploads\/sites\/17\/2013\/08\/En20samlet20gjeng20mot20utbyyging20av20VigdC3B8la20-20fra20bC3A5de20Vigdal20grendalag2C20vernegruppa20Vestsida20-20VigdC3B8la20og20Naturvernforbundet.2028229-scaled.jpg\" class=\"attachment-post-thumbnail size-post-thumbnail wp-post-image\" alt=\"\" style=\"object-fit:cover;\" srcset=\"https:\/\/naturvernforbundet.no\/content\/uploads\/sites\/17\/2013\/08\/En20samlet20gjeng20mot20utbyyging20av20VigdC3B8la20-20fra20bC3A5de20Vigdal20grendalag2C20vernegruppa20Vestsida20-20VigdC3B8la20og20Naturvernforbundet.2028229-scaled.jpg 2560w, https:\/\/naturvernforbundet.no\/content\/uploads\/sites\/17\/2013\/08\/En20samlet20gjeng20mot20utbyyging20av20VigdC3B8la20-20fra20bC3A5de20Vigdal20grendalag2C20vernegruppa20Vestsida20-20VigdC3B8la20og20Naturvernforbundet.2028229-300x201.jpg 300w, https:\/\/naturvernforbundet.no\/content\/uploads\/sites\/17\/2013\/08\/En20samlet20gjeng20mot20utbyyging20av20VigdC3B8la20-20fra20bC3A5de20Vigdal20grendalag2C20vernegruppa20Vestsida20-20VigdC3B8la20og20Naturvernforbundet.2028229-1024x685.jpg 1024w, https:\/\/naturvernforbundet.no\/content\/uploads\/sites\/17\/2013\/08\/En20samlet20gjeng20mot20utbyyging20av20VigdC3B8la20-20fra20bC3A5de20Vigdal20grendalag2C20vernegruppa20Vestsida20-20VigdC3B8la20og20Naturvernforbundet.2028229-768x514.jpg 768w, https:\/\/naturvernforbundet.no\/content\/uploads\/sites\/17\/2013\/08\/En20samlet20gjeng20mot20utbyyging20av20VigdC3B8la20-20fra20bC3A5de20Vigdal20grendalag2C20vernegruppa20Vestsida20-20VigdC3B8la20og20Naturvernforbundet.2028229-1536x1028.jpg 1536w, https:\/\/naturvernforbundet.no\/content\/uploads\/sites\/17\/2013\/08\/En20samlet20gjeng20mot20utbyyging20av20VigdC3B8la20-20fra20bC3A5de20Vigdal20grendalag2C20vernegruppa20Vestsida20-20VigdC3B8la20og20Naturvernforbundet.2028229-2048x1371.jpg 2048w, https:\/\/naturvernforbundet.no\/content\/uploads\/sites\/17\/2013\/08\/En20samlet20gjeng20mot20utbyyging20av20VigdC3B8la20-20fra20bC3A5de20Vigdal20grendalag2C20vernegruppa20Vestsida20-20VigdC3B8la20og20Naturvernforbundet.2028229-1920x1285.jpg 1920w\" sizes=\"auto, (max-width: 2560px) 100vw, 2560px\" \/><\/figure>\n\n\t\t\t\t\t<div class=\"wp-block-naturvern-byline\">\n\t\t\t<div class=\"authors\">By <span class=\"t2-byline__author-link\">Honorata Gajda<\/span><\/div>\n\t\t\t<small class=\"entry-date\">20.08.2013 16:58<\/small>\n\t\t<\/div>\n\t\t\t\t\t\t\t\t<\/div>\n\t\t\t\t\t<\/div>\n\t\t\t<\/div>\n\t\n<p>\n\t-Det er mi elv, og hun synger i dur og moll, sier Astrid Foss\u00f8y som er f\u00f8dt og oppvokst ved Vigd\u00f8la. Hun var med i kampen mot utbygging av Vigd\u00f8la p\u00e5 80-tallet. Da tapte de kampen og store deler av vannet ble f\u00f8rt vekk fra elva. Det ble da lovet at Vigd\u00f8la skulle skjermes mot nye utbyggingsplaner. N\u00e5 er Statkraft tilbake 30 \u00e5r etter, for \u00e5 gj\u00f8re nye inngrep i vassdraget. Det ville ikke grendelaget akseptere.<span style=\"font-size: 12px;\">&nbsp; &nbsp; &nbsp; &nbsp; &nbsp; &nbsp; &nbsp; &nbsp; &nbsp; &nbsp; &nbsp;<\/span><\/p>\n\n\n\n<p>\n\t-Vigd\u00f8la er livsnerva i dalen, vi kan ikke la den bli bygget ut sier Karin Bakke fra grendalaget.<\/p>\n\n\n\n<p>\n\t<strong>Vil halvere vannstanden igjen<\/strong><\/p>\n\n\n\n<p>\n\tK\u00e5re H\u00f8nsi fra Statkraft presentere utbyggingsplanene for Vigd\u00f8la, der halvparten av det gjenv\u00e6rende vannet skal f\u00f8res vekk gjennom en 1,3 km lang tunnel. Statkraft presenterte prosjektet som sv\u00e6rt gunstig, med god profittmargin og akseptable konsekvenser.<\/p>\n\n\n\n<p>\n\tDette er ikke Naturvernforbundet enige i. Fagrapporter fra Aurland Naturverkstad viser at Vigd\u00f8la rommer sv\u00e6rt store landskaps- og naturverdier og at det er stor konflikt i forhold til vannkraftutbygging. Dette stikk i strid med Statkraft sin konsekvensutredning som bagatelliserer konsekvensene av utbyggingen.<\/p>\n\n\n\n<p>\n\t\u2013 Det er rundt 800 vannkrafts\u00f8knader til behandling hos NVE, da er det ekstra viktig at vi sier nei til de mest kontroversielle, som vi mener Vigd\u00f8la er, sier Honorata Gajda, r\u00e5dgiver i Naturvernforbundet.<\/p>\n\n\n\n<p>\n\t<strong>En av tolv viktige elver<\/strong><\/p>\n\n\n\n<p>\n\tNaturvernforbundet har valgt ut tolv av de st\u00f8rre vassdragene med store verne- og opplevelsesverdier som alle er direkte truet av utbygging, og som ikke m\u00e5 bygges ut. Vigd\u00f8la er en av dem. De lokale aksjonistene mener Sogn og Fjordane har lagt nok elver i r\u00f8r.<\/p>\n\n\n\n<p>\n\t<span style=\"font-size: 12px;\">-Sogn og Fjordane er det fylket som ligger p\u00e5 topp i antall vannkraftverk forteller Elisabeth Dahle i Forum for natur og friluftsliv (FNF). &#8211; Fylket v\u00e5rt har natur i verdensklasse, norske fjorder er flere ganger k\u00e5ret til verdens beste reiselivsm\u00e5l. N\u00e5 er det p\u00e5 tide \u00e5 ta vare p\u00e5 landets flotteste natur f\u00f8r det er for seint, sier Dahle.<\/span><\/p>\n\n\n\n<p>\n\t<strong>Ny inspirasjon<\/strong><\/p>\n\n\n\n<p>\n\tEtter m\u00f8tet gikk turen til den vakre Vigd\u00f8la. Turen ble ledet av Ole Herman Mel\u00f8y fra det lokale turlaget. Deltagerne fikk b\u00e5de h\u00f8re historier, se den unike elva og omr\u00e5det der inntakssted og dam planlegges. Vigdalen er inngangsporten til Breheimen nasjonalpark.<\/p>\n\n\n\n<p>\n\t<span style=\"font-size: 12px;\">Vassdragstreffet ble avsluttet med folkedans og folketoner fra Vigdalen, og ny inspirasjon til \u00e5 samarbeide videre om \u00e5 bevare elva.<\/span><\/p>\n\n\n\n<p>\n\t<span style=\"font-size: 12px;\">&#8211; N\u00e5 m\u00e5 vi f\u00e5 alle faktaene p\u00e5 bordet f\u00f8r NVE fatter sin endelige beslutning, forteller Gajda som ser fram til et godt samarbeid mellom lokale krefter og Naturvernforbundet sentralt.<\/span><\/p>\n\n\n\n<p>\n\t<span style=\"font-size: 12px;\">Vil du vite mer om Vigd\u00f8la, se vernegruppas Vern Vestsida Vigd\u00f8la&nbsp;<\/span><a href=\"http:\/\/xn--vestsida-vigdla-iub.no\/\" style=\"font-size: 12px;\">nettside&nbsp;<\/a><span style=\"font-size: 12px;\">eller&nbsp;<\/span><a href=\"https:\/\/www.facebook.com\/pages\/VERN-VESTSIDA-VIGD%C3%98LA\/101526678354\" style=\"font-size: 12px;\">facebookside<\/a><span style=\"font-size: 12px;\">.<\/span><\/p>\n","protected":false},"excerpt":{"rendered":"<p>Vigdalens befolkningstall ble doblet under vassdragstreffet for Vigd\u00f8la i helgen. Det var en engasjert gjeng b\u00e5de fra grendalaget, lokalbefolkningen, Vernegruppa vern Vestsida-Vigd\u00f8la og Naturvernforbundet, som kom for \u00e5 markere motstand mot utbyggingsplanene av livsnerva i dalen.<\/p>\n","protected":false},"author":107,"featured_media":415,"comment_status":"closed","ping_status":"closed","sticky":false,"template":"","format":"standard","meta":{"_relevanssi_hide_post":"","_relevanssi_hide_content":"","_relevanssi_pin_for_all":"","_relevanssi_pin_keywords":"","_relevanssi_unpin_keywords":"","_relevanssi_related_keywords":"","_relevanssi_related_include_ids":"","_relevanssi_related_exclude_ids":"","_relevanssi_related_no_append":"","_relevanssi_related_not_related":"","_relevanssi_related_posts":"","_relevanssi_noindex_reason":"","hide_logo":false,"footnotes":""},"categories":[25],"tags":[],"local":[],"class_list":["post-414","post","type-post","status-publish","format-standard","has-post-thumbnail","hentry","category-nyhende"],"acf":[],"yoast_head":"<!-- This site is optimized with the Yoast SEO plugin v24.9 - https:\/\/yoast.com\/wordpress\/plugins\/seo\/ -->\n<title>Samlet for Vigd\u00f8la - Sogn og Fjordane<\/title>\n<meta name=\"robots\" content=\"index, follow, max-snippet:-1, max-image-preview:large, max-video-preview:-1\" \/>\n<link rel=\"canonical\" href=\"https:\/\/naturvernforbundet.no\/sognogfjordane\/samlet-for-vigdola\/\" \/>\n<meta property=\"og:locale\" content=\"nb_NO\" \/>\n<meta property=\"og:type\" content=\"article\" \/>\n<meta property=\"og:title\" content=\"Samlet for Vigd\u00f8la - Sogn og Fjordane\" \/>\n<meta property=\"og:description\" content=\"Vigdalens befolkningstall ble doblet under vassdragstreffet for Vigd\u00f8la i helgen. Det var en engasjert gjeng b\u00e5de fra grendalaget, lokalbefolkningen, Vernegruppa vern Vestsida-Vigd\u00f8la og Naturvernforbundet, som kom for \u00e5 markere motstand mot utbyggingsplanene av livsnerva i dalen.\" \/>\n<meta property=\"og:url\" content=\"https:\/\/naturvernforbundet.no\/sognogfjordane\/samlet-for-vigdola\/\" \/>\n<meta property=\"og:site_name\" content=\"Sogn og Fjordane\" \/>\n<meta property=\"article:published_time\" content=\"2013-08-20T14:58:57+00:00\" \/>\n<meta property=\"og:image\" content=\"https:\/\/naturvernforbundet.no\/content\/uploads\/sites\/17\/2013\/08\/En20samlet20gjeng20mot20utbyyging20av20VigdC3B8la20-20fra20bC3A5de20Vigdal20grendalag2C20vernegruppa20Vestsida20-20VigdC3B8la20og20Naturvernforbundet.2028229-scaled.jpg\" \/>\n\t<meta property=\"og:image:width\" content=\"2560\" \/>\n\t<meta property=\"og:image:height\" content=\"1713\" \/>\n\t<meta property=\"og:image:type\" content=\"image\/jpeg\" \/>\n<meta name=\"author\" content=\"Honorata Gajda\" \/>\n<meta name=\"twitter:card\" content=\"summary_large_image\" \/>\n<meta name=\"twitter:label1\" content=\"Skrevet av\" \/>\n\t<meta name=\"twitter:data1\" content=\"Honorata Gajda\" \/>\n\t<meta name=\"twitter:label2\" content=\"Ansl. lesetid\" \/>\n\t<meta name=\"twitter:data2\" content=\"2 minutter\" \/>\n<script type=\"application\/ld+json\" class=\"yoast-schema-graph\">{\"@context\":\"https:\/\/schema.org\",\"@graph\":[{\"@type\":\"WebPage\",\"@id\":\"https:\/\/naturvernforbundet.no\/sognogfjordane\/samlet-for-vigdola\/\",\"url\":\"https:\/\/naturvernforbundet.no\/sognogfjordane\/samlet-for-vigdola\/\",\"name\":\"Samlet for Vigd\u00f8la - Sogn og Fjordane\",\"isPartOf\":{\"@id\":\"https:\/\/naturvernforbundet.no\/sognogfjordane\/#website\"},\"primaryImageOfPage\":{\"@id\":\"https:\/\/naturvernforbundet.no\/sognogfjordane\/samlet-for-vigdola\/#primaryimage\"},\"image\":{\"@id\":\"https:\/\/naturvernforbundet.no\/sognogfjordane\/samlet-for-vigdola\/#primaryimage\"},\"thumbnailUrl\":\"https:\/\/naturvernforbundet.no\/content\/uploads\/sites\/17\/2013\/08\/En20samlet20gjeng20mot20utbyyging20av20VigdC3B8la20-20fra20bC3A5de20Vigdal20grendalag2C20vernegruppa20Vestsida20-20VigdC3B8la20og20Naturvernforbundet.2028229-scaled.jpg\",\"datePublished\":\"2013-08-20T14:58:57+00:00\",\"author\":{\"@id\":\"https:\/\/naturvernforbundet.no\/sognogfjordane\/#\/schema\/person\/0b71361f791c6058889fa5a848dd1cac\"},\"breadcrumb\":{\"@id\":\"https:\/\/naturvernforbundet.no\/sognogfjordane\/samlet-for-vigdola\/#breadcrumb\"},\"inLanguage\":\"nb-NO\",\"potentialAction\":[{\"@type\":\"ReadAction\",\"target\":[\"https:\/\/naturvernforbundet.no\/sognogfjordane\/samlet-for-vigdola\/\"]}]},{\"@type\":\"ImageObject\",\"inLanguage\":\"nb-NO\",\"@id\":\"https:\/\/naturvernforbundet.no\/sognogfjordane\/samlet-for-vigdola\/#primaryimage\",\"url\":\"https:\/\/naturvernforbundet.no\/content\/uploads\/sites\/17\/2013\/08\/En20samlet20gjeng20mot20utbyyging20av20VigdC3B8la20-20fra20bC3A5de20Vigdal20grendalag2C20vernegruppa20Vestsida20-20VigdC3B8la20og20Naturvernforbundet.2028229-scaled.jpg\",\"contentUrl\":\"https:\/\/naturvernforbundet.no\/content\/uploads\/sites\/17\/2013\/08\/En20samlet20gjeng20mot20utbyyging20av20VigdC3B8la20-20fra20bC3A5de20Vigdal20grendalag2C20vernegruppa20Vestsida20-20VigdC3B8la20og20Naturvernforbundet.2028229-scaled.jpg\",\"width\":2560,\"height\":1713},{\"@type\":\"BreadcrumbList\",\"@id\":\"https:\/\/naturvernforbundet.no\/sognogfjordane\/samlet-for-vigdola\/#breadcrumb\",\"itemListElement\":[{\"@type\":\"ListItem\",\"position\":1,\"name\":\"Till naturvernforbundet.no\",\"item\":\"https:\/\/naturvernforbundet.no\/\"},{\"@type\":\"ListItem\",\"position\":2,\"name\":\"Sogn og Fjordane\",\"item\":\"https:\/\/naturvernforbundet.no\/sognogfjordane\/\"},{\"@type\":\"ListItem\",\"position\":3,\"name\":\"Samlet for Vigd\u00f8la\"}]},{\"@type\":\"WebSite\",\"@id\":\"https:\/\/naturvernforbundet.no\/sognogfjordane\/#website\",\"url\":\"https:\/\/naturvernforbundet.no\/sognogfjordane\/\",\"name\":\"Sogn og Fjordane\",\"description\":\"Bare enda et Naturvernforbundet Sites-nettsted\",\"potentialAction\":[{\"@type\":\"SearchAction\",\"target\":{\"@type\":\"EntryPoint\",\"urlTemplate\":\"https:\/\/naturvernforbundet.no\/sognogfjordane\/?s={search_term_string}\"},\"query-input\":{\"@type\":\"PropertyValueSpecification\",\"valueRequired\":true,\"valueName\":\"search_term_string\"}}],\"inLanguage\":\"nb-NO\"},{\"@type\":\"Person\",\"@id\":\"https:\/\/naturvernforbundet.no\/sognogfjordane\/#\/schema\/person\/0b71361f791c6058889fa5a848dd1cac\",\"name\":\"Honorata Gajda\",\"image\":{\"@type\":\"ImageObject\",\"inLanguage\":\"nb-NO\",\"@id\":\"https:\/\/naturvernforbundet.no\/sognogfjordane\/#\/schema\/person\/image\/\",\"url\":\"https:\/\/secure.gravatar.com\/avatar\/3de70f8792c67af25e93ec159577dafd?s=96&d=mm&r=g\",\"contentUrl\":\"https:\/\/secure.gravatar.com\/avatar\/3de70f8792c67af25e93ec159577dafd?s=96&d=mm&r=g\",\"caption\":\"Honorata Gajda\"},\"url\":\"https:\/\/naturvernforbundet.no\/sognogfjordane\/author\/honoratagajda\/\"}]}<\/script>\n<!-- \/ Yoast SEO plugin. -->","yoast_head_json":{"title":"Samlet for Vigd\u00f8la - Sogn og Fjordane","robots":{"index":"index","follow":"follow","max-snippet":"max-snippet:-1","max-image-preview":"max-image-preview:large","max-video-preview":"max-video-preview:-1"},"canonical":"https:\/\/naturvernforbundet.no\/sognogfjordane\/samlet-for-vigdola\/","og_locale":"nb_NO","og_type":"article","og_title":"Samlet for Vigd\u00f8la - Sogn og Fjordane","og_description":"Vigdalens befolkningstall ble doblet under vassdragstreffet for Vigd\u00f8la i helgen. Det var en engasjert gjeng b\u00e5de fra grendalaget, lokalbefolkningen, Vernegruppa vern Vestsida-Vigd\u00f8la og Naturvernforbundet, som kom for \u00e5 markere motstand mot utbyggingsplanene av livsnerva i dalen.","og_url":"https:\/\/naturvernforbundet.no\/sognogfjordane\/samlet-for-vigdola\/","og_site_name":"Sogn og Fjordane","article_published_time":"2013-08-20T14:58:57+00:00","og_image":[{"width":2560,"height":1713,"url":"https:\/\/naturvernforbundet.no\/content\/uploads\/sites\/17\/2013\/08\/En20samlet20gjeng20mot20utbyyging20av20VigdC3B8la20-20fra20bC3A5de20Vigdal20grendalag2C20vernegruppa20Vestsida20-20VigdC3B8la20og20Naturvernforbundet.2028229-scaled.jpg","type":"image\/jpeg"}],"author":"Honorata Gajda","twitter_card":"summary_large_image","twitter_misc":{"Skrevet av":"Honorata Gajda","Ansl. lesetid":"2 minutter"},"schema":{"@context":"https:\/\/schema.org","@graph":[{"@type":"WebPage","@id":"https:\/\/naturvernforbundet.no\/sognogfjordane\/samlet-for-vigdola\/","url":"https:\/\/naturvernforbundet.no\/sognogfjordane\/samlet-for-vigdola\/","name":"Samlet for Vigd\u00f8la - Sogn og Fjordane","isPartOf":{"@id":"https:\/\/naturvernforbundet.no\/sognogfjordane\/#website"},"primaryImageOfPage":{"@id":"https:\/\/naturvernforbundet.no\/sognogfjordane\/samlet-for-vigdola\/#primaryimage"},"image":{"@id":"https:\/\/naturvernforbundet.no\/sognogfjordane\/samlet-for-vigdola\/#primaryimage"},"thumbnailUrl":"https:\/\/naturvernforbundet.no\/content\/uploads\/sites\/17\/2013\/08\/En20samlet20gjeng20mot20utbyyging20av20VigdC3B8la20-20fra20bC3A5de20Vigdal20grendalag2C20vernegruppa20Vestsida20-20VigdC3B8la20og20Naturvernforbundet.2028229-scaled.jpg","datePublished":"2013-08-20T14:58:57+00:00","author":{"@id":"https:\/\/naturvernforbundet.no\/sognogfjordane\/#\/schema\/person\/0b71361f791c6058889fa5a848dd1cac"},"breadcrumb":{"@id":"https:\/\/naturvernforbundet.no\/sognogfjordane\/samlet-for-vigdola\/#breadcrumb"},"inLanguage":"nb-NO","potentialAction":[{"@type":"ReadAction","target":["https:\/\/naturvernforbundet.no\/sognogfjordane\/samlet-for-vigdola\/"]}]},{"@type":"ImageObject","inLanguage":"nb-NO","@id":"https:\/\/naturvernforbundet.no\/sognogfjordane\/samlet-for-vigdola\/#primaryimage","url":"https:\/\/naturvernforbundet.no\/content\/uploads\/sites\/17\/2013\/08\/En20samlet20gjeng20mot20utbyyging20av20VigdC3B8la20-20fra20bC3A5de20Vigdal20grendalag2C20vernegruppa20Vestsida20-20VigdC3B8la20og20Naturvernforbundet.2028229-scaled.jpg","contentUrl":"https:\/\/naturvernforbundet.no\/content\/uploads\/sites\/17\/2013\/08\/En20samlet20gjeng20mot20utbyyging20av20VigdC3B8la20-20fra20bC3A5de20Vigdal20grendalag2C20vernegruppa20Vestsida20-20VigdC3B8la20og20Naturvernforbundet.2028229-scaled.jpg","width":2560,"height":1713},{"@type":"BreadcrumbList","@id":"https:\/\/naturvernforbundet.no\/sognogfjordane\/samlet-for-vigdola\/#breadcrumb","itemListElement":[{"@type":"ListItem","position":1,"name":"Till naturvernforbundet.no","item":"https:\/\/naturvernforbundet.no\/"},{"@type":"ListItem","position":2,"name":"Sogn og Fjordane","item":"https:\/\/naturvernforbundet.no\/sognogfjordane\/"},{"@type":"ListItem","position":3,"name":"Samlet for Vigd\u00f8la"}]},{"@type":"WebSite","@id":"https:\/\/naturvernforbundet.no\/sognogfjordane\/#website","url":"https:\/\/naturvernforbundet.no\/sognogfjordane\/","name":"Sogn og Fjordane","description":"Bare enda et Naturvernforbundet Sites-nettsted","potentialAction":[{"@type":"SearchAction","target":{"@type":"EntryPoint","urlTemplate":"https:\/\/naturvernforbundet.no\/sognogfjordane\/?s={search_term_string}"},"query-input":{"@type":"PropertyValueSpecification","valueRequired":true,"valueName":"search_term_string"}}],"inLanguage":"nb-NO"},{"@type":"Person","@id":"https:\/\/naturvernforbundet.no\/sognogfjordane\/#\/schema\/person\/0b71361f791c6058889fa5a848dd1cac","name":"Honorata Gajda","image":{"@type":"ImageObject","inLanguage":"nb-NO","@id":"https:\/\/naturvernforbundet.no\/sognogfjordane\/#\/schema\/person\/image\/","url":"https:\/\/secure.gravatar.com\/avatar\/3de70f8792c67af25e93ec159577dafd?s=96&d=mm&r=g","contentUrl":"https:\/\/secure.gravatar.com\/avatar\/3de70f8792c67af25e93ec159577dafd?s=96&d=mm&r=g","caption":"Honorata Gajda"},"url":"https:\/\/naturvernforbundet.no\/sognogfjordane\/author\/honoratagajda\/"}]}},"_links":{"self":[{"href":"https:\/\/naturvernforbundet.no\/sognogfjordane\/wp-json\/wp\/v2\/posts\/414","targetHints":{"allow":["GET"]}}],"collection":[{"href":"https:\/\/naturvernforbundet.no\/sognogfjordane\/wp-json\/wp\/v2\/posts"}],"about":[{"href":"https:\/\/naturvernforbundet.no\/sognogfjordane\/wp-json\/wp\/v2\/types\/post"}],"author":[{"embeddable":true,"href":"https:\/\/naturvernforbundet.no\/sognogfjordane\/wp-json\/wp\/v2\/users\/107"}],"replies":[{"embeddable":true,"href":"https:\/\/naturvernforbundet.no\/sognogfjordane\/wp-json\/wp\/v2\/comments?post=414"}],"version-history":[{"count":0,"href":"https:\/\/naturvernforbundet.no\/sognogfjordane\/wp-json\/wp\/v2\/posts\/414\/revisions"}],"wp:featuredmedia":[{"embeddable":true,"href":"https:\/\/naturvernforbundet.no\/sognogfjordane\/wp-json\/wp\/v2\/media\/415"}],"wp:attachment":[{"href":"https:\/\/naturvernforbundet.no\/sognogfjordane\/wp-json\/wp\/v2\/media?parent=414"}],"wp:term":[{"taxonomy":"category","embeddable":true,"href":"https:\/\/naturvernforbundet.no\/sognogfjordane\/wp-json\/wp\/v2\/categories?post=414"},{"taxonomy":"post_tag","embeddable":true,"href":"https:\/\/naturvernforbundet.no\/sognogfjordane\/wp-json\/wp\/v2\/tags?post=414"},{"taxonomy":"local","embeddable":true,"href":"https:\/\/naturvernforbundet.no\/sognogfjordane\/wp-json\/wp\/v2\/local?post=414"}],"curies":[{"name":"wp","href":"https:\/\/api.w.org\/{rel}","templated":true}]}}