{"id":1010,"date":"2026-08-31T11:32:10","date_gmt":"2026-08-31T09:32:10","guid":{"rendered":"https:\/\/naturvernforbundet.no\/telemark\/?p=1010"},"modified":"2026-08-31T11:32:11","modified_gmt":"2026-08-31T09:32:11","slug":"bunestoppen-en-provestein-for-norsk-naturforvaltning","status":"publish","type":"post","link":"https:\/\/naturvernforbundet.no\/telemark\/bunestoppen-en-provestein-for-norsk-naturforvaltning\/","title":{"rendered":"Bunestoppen \u2013 en pr\u00f8vestein for norsk naturforvaltning"},"content":{"rendered":"\t<div class=\"template-post alignnone wp-block-naturvern-hero\">\n\t\t<div class=\"hero__inner\">\n\t\t\t<div class=\"hero__inner_blocks\">\n\t\t\t\t\t\t\t\t\n<h1 class=\"wp-block-post-title\">Bunestoppen \u2013 en pr\u00f8vestein for norsk naturforvaltning<\/h1>\n\n<div class=\"wp-block-post-excerpt\"><p class=\"wp-block-post-excerpt__excerpt\">Tirsdag 1. september starter rettssaken om Bunestoppen i Oslo tingrett. Bamble kommune har valgt \u00e5 stevne staten etter at Kommunal- og distriktsdepartementet (KDD) den 22. oktober 2024 omgjorde Statsforvalterens tidligere vedtak i saken.\u00a0 <\/p><\/div>\n\n<figure class=\"wp-block-post-featured-image\"><img loading=\"lazy\" decoding=\"async\" width=\"2560\" height=\"1696\" src=\"https:\/\/naturvernforbundet.no\/content\/uploads\/sites\/18\/2022\/10\/DSC_0006-scaled.jpg\" class=\"attachment-post-thumbnail size-post-thumbnail wp-post-image\" alt=\"Bunestoppen\" style=\"object-fit:cover;\" srcset=\"https:\/\/naturvernforbundet.no\/content\/uploads\/sites\/18\/2022\/10\/DSC_0006-scaled.jpg 2560w, https:\/\/naturvernforbundet.no\/content\/uploads\/sites\/18\/2022\/10\/DSC_0006-300x199.jpg 300w, https:\/\/naturvernforbundet.no\/content\/uploads\/sites\/18\/2022\/10\/DSC_0006-1024x678.jpg 1024w, https:\/\/naturvernforbundet.no\/content\/uploads\/sites\/18\/2022\/10\/DSC_0006-768x509.jpg 768w, https:\/\/naturvernforbundet.no\/content\/uploads\/sites\/18\/2022\/10\/DSC_0006-1536x1017.jpg 1536w, https:\/\/naturvernforbundet.no\/content\/uploads\/sites\/18\/2022\/10\/DSC_0006-2048x1356.jpg 2048w, https:\/\/naturvernforbundet.no\/content\/uploads\/sites\/18\/2022\/10\/DSC_0006-1920x1272.jpg 1920w\" sizes=\"auto, (max-width: 2560px) 100vw, 2560px\" \/><\/figure>\n\t\t\t<\/div>\n\t\t\t\t\t<\/div>\n\t\t\t<\/div>\n\t\n\n\n<p>Denne rettssaken handler om langt mer enn et lokalt utbyggingsprosjekt; den reiser prinsipielle sp\u00f8rsm\u00e5l om hvordan norsk naturforvaltning skal h\u00e5ndtere ny kunnskap.<\/p>\n\n\n\n<p><strong>Historien om en mangelfull kartlegging<\/strong><br>I 2020 vedtok Bamble kommune reguleringsplanen for Bunestoppen. Den omfattende planen inkluderte 120 boliger \u2013 inkludert sju blokker \u2013 samt brannstasjon, veier, lysl\u00f8yper og annen infrastruktur.&nbsp;<\/p>\n\n\n\n<p>I den opprinnelige naturkartleggingen kommunen bestilte, ble det ikke funnet en eneste r\u00f8dlistet art. Fagfolk har i ettertid kritisert denne kartleggingen for \u00e5 v\u00e6re sv\u00e6rt svak og mangelfull.&nbsp;<\/p>\n\n\n\n<p>Etter at planvedtaket ble fattet, kom det frem omfattende ny kunnskap om naturverdiene. Naturvernforbundet leide inn uavhengige kartleggere for \u00e5 unders\u00f8ke naturmangfoldet p\u00e5 nytt. Deres unders\u00f8kelser avdekket 20 r\u00f8dlistede arter, fire r\u00f8dlistede naturtyper og \u00e9n utvalgt naturtype.<\/p>\n\n\n\n<p>Den sterkt truede og prioriterte arten r\u00f8d skogfrue er over mange \u00e5r registrert flere steder p\u00e5 Bunestoppen. Den 2. juli 2022 ble det gjort et nytt funn p\u00e5 et hittil ukjent voksested, knappe 200 meter fra planomr\u00e5det. Dette dokumenterer at planomr\u00e5det fungerer som et influensomr\u00e5de for arten, og at naturverdiene i og rundt omr\u00e5det m\u00e5 ses i en sammenheng.&nbsp;<\/p>\n\n\n\n<p>B\u00e5de Naturvernforbundet og biologer p\u00e5pekte at det opprinnelige kunnskapsgrunnlaget var for d\u00e5rlig. Naturkartleggingen var utilstrekkelig, og plikten til \u00e5 konsekvensutrede var ikke vurdert p\u00e5 en tilfredsstillende m\u00e5te.&nbsp;<\/p>\n\n\n\n<p>Saken ble klaget inn, og den 22. oktober 2024 kom KDD med sitt omgj\u00f8ringsvedtak. Departementet p\u00e5viste feil i b\u00e5de rettsanvendelsen og saksbehandlingen, fastslo at saken ikke var tilstrekkelig opplyst, og p\u00e5la statsforvalter \u00e5 behandle saken p\u00e5 nytt basert p\u00e5 oppdatert kunnskap.<\/p>\n\n\n\n<p>I mai 2025 kom statsforvalters konklusjon: Reguleringsplanen ble opphevet og planvedtaket fra 2020 ble kjent ugyldig.&nbsp;Begrunnelsen var klar: Det var ikke gjort tilstrekkelige naturkartlegginger, kommunen hadde ikke vurdert konsekvensutredningsplikten i tr\u00e5d med regelverket, og vurderingene etter naturmangfoldloven var&nbsp;utilstrekkelige.<\/p>\n\n\n\n<p>Dette var ingen bagatellmessig saksbehandlingsfeil. Selve planen ble opphevet fordi den var uforsvarlig utredet.<\/p>\n\n\n\n<p><strong>G\u00e5rsdagens kunnskap mot dagens realiteter<\/strong><br>Bunestoppen har blitt en nasjonal typesak,&nbsp;og har har f\u00f8rt til nye skriftlige veiledninger som vektlegger betydningen av et oppdatert kunnskapsgrunnlag om naturmangfold.&nbsp;Statsforvalteren i Vestfold og Telemark har p\u00e5pekt at saken har skjerpet praksisen og tydeliggjort kravene til saksbehandling etter naturmangfoldloven.<\/p>\n\n\n\n<p>Saken reiser et fundamentalt sp\u00f8rsm\u00e5l:&nbsp;Kan vi tillate nedbygging av s\u00e5rbar natur fordi naturverdiene ikke var godt nok kartlagt da de f\u00f8rste vedtakene ble fattet?<\/p>\n\n\n\n<p>Mangelfull kartlegging betyr ikke at naturverdiene ikke eksisterer. En truet art blir ikke mindre truet av at den oppdages etter at en plan er vedtatt; ny kunnskap m\u00e5 ha reell betydning.&nbsp;<\/p>\n\n\n\n<p>Hvis ikke-oppdaterte, mangelfulle utredninger skal&nbsp;l\u00e5se&nbsp;fremtidige beslutninger, f\u00e5r vi et system der tidspunktet for kartlegging blir viktigere enn naturens faktiske verdi. En slik praksis, hvor kommuner og utbyggere kan \u00abarve\u00bb en utbyggingsrett basert p\u00e5 utdatert kunnskap, er umulig \u00e5 forene med naturmangfoldlovens f\u00f8re-var-prinsipp og kravet om \u00e5 vurdere den samlede belastningen p\u00e5 naturen.<\/p>\n\n\n\n<p><strong>Ny planprosess og stevning av staten&nbsp;&nbsp;<\/strong><br>Etter at planen ble opphevet, oppfordret Statsforvalteren kommunen til \u00e5 vurdere omr\u00e5det p\u00e5 nytt med \u00e5pne arealform\u00e5l. Bamble kommune valgte imidlertid \u00e5 se bort fra dette. Uten \u00e5 utrede alternative arealform\u00e5l eller alternative plasseringer, vedtok kommunen i august 2025 en ny prosess for Bunestoppen hvor det uttalte m\u00e5let er fortsatt omfattende utbygging. De videref\u00f8rer i stor grad elementene fra den gamle planen &#8211; til tross for at de etter den kongelige resolusjonen skulle ha begynt med blanke ark.&nbsp;<\/p>\n\n\n\n<p>Samtidig som kommunen driver denne planprosessen videre, velger de alts\u00e5 \u00e5 stevne staten.&nbsp;<\/p>\n\n\n\n<p>Det er kommunens rett \u00e5 bringe saken inn for domstolene, men&nbsp;Bamble kommune st\u00e5r i en sv\u00e6rt krevende \u00f8konomisk situasjon. Hvor mange millioner av fellesskapets midler skal brukes p\u00e5 \u00e5 forsvare en utbygging i et dokumentert s\u00e5rbart naturomr\u00e5de, der statlige myndigheter allerede har sl\u00e5tt fast at saksbehandlingen var utilstrekkelig og feilaktig?&nbsp;<\/p>\n\n\n\n<p>Dersom kommunen taper i tingretten, b\u00f8r de folkevalgte n\u00f8ye vurdere om det er riktig \u00e5 bruke enda mer av&nbsp;fellesskapets&nbsp;penger p\u00e5 en anke.&nbsp;<\/p>\n\n\n\n<p>Samtidig b\u00f8r en sp\u00f8rre seg: Hvordan \u00f8nsker kommunen \u00e5 forvalte viktige naturverdier?<\/p>\n\n\n\n<p><strong>En viktig presedens for norsk naturforvaltning&nbsp;<\/strong><br>Den st\u00f8rste kostnaden ved denne saken kan imidlertid ramme norsk natur og oss alle.&nbsp;<\/p>\n\n\n\n<p>For hva vil det bety dersom Bamble kommune faktisk f\u00e5r medhold i retten?<\/p>\n\n\n\n<p>Et slikt utfall vil sende et signal om at gamle planvedtak st\u00e5r sterkere enn ny kunnskap om truede arter og naturtyper. Det vil gj\u00f8re det sv\u00e6rt vanskelig \u00e5 korrigere feil n\u00e5r ny kunnskap kommer p\u00e5 bordet, og skape en farlig presedens for norsk naturforvaltning.<\/p>\n\n\n\n<p>Hvis utfallet derimot blir en stadfesting av at ny kunnskap skal telle, vil Bunestoppen-saken vise at forvaltningen har evne til \u00e5 l\u00e6re og korrigere gamle feil.&nbsp;<\/p>\n\n\n\n<p>Det vil styrke naturens rettsvern og bidra til \u00e5 sikre v\u00e5r felles naturarv \u2013 et m\u00e5l b\u00e5de dagens og fremtidige generasjoner vil v\u00e6re tjent med.<\/p>\n\n\n\n<p><em>Saskia Wanders og Helge Granlund<\/em><\/p>\n\n\n\n<p><em>Naturvernforbundet Grenland \/ Naturvernforbundet Telemark<\/em><\/p>\n","protected":false},"excerpt":{"rendered":"<p>Tirsdag 1. september starter rettssaken om Bunestoppen i Oslo tingrett. Bamble kommune har valgt \u00e5 stevne staten etter at Kommunal- og distriktsdepartementet (KDD) den 22. oktober 2024 omgjorde Statsforvalterens tidligere vedtak i saken.\u00a0<\/p>\n","protected":false},"author":349,"featured_media":112,"comment_status":"closed","ping_status":"closed","sticky":false,"template":"","format":"standard","meta":{"_relevanssi_hide_post":"","_relevanssi_hide_content":"","_relevanssi_pin_for_all":"","_relevanssi_pin_keywords":"","_relevanssi_unpin_keywords":"","_relevanssi_related_keywords":"","_relevanssi_related_include_ids":"","_relevanssi_related_exclude_ids":"","_relevanssi_related_no_append":"","_relevanssi_related_not_related":"","_relevanssi_related_posts":"188,35,210,495,52,45","_relevanssi_noindex_reason":"","hide_logo":false,"footnotes":"","_members_access_role":[],"_members_access_error":""},"categories":[1],"tags":[],"local":[4],"class_list":["post-1010","post","type-post","status-publish","format-standard","has-post-thumbnail","hentry","category-ukategorisert","local-grenland"],"acf":[],"yoast_head":"<!-- This site is optimized with the Yoast SEO plugin v24.9 - https:\/\/yoast.com\/wordpress\/plugins\/seo\/ -->\n<title>Bunestoppen \u2013 en pr\u00f8vestein for norsk naturforvaltning - Telemark<\/title>\n<meta name=\"robots\" content=\"index, follow, max-snippet:-1, max-image-preview:large, max-video-preview:-1\" \/>\n<link rel=\"canonical\" href=\"https:\/\/naturvernforbundet.no\/telemark\/bunestoppen-en-provestein-for-norsk-naturforvaltning\/\" \/>\n<meta property=\"og:locale\" content=\"nb_NO\" \/>\n<meta property=\"og:type\" content=\"article\" \/>\n<meta property=\"og:title\" content=\"Bunestoppen \u2013 en pr\u00f8vestein for norsk naturforvaltning - Telemark\" \/>\n<meta property=\"og:description\" content=\"Tirsdag 1. september starter rettssaken om Bunestoppen i Oslo tingrett. Bamble kommune har valgt \u00e5 stevne staten etter at Kommunal- og distriktsdepartementet (KDD) den 22. oktober 2024 omgjorde Statsforvalterens tidligere vedtak i saken.\u00a0\" \/>\n<meta property=\"og:url\" content=\"https:\/\/naturvernforbundet.no\/telemark\/bunestoppen-en-provestein-for-norsk-naturforvaltning\/\" \/>\n<meta property=\"og:site_name\" content=\"Telemark\" \/>\n<meta property=\"article:published_time\" content=\"2026-08-31T09:32:10+00:00\" \/>\n<meta property=\"article:modified_time\" content=\"2026-08-31T09:32:11+00:00\" \/>\n<meta property=\"og:image\" content=\"https:\/\/naturvernforbundet.no\/content\/uploads\/sites\/18\/2022\/10\/DSC_0006-scaled.jpg\" \/>\n\t<meta property=\"og:image:width\" content=\"2560\" \/>\n\t<meta property=\"og:image:height\" content=\"1696\" \/>\n\t<meta property=\"og:image:type\" content=\"image\/jpeg\" \/>\n<meta name=\"author\" content=\"odinthune\" \/>\n<meta name=\"twitter:card\" content=\"summary_large_image\" \/>\n<meta name=\"twitter:label1\" content=\"Skrevet av\" \/>\n\t<meta name=\"twitter:data1\" content=\"odinthune\" \/>\n\t<meta name=\"twitter:label2\" content=\"Ansl. lesetid\" \/>\n\t<meta name=\"twitter:data2\" content=\"5 minutter\" \/>\n<script type=\"application\/ld+json\" class=\"yoast-schema-graph\">{\"@context\":\"https:\/\/schema.org\",\"@graph\":[{\"@type\":\"WebPage\",\"@id\":\"https:\/\/naturvernforbundet.no\/telemark\/bunestoppen-en-provestein-for-norsk-naturforvaltning\/\",\"url\":\"https:\/\/naturvernforbundet.no\/telemark\/bunestoppen-en-provestein-for-norsk-naturforvaltning\/\",\"name\":\"Bunestoppen \u2013 en pr\u00f8vestein for norsk naturforvaltning - Telemark\",\"isPartOf\":{\"@id\":\"https:\/\/naturvernforbundet.no\/telemark\/#website\"},\"primaryImageOfPage\":{\"@id\":\"https:\/\/naturvernforbundet.no\/telemark\/bunestoppen-en-provestein-for-norsk-naturforvaltning\/#primaryimage\"},\"image\":{\"@id\":\"https:\/\/naturvernforbundet.no\/telemark\/bunestoppen-en-provestein-for-norsk-naturforvaltning\/#primaryimage\"},\"thumbnailUrl\":\"https:\/\/naturvernforbundet.no\/content\/uploads\/sites\/18\/2022\/10\/DSC_0006-scaled.jpg\",\"datePublished\":\"2026-08-31T09:32:10+00:00\",\"dateModified\":\"2026-08-31T09:32:11+00:00\",\"author\":{\"@id\":\"https:\/\/naturvernforbundet.no\/telemark\/#\/schema\/person\/885615c6a7a845252883be42a5f45d72\"},\"breadcrumb\":{\"@id\":\"https:\/\/naturvernforbundet.no\/telemark\/bunestoppen-en-provestein-for-norsk-naturforvaltning\/#breadcrumb\"},\"inLanguage\":\"nb-NO\",\"potentialAction\":[{\"@type\":\"ReadAction\",\"target\":[\"https:\/\/naturvernforbundet.no\/telemark\/bunestoppen-en-provestein-for-norsk-naturforvaltning\/\"]}]},{\"@type\":\"ImageObject\",\"inLanguage\":\"nb-NO\",\"@id\":\"https:\/\/naturvernforbundet.no\/telemark\/bunestoppen-en-provestein-for-norsk-naturforvaltning\/#primaryimage\",\"url\":\"https:\/\/naturvernforbundet.no\/content\/uploads\/sites\/18\/2022\/10\/DSC_0006-scaled.jpg\",\"contentUrl\":\"https:\/\/naturvernforbundet.no\/content\/uploads\/sites\/18\/2022\/10\/DSC_0006-scaled.jpg\",\"width\":2560,\"height\":1696,\"caption\":\"Bunestoppen\"},{\"@type\":\"BreadcrumbList\",\"@id\":\"https:\/\/naturvernforbundet.no\/telemark\/bunestoppen-en-provestein-for-norsk-naturforvaltning\/#breadcrumb\",\"itemListElement\":[{\"@type\":\"ListItem\",\"position\":1,\"name\":\"Till naturvernforbundet.no\",\"item\":\"https:\/\/naturvernforbundet.no\/\"},{\"@type\":\"ListItem\",\"position\":2,\"name\":\"Telemark\",\"item\":\"https:\/\/naturvernforbundet.no\/telemark\/\"},{\"@type\":\"ListItem\",\"position\":3,\"name\":\"Grenland\",\"item\":\"https:\/\/naturvernforbundet.no\/telemark\/lokallag\/grenland\/\"},{\"@type\":\"ListItem\",\"position\":4,\"name\":\"Bunestoppen \u2013 en pr\u00f8vestein for norsk naturforvaltning\"}]},{\"@type\":\"WebSite\",\"@id\":\"https:\/\/naturvernforbundet.no\/telemark\/#website\",\"url\":\"https:\/\/naturvernforbundet.no\/telemark\/\",\"name\":\"Telemark\",\"description\":\"Bare enda et Naturvernforbundet Sites-nettsted\",\"potentialAction\":[{\"@type\":\"SearchAction\",\"target\":{\"@type\":\"EntryPoint\",\"urlTemplate\":\"https:\/\/naturvernforbundet.no\/telemark\/?s={search_term_string}\"},\"query-input\":{\"@type\":\"PropertyValueSpecification\",\"valueRequired\":true,\"valueName\":\"search_term_string\"}}],\"inLanguage\":\"nb-NO\"},{\"@type\":\"Person\",\"@id\":\"https:\/\/naturvernforbundet.no\/telemark\/#\/schema\/person\/885615c6a7a845252883be42a5f45d72\",\"name\":\"odinthune\",\"image\":{\"@type\":\"ImageObject\",\"inLanguage\":\"nb-NO\",\"@id\":\"https:\/\/naturvernforbundet.no\/telemark\/#\/schema\/person\/image\/\",\"url\":\"https:\/\/secure.gravatar.com\/avatar\/8c189ca28a1be9b2756393af89316222?s=96&d=mm&r=g\",\"contentUrl\":\"https:\/\/secure.gravatar.com\/avatar\/8c189ca28a1be9b2756393af89316222?s=96&d=mm&r=g\",\"caption\":\"odinthune\"},\"url\":\"https:\/\/naturvernforbundet.no\/telemark\/author\/odinthune\/\"}]}<\/script>\n<!-- \/ Yoast SEO plugin. -->","yoast_head_json":{"title":"Bunestoppen \u2013 en pr\u00f8vestein for norsk naturforvaltning - Telemark","robots":{"index":"index","follow":"follow","max-snippet":"max-snippet:-1","max-image-preview":"max-image-preview:large","max-video-preview":"max-video-preview:-1"},"canonical":"https:\/\/naturvernforbundet.no\/telemark\/bunestoppen-en-provestein-for-norsk-naturforvaltning\/","og_locale":"nb_NO","og_type":"article","og_title":"Bunestoppen \u2013 en pr\u00f8vestein for norsk naturforvaltning - Telemark","og_description":"Tirsdag 1. september starter rettssaken om Bunestoppen i Oslo tingrett. Bamble kommune har valgt \u00e5 stevne staten etter at Kommunal- og distriktsdepartementet (KDD) den 22. oktober 2024 omgjorde Statsforvalterens tidligere vedtak i saken.\u00a0","og_url":"https:\/\/naturvernforbundet.no\/telemark\/bunestoppen-en-provestein-for-norsk-naturforvaltning\/","og_site_name":"Telemark","article_published_time":"2026-08-31T09:32:10+00:00","article_modified_time":"2026-08-31T09:32:11+00:00","og_image":[{"width":2560,"height":1696,"url":"https:\/\/naturvernforbundet.no\/content\/uploads\/sites\/18\/2022\/10\/DSC_0006-scaled.jpg","type":"image\/jpeg"}],"author":"odinthune","twitter_card":"summary_large_image","twitter_misc":{"Skrevet av":"odinthune","Ansl. lesetid":"5 minutter"},"schema":{"@context":"https:\/\/schema.org","@graph":[{"@type":"WebPage","@id":"https:\/\/naturvernforbundet.no\/telemark\/bunestoppen-en-provestein-for-norsk-naturforvaltning\/","url":"https:\/\/naturvernforbundet.no\/telemark\/bunestoppen-en-provestein-for-norsk-naturforvaltning\/","name":"Bunestoppen \u2013 en pr\u00f8vestein for norsk naturforvaltning - Telemark","isPartOf":{"@id":"https:\/\/naturvernforbundet.no\/telemark\/#website"},"primaryImageOfPage":{"@id":"https:\/\/naturvernforbundet.no\/telemark\/bunestoppen-en-provestein-for-norsk-naturforvaltning\/#primaryimage"},"image":{"@id":"https:\/\/naturvernforbundet.no\/telemark\/bunestoppen-en-provestein-for-norsk-naturforvaltning\/#primaryimage"},"thumbnailUrl":"https:\/\/naturvernforbundet.no\/content\/uploads\/sites\/18\/2022\/10\/DSC_0006-scaled.jpg","datePublished":"2026-08-31T09:32:10+00:00","dateModified":"2026-08-31T09:32:11+00:00","author":{"@id":"https:\/\/naturvernforbundet.no\/telemark\/#\/schema\/person\/885615c6a7a845252883be42a5f45d72"},"breadcrumb":{"@id":"https:\/\/naturvernforbundet.no\/telemark\/bunestoppen-en-provestein-for-norsk-naturforvaltning\/#breadcrumb"},"inLanguage":"nb-NO","potentialAction":[{"@type":"ReadAction","target":["https:\/\/naturvernforbundet.no\/telemark\/bunestoppen-en-provestein-for-norsk-naturforvaltning\/"]}]},{"@type":"ImageObject","inLanguage":"nb-NO","@id":"https:\/\/naturvernforbundet.no\/telemark\/bunestoppen-en-provestein-for-norsk-naturforvaltning\/#primaryimage","url":"https:\/\/naturvernforbundet.no\/content\/uploads\/sites\/18\/2022\/10\/DSC_0006-scaled.jpg","contentUrl":"https:\/\/naturvernforbundet.no\/content\/uploads\/sites\/18\/2022\/10\/DSC_0006-scaled.jpg","width":2560,"height":1696,"caption":"Bunestoppen"},{"@type":"BreadcrumbList","@id":"https:\/\/naturvernforbundet.no\/telemark\/bunestoppen-en-provestein-for-norsk-naturforvaltning\/#breadcrumb","itemListElement":[{"@type":"ListItem","position":1,"name":"Till naturvernforbundet.no","item":"https:\/\/naturvernforbundet.no\/"},{"@type":"ListItem","position":2,"name":"Telemark","item":"https:\/\/naturvernforbundet.no\/telemark\/"},{"@type":"ListItem","position":3,"name":"Grenland","item":"https:\/\/naturvernforbundet.no\/telemark\/lokallag\/grenland\/"},{"@type":"ListItem","position":4,"name":"Bunestoppen \u2013 en pr\u00f8vestein for norsk naturforvaltning"}]},{"@type":"WebSite","@id":"https:\/\/naturvernforbundet.no\/telemark\/#website","url":"https:\/\/naturvernforbundet.no\/telemark\/","name":"Telemark","description":"Bare enda et Naturvernforbundet Sites-nettsted","potentialAction":[{"@type":"SearchAction","target":{"@type":"EntryPoint","urlTemplate":"https:\/\/naturvernforbundet.no\/telemark\/?s={search_term_string}"},"query-input":{"@type":"PropertyValueSpecification","valueRequired":true,"valueName":"search_term_string"}}],"inLanguage":"nb-NO"},{"@type":"Person","@id":"https:\/\/naturvernforbundet.no\/telemark\/#\/schema\/person\/885615c6a7a845252883be42a5f45d72","name":"odinthune","image":{"@type":"ImageObject","inLanguage":"nb-NO","@id":"https:\/\/naturvernforbundet.no\/telemark\/#\/schema\/person\/image\/","url":"https:\/\/secure.gravatar.com\/avatar\/8c189ca28a1be9b2756393af89316222?s=96&d=mm&r=g","contentUrl":"https:\/\/secure.gravatar.com\/avatar\/8c189ca28a1be9b2756393af89316222?s=96&d=mm&r=g","caption":"odinthune"},"url":"https:\/\/naturvernforbundet.no\/telemark\/author\/odinthune\/"}]}},"_links":{"self":[{"href":"https:\/\/naturvernforbundet.no\/telemark\/wp-json\/wp\/v2\/posts\/1010","targetHints":{"allow":["GET"]}}],"collection":[{"href":"https:\/\/naturvernforbundet.no\/telemark\/wp-json\/wp\/v2\/posts"}],"about":[{"href":"https:\/\/naturvernforbundet.no\/telemark\/wp-json\/wp\/v2\/types\/post"}],"author":[{"embeddable":true,"href":"https:\/\/naturvernforbundet.no\/telemark\/wp-json\/wp\/v2\/users\/349"}],"replies":[{"embeddable":true,"href":"https:\/\/naturvernforbundet.no\/telemark\/wp-json\/wp\/v2\/comments?post=1010"}],"version-history":[{"count":1,"href":"https:\/\/naturvernforbundet.no\/telemark\/wp-json\/wp\/v2\/posts\/1010\/revisions"}],"predecessor-version":[{"id":1011,"href":"https:\/\/naturvernforbundet.no\/telemark\/wp-json\/wp\/v2\/posts\/1010\/revisions\/1011"}],"wp:featuredmedia":[{"embeddable":true,"href":"https:\/\/naturvernforbundet.no\/telemark\/wp-json\/wp\/v2\/media\/112"}],"wp:attachment":[{"href":"https:\/\/naturvernforbundet.no\/telemark\/wp-json\/wp\/v2\/media?parent=1010"}],"wp:term":[{"taxonomy":"category","embeddable":true,"href":"https:\/\/naturvernforbundet.no\/telemark\/wp-json\/wp\/v2\/categories?post=1010"},{"taxonomy":"post_tag","embeddable":true,"href":"https:\/\/naturvernforbundet.no\/telemark\/wp-json\/wp\/v2\/tags?post=1010"},{"taxonomy":"local","embeddable":true,"href":"https:\/\/naturvernforbundet.no\/telemark\/wp-json\/wp\/v2\/local?post=1010"}],"curies":[{"name":"wp","href":"https:\/\/api.w.org\/{rel}","templated":true}]}}