{"id":1014,"date":"2026-09-02T10:06:18","date_gmt":"2026-09-02T08:06:18","guid":{"rendered":"https:\/\/naturvernforbundet.no\/telemark\/?p=1014"},"modified":"2026-09-02T10:06:18","modified_gmt":"2026-09-02T08:06:18","slug":"naturvernforbundet-ber-nve-avsla-soknad-om-lureelva-kraftverk-i-tinn","status":"publish","type":"post","link":"https:\/\/naturvernforbundet.no\/telemark\/naturvernforbundet-ber-nve-avsla-soknad-om-lureelva-kraftverk-i-tinn\/","title":{"rendered":"Naturvernforbundet ber NVE avsl\u00e5 s\u00f8knad om Lureelva kraftverk i Tinn"},"content":{"rendered":"\t<div class=\"template-post alignnone wp-block-naturvern-hero\">\n\t\t<div class=\"hero__inner\">\n\t\t\t<div class=\"hero__inner_blocks\">\n\t\t\t\t\t\t\t\t\n<h1 class=\"wp-block-post-title\">Naturvernforbundet ber NVE avsl\u00e5 s\u00f8knad om Lureelva kraftverk i Tinn<\/h1>\n\n<div class=\"wp-block-post-excerpt\"><p class=\"wp-block-post-excerpt__excerpt\">Naturvernforbundet \u00d8st-Telemark og Naturvernforbundet i Telemark har sendt h\u00f8ringsuttalelse til konsesjonss\u00f8knaden fra Lure Kraft AS\/Tinfos AS om bygging av Lureelva kraftverk i Tinn kommune, og ber NVE avsl\u00e5 s\u00f8knaden <\/p><\/div>\n\n<figure class=\"wp-block-post-featured-image\"><img loading=\"lazy\" decoding=\"async\" width=\"1920\" height=\"2560\" src=\"https:\/\/naturvernforbundet.no\/content\/uploads\/sites\/18\/2026\/09\/Lurefossen-8-26-scaled.jpeg\" class=\"attachment-post-thumbnail size-post-thumbnail wp-post-image\" alt=\"\" style=\"object-fit:cover;\" srcset=\"https:\/\/naturvernforbundet.no\/content\/uploads\/sites\/18\/2026\/09\/Lurefossen-8-26-scaled.jpeg 1920w, https:\/\/naturvernforbundet.no\/content\/uploads\/sites\/18\/2026\/09\/Lurefossen-8-26-225x300.jpeg 225w, https:\/\/naturvernforbundet.no\/content\/uploads\/sites\/18\/2026\/09\/Lurefossen-8-26-768x1024.jpeg 768w, https:\/\/naturvernforbundet.no\/content\/uploads\/sites\/18\/2026\/09\/Lurefossen-8-26-1152x1536.jpeg 1152w, https:\/\/naturvernforbundet.no\/content\/uploads\/sites\/18\/2026\/09\/Lurefossen-8-26-1536x2048.jpeg 1536w, https:\/\/naturvernforbundet.no\/content\/uploads\/sites\/18\/2026\/09\/Lurefossen-8-26-1440x1920.jpeg 1440w\" sizes=\"auto, (max-width: 1920px) 100vw, 1920px\" \/><\/figure>\n\t\t\t<\/div>\n\t\t\t\t\t<\/div>\n\t\t\t<\/div>\n\t\n\n\n<p>Lure er et sidevassdrag til det vernede Austbygd\u00e5vassdraget (verneplan II, 1980). Planlagt installert effekt er 999 kW, rett under grensa p\u00e5 1 MW som Stortinget i 2005 \u00e5pnet for i vernede vassdrag. Kraftverket er estimert til \u00e5 produsere 5,6 GWh\/\u00e5r, tilsvarende 280 husstander, eller 0,13 prosent av Tinns kraftproduksjon p\u00e5 4,2 TWh\/\u00e5r.<\/p>\n\n\n\n<p><strong>Naturvernforbundet mener s\u00f8knaden undervurderer konsekvensene:<\/strong> Vannf\u00f8ringsreduksjonen kan i sommerhalv\u00e5ret bli opptil 58 prosent, ikke 17 som oppgitt. Deler av elva er ikke kartlagt for arter, kunnskapen om fugl og pattedyr er mangelfull, og Lurefossen, en 15\u201330 meter bred foss trukket fram som viktig landskapselement i NVEs eget VVV-prosjekt, samt Lure kulturminneomr\u00e5de vil bli svekket.<\/p>\n\n\n\n<p>S\u00f8knaden b\u00f8r bli avsl\u00e5tt, konkluderer Naturvernforbundet.<\/p>\n\n\n\n<p><\/p>\n","protected":false},"excerpt":{"rendered":"<p>Naturvernforbundet \u00d8st-Telemark og Naturvernforbundet i Telemark har sendt h\u00f8ringsuttalelse til konsesjonss\u00f8knaden fra Lure Kraft AS\/Tinfos AS om bygging av Lureelva kraftverk i Tinn kommune, og ber NVE avsl\u00e5 s\u00f8knaden<\/p>\n","protected":false},"author":349,"featured_media":1015,"comment_status":"closed","ping_status":"closed","sticky":false,"template":"","format":"standard","meta":{"_relevanssi_hide_post":"","_relevanssi_hide_content":"","_relevanssi_pin_for_all":"","_relevanssi_pin_keywords":"","_relevanssi_unpin_keywords":"","_relevanssi_related_keywords":"","_relevanssi_related_include_ids":"","_relevanssi_related_exclude_ids":"","_relevanssi_related_no_append":"","_relevanssi_related_not_related":"","_relevanssi_related_posts":"150,73,495,200,37,72","_relevanssi_noindex_reason":"","hide_logo":false,"footnotes":"","_members_access_role":[],"_members_access_error":""},"categories":[1],"tags":[],"local":[8],"class_list":["post-1014","post","type-post","status-publish","format-standard","has-post-thumbnail","hentry","category-ukategorisert","local-ost-telemark"],"acf":[],"yoast_head":"<!-- This site is optimized with the Yoast SEO plugin v24.9 - https:\/\/yoast.com\/wordpress\/plugins\/seo\/ -->\n<title>Naturvernforbundet ber NVE avsl\u00e5 s\u00f8knad om Lureelva kraftverk i Tinn - Telemark<\/title>\n<meta name=\"robots\" content=\"index, follow, max-snippet:-1, max-image-preview:large, max-video-preview:-1\" \/>\n<link rel=\"canonical\" href=\"https:\/\/naturvernforbundet.no\/telemark\/naturvernforbundet-ber-nve-avsla-soknad-om-lureelva-kraftverk-i-tinn\/\" \/>\n<meta property=\"og:locale\" content=\"nb_NO\" \/>\n<meta property=\"og:type\" content=\"article\" \/>\n<meta property=\"og:title\" content=\"Naturvernforbundet ber NVE avsl\u00e5 s\u00f8knad om Lureelva kraftverk i Tinn - Telemark\" \/>\n<meta property=\"og:description\" content=\"Naturvernforbundet \u00d8st-Telemark og Naturvernforbundet i Telemark har sendt h\u00f8ringsuttalelse til konsesjonss\u00f8knaden fra Lure Kraft AS\/Tinfos AS om bygging av Lureelva kraftverk i Tinn kommune, og ber NVE avsl\u00e5 s\u00f8knaden\" \/>\n<meta property=\"og:url\" content=\"https:\/\/naturvernforbundet.no\/telemark\/naturvernforbundet-ber-nve-avsla-soknad-om-lureelva-kraftverk-i-tinn\/\" \/>\n<meta property=\"og:site_name\" content=\"Telemark\" \/>\n<meta property=\"article:published_time\" content=\"2026-09-02T08:06:18+00:00\" \/>\n<meta property=\"og:image\" content=\"https:\/\/naturvernforbundet.no\/content\/uploads\/sites\/18\/2026\/09\/Lurefossen-8-26-scaled.jpeg\" \/>\n\t<meta property=\"og:image:width\" content=\"1920\" \/>\n\t<meta property=\"og:image:height\" content=\"2560\" \/>\n\t<meta property=\"og:image:type\" content=\"image\/jpeg\" \/>\n<meta name=\"author\" content=\"odinthune\" \/>\n<meta name=\"twitter:card\" content=\"summary_large_image\" \/>\n<meta name=\"twitter:label1\" content=\"Skrevet av\" \/>\n\t<meta name=\"twitter:data1\" content=\"odinthune\" \/>\n\t<meta name=\"twitter:label2\" content=\"Ansl. lesetid\" \/>\n\t<meta name=\"twitter:data2\" content=\"1 minutt\" \/>\n<script type=\"application\/ld+json\" class=\"yoast-schema-graph\">{\"@context\":\"https:\/\/schema.org\",\"@graph\":[{\"@type\":\"WebPage\",\"@id\":\"https:\/\/naturvernforbundet.no\/telemark\/naturvernforbundet-ber-nve-avsla-soknad-om-lureelva-kraftverk-i-tinn\/\",\"url\":\"https:\/\/naturvernforbundet.no\/telemark\/naturvernforbundet-ber-nve-avsla-soknad-om-lureelva-kraftverk-i-tinn\/\",\"name\":\"Naturvernforbundet ber NVE avsl\u00e5 s\u00f8knad om Lureelva kraftverk i Tinn - Telemark\",\"isPartOf\":{\"@id\":\"https:\/\/naturvernforbundet.no\/telemark\/#website\"},\"primaryImageOfPage\":{\"@id\":\"https:\/\/naturvernforbundet.no\/telemark\/naturvernforbundet-ber-nve-avsla-soknad-om-lureelva-kraftverk-i-tinn\/#primaryimage\"},\"image\":{\"@id\":\"https:\/\/naturvernforbundet.no\/telemark\/naturvernforbundet-ber-nve-avsla-soknad-om-lureelva-kraftverk-i-tinn\/#primaryimage\"},\"thumbnailUrl\":\"https:\/\/naturvernforbundet.no\/content\/uploads\/sites\/18\/2026\/09\/Lurefossen-8-26-scaled.jpeg\",\"datePublished\":\"2026-09-02T08:06:18+00:00\",\"author\":{\"@id\":\"https:\/\/naturvernforbundet.no\/telemark\/#\/schema\/person\/885615c6a7a845252883be42a5f45d72\"},\"breadcrumb\":{\"@id\":\"https:\/\/naturvernforbundet.no\/telemark\/naturvernforbundet-ber-nve-avsla-soknad-om-lureelva-kraftverk-i-tinn\/#breadcrumb\"},\"inLanguage\":\"nb-NO\",\"potentialAction\":[{\"@type\":\"ReadAction\",\"target\":[\"https:\/\/naturvernforbundet.no\/telemark\/naturvernforbundet-ber-nve-avsla-soknad-om-lureelva-kraftverk-i-tinn\/\"]}]},{\"@type\":\"ImageObject\",\"inLanguage\":\"nb-NO\",\"@id\":\"https:\/\/naturvernforbundet.no\/telemark\/naturvernforbundet-ber-nve-avsla-soknad-om-lureelva-kraftverk-i-tinn\/#primaryimage\",\"url\":\"https:\/\/naturvernforbundet.no\/content\/uploads\/sites\/18\/2026\/09\/Lurefossen-8-26-scaled.jpeg\",\"contentUrl\":\"https:\/\/naturvernforbundet.no\/content\/uploads\/sites\/18\/2026\/09\/Lurefossen-8-26-scaled.jpeg\",\"width\":1920,\"height\":2560,\"caption\":\"Foto: Rupert Derben\"},{\"@type\":\"BreadcrumbList\",\"@id\":\"https:\/\/naturvernforbundet.no\/telemark\/naturvernforbundet-ber-nve-avsla-soknad-om-lureelva-kraftverk-i-tinn\/#breadcrumb\",\"itemListElement\":[{\"@type\":\"ListItem\",\"position\":1,\"name\":\"Till naturvernforbundet.no\",\"item\":\"https:\/\/naturvernforbundet.no\/\"},{\"@type\":\"ListItem\",\"position\":2,\"name\":\"Telemark\",\"item\":\"https:\/\/naturvernforbundet.no\/telemark\/\"},{\"@type\":\"ListItem\",\"position\":3,\"name\":\"\u00d8st-Telemark\",\"item\":\"https:\/\/naturvernforbundet.no\/telemark\/lokallag\/ost-telemark\/\"},{\"@type\":\"ListItem\",\"position\":4,\"name\":\"Naturvernforbundet ber NVE avsl\u00e5 s\u00f8knad om Lureelva kraftverk i Tinn\"}]},{\"@type\":\"WebSite\",\"@id\":\"https:\/\/naturvernforbundet.no\/telemark\/#website\",\"url\":\"https:\/\/naturvernforbundet.no\/telemark\/\",\"name\":\"Telemark\",\"description\":\"Bare enda et Naturvernforbundet Sites-nettsted\",\"potentialAction\":[{\"@type\":\"SearchAction\",\"target\":{\"@type\":\"EntryPoint\",\"urlTemplate\":\"https:\/\/naturvernforbundet.no\/telemark\/?s={search_term_string}\"},\"query-input\":{\"@type\":\"PropertyValueSpecification\",\"valueRequired\":true,\"valueName\":\"search_term_string\"}}],\"inLanguage\":\"nb-NO\"},{\"@type\":\"Person\",\"@id\":\"https:\/\/naturvernforbundet.no\/telemark\/#\/schema\/person\/885615c6a7a845252883be42a5f45d72\",\"name\":\"odinthune\",\"image\":{\"@type\":\"ImageObject\",\"inLanguage\":\"nb-NO\",\"@id\":\"https:\/\/naturvernforbundet.no\/telemark\/#\/schema\/person\/image\/\",\"url\":\"https:\/\/secure.gravatar.com\/avatar\/8c189ca28a1be9b2756393af89316222?s=96&d=mm&r=g\",\"contentUrl\":\"https:\/\/secure.gravatar.com\/avatar\/8c189ca28a1be9b2756393af89316222?s=96&d=mm&r=g\",\"caption\":\"odinthune\"},\"url\":\"https:\/\/naturvernforbundet.no\/telemark\/author\/odinthune\/\"}]}<\/script>\n<!-- \/ Yoast SEO plugin. -->","yoast_head_json":{"title":"Naturvernforbundet ber NVE avsl\u00e5 s\u00f8knad om Lureelva kraftverk i Tinn - Telemark","robots":{"index":"index","follow":"follow","max-snippet":"max-snippet:-1","max-image-preview":"max-image-preview:large","max-video-preview":"max-video-preview:-1"},"canonical":"https:\/\/naturvernforbundet.no\/telemark\/naturvernforbundet-ber-nve-avsla-soknad-om-lureelva-kraftverk-i-tinn\/","og_locale":"nb_NO","og_type":"article","og_title":"Naturvernforbundet ber NVE avsl\u00e5 s\u00f8knad om Lureelva kraftverk i Tinn - Telemark","og_description":"Naturvernforbundet \u00d8st-Telemark og Naturvernforbundet i Telemark har sendt h\u00f8ringsuttalelse til konsesjonss\u00f8knaden fra Lure Kraft AS\/Tinfos AS om bygging av Lureelva kraftverk i Tinn kommune, og ber NVE avsl\u00e5 s\u00f8knaden","og_url":"https:\/\/naturvernforbundet.no\/telemark\/naturvernforbundet-ber-nve-avsla-soknad-om-lureelva-kraftverk-i-tinn\/","og_site_name":"Telemark","article_published_time":"2026-09-02T08:06:18+00:00","og_image":[{"width":1920,"height":2560,"url":"https:\/\/naturvernforbundet.no\/content\/uploads\/sites\/18\/2026\/09\/Lurefossen-8-26-scaled.jpeg","type":"image\/jpeg"}],"author":"odinthune","twitter_card":"summary_large_image","twitter_misc":{"Skrevet av":"odinthune","Ansl. lesetid":"1 minutt"},"schema":{"@context":"https:\/\/schema.org","@graph":[{"@type":"WebPage","@id":"https:\/\/naturvernforbundet.no\/telemark\/naturvernforbundet-ber-nve-avsla-soknad-om-lureelva-kraftverk-i-tinn\/","url":"https:\/\/naturvernforbundet.no\/telemark\/naturvernforbundet-ber-nve-avsla-soknad-om-lureelva-kraftverk-i-tinn\/","name":"Naturvernforbundet ber NVE avsl\u00e5 s\u00f8knad om Lureelva kraftverk i Tinn - Telemark","isPartOf":{"@id":"https:\/\/naturvernforbundet.no\/telemark\/#website"},"primaryImageOfPage":{"@id":"https:\/\/naturvernforbundet.no\/telemark\/naturvernforbundet-ber-nve-avsla-soknad-om-lureelva-kraftverk-i-tinn\/#primaryimage"},"image":{"@id":"https:\/\/naturvernforbundet.no\/telemark\/naturvernforbundet-ber-nve-avsla-soknad-om-lureelva-kraftverk-i-tinn\/#primaryimage"},"thumbnailUrl":"https:\/\/naturvernforbundet.no\/content\/uploads\/sites\/18\/2026\/09\/Lurefossen-8-26-scaled.jpeg","datePublished":"2026-09-02T08:06:18+00:00","author":{"@id":"https:\/\/naturvernforbundet.no\/telemark\/#\/schema\/person\/885615c6a7a845252883be42a5f45d72"},"breadcrumb":{"@id":"https:\/\/naturvernforbundet.no\/telemark\/naturvernforbundet-ber-nve-avsla-soknad-om-lureelva-kraftverk-i-tinn\/#breadcrumb"},"inLanguage":"nb-NO","potentialAction":[{"@type":"ReadAction","target":["https:\/\/naturvernforbundet.no\/telemark\/naturvernforbundet-ber-nve-avsla-soknad-om-lureelva-kraftverk-i-tinn\/"]}]},{"@type":"ImageObject","inLanguage":"nb-NO","@id":"https:\/\/naturvernforbundet.no\/telemark\/naturvernforbundet-ber-nve-avsla-soknad-om-lureelva-kraftverk-i-tinn\/#primaryimage","url":"https:\/\/naturvernforbundet.no\/content\/uploads\/sites\/18\/2026\/09\/Lurefossen-8-26-scaled.jpeg","contentUrl":"https:\/\/naturvernforbundet.no\/content\/uploads\/sites\/18\/2026\/09\/Lurefossen-8-26-scaled.jpeg","width":1920,"height":2560,"caption":"Foto: Rupert Derben"},{"@type":"BreadcrumbList","@id":"https:\/\/naturvernforbundet.no\/telemark\/naturvernforbundet-ber-nve-avsla-soknad-om-lureelva-kraftverk-i-tinn\/#breadcrumb","itemListElement":[{"@type":"ListItem","position":1,"name":"Till naturvernforbundet.no","item":"https:\/\/naturvernforbundet.no\/"},{"@type":"ListItem","position":2,"name":"Telemark","item":"https:\/\/naturvernforbundet.no\/telemark\/"},{"@type":"ListItem","position":3,"name":"\u00d8st-Telemark","item":"https:\/\/naturvernforbundet.no\/telemark\/lokallag\/ost-telemark\/"},{"@type":"ListItem","position":4,"name":"Naturvernforbundet ber NVE avsl\u00e5 s\u00f8knad om Lureelva kraftverk i Tinn"}]},{"@type":"WebSite","@id":"https:\/\/naturvernforbundet.no\/telemark\/#website","url":"https:\/\/naturvernforbundet.no\/telemark\/","name":"Telemark","description":"Bare enda et Naturvernforbundet Sites-nettsted","potentialAction":[{"@type":"SearchAction","target":{"@type":"EntryPoint","urlTemplate":"https:\/\/naturvernforbundet.no\/telemark\/?s={search_term_string}"},"query-input":{"@type":"PropertyValueSpecification","valueRequired":true,"valueName":"search_term_string"}}],"inLanguage":"nb-NO"},{"@type":"Person","@id":"https:\/\/naturvernforbundet.no\/telemark\/#\/schema\/person\/885615c6a7a845252883be42a5f45d72","name":"odinthune","image":{"@type":"ImageObject","inLanguage":"nb-NO","@id":"https:\/\/naturvernforbundet.no\/telemark\/#\/schema\/person\/image\/","url":"https:\/\/secure.gravatar.com\/avatar\/8c189ca28a1be9b2756393af89316222?s=96&d=mm&r=g","contentUrl":"https:\/\/secure.gravatar.com\/avatar\/8c189ca28a1be9b2756393af89316222?s=96&d=mm&r=g","caption":"odinthune"},"url":"https:\/\/naturvernforbundet.no\/telemark\/author\/odinthune\/"}]}},"_links":{"self":[{"href":"https:\/\/naturvernforbundet.no\/telemark\/wp-json\/wp\/v2\/posts\/1014","targetHints":{"allow":["GET"]}}],"collection":[{"href":"https:\/\/naturvernforbundet.no\/telemark\/wp-json\/wp\/v2\/posts"}],"about":[{"href":"https:\/\/naturvernforbundet.no\/telemark\/wp-json\/wp\/v2\/types\/post"}],"author":[{"embeddable":true,"href":"https:\/\/naturvernforbundet.no\/telemark\/wp-json\/wp\/v2\/users\/349"}],"replies":[{"embeddable":true,"href":"https:\/\/naturvernforbundet.no\/telemark\/wp-json\/wp\/v2\/comments?post=1014"}],"version-history":[{"count":1,"href":"https:\/\/naturvernforbundet.no\/telemark\/wp-json\/wp\/v2\/posts\/1014\/revisions"}],"predecessor-version":[{"id":1016,"href":"https:\/\/naturvernforbundet.no\/telemark\/wp-json\/wp\/v2\/posts\/1014\/revisions\/1016"}],"wp:featuredmedia":[{"embeddable":true,"href":"https:\/\/naturvernforbundet.no\/telemark\/wp-json\/wp\/v2\/media\/1015"}],"wp:attachment":[{"href":"https:\/\/naturvernforbundet.no\/telemark\/wp-json\/wp\/v2\/media?parent=1014"}],"wp:term":[{"taxonomy":"category","embeddable":true,"href":"https:\/\/naturvernforbundet.no\/telemark\/wp-json\/wp\/v2\/categories?post=1014"},{"taxonomy":"post_tag","embeddable":true,"href":"https:\/\/naturvernforbundet.no\/telemark\/wp-json\/wp\/v2\/tags?post=1014"},{"taxonomy":"local","embeddable":true,"href":"https:\/\/naturvernforbundet.no\/telemark\/wp-json\/wp\/v2\/local?post=1014"}],"curies":[{"name":"wp","href":"https:\/\/api.w.org\/{rel}","templated":true}]}}