{"id":949,"date":"2026-04-16T13:23:55","date_gmt":"2026-04-16T11:23:55","guid":{"rendered":"https:\/\/naturvernforbundet.no\/telemark\/?p=949"},"modified":"2026-04-16T13:23:56","modified_gmt":"2026-04-16T11:23:56","slug":"datasenter-i-fyresdal","status":"publish","type":"post","link":"https:\/\/naturvernforbundet.no\/telemark\/datasenter-i-fyresdal\/","title":{"rendered":"Datasenter i Fyresdal"},"content":{"rendered":"\t<div class=\"template-post alignnone wp-block-naturvern-hero\">\n\t\t<div class=\"hero__inner\">\n\t\t\t<div class=\"hero__inner_blocks\">\n\t\t\t\t\t\t\t\t\n<h1 class=\"wp-block-post-title\">Datasenter i Fyresdal<\/h1>\n\n<div class=\"wp-block-post-excerpt\"><p class=\"wp-block-post-excerpt__excerpt\">Bryggeparken &#8211; Prestestr\u00e5nda \u2013 Moland kyrkje og kyrkjegard \u2013 dyrka mark.Alt dette b\u00f8r nedprioriterast for \u00e5 f\u00e5 datasenter-hotell, meiner eit einstemmig kommunestyre i Fyresdal! <\/p><\/div>\n\n<figure class=\"wp-block-post-featured-image\"><img loading=\"lazy\" decoding=\"async\" width=\"1920\" height=\"1080\" src=\"https:\/\/naturvernforbundet.no\/content\/uploads\/sites\/18\/2026\/04\/02eN4oxs35rfuQI643FIsADTdG45T6ZWkBgQAXVPghEw.webp\" class=\"attachment-post-thumbnail size-post-thumbnail wp-post-image\" alt=\"\" style=\"object-fit:cover;\" srcset=\"https:\/\/naturvernforbundet.no\/content\/uploads\/sites\/18\/2026\/04\/02eN4oxs35rfuQI643FIsADTdG45T6ZWkBgQAXVPghEw.webp 1920w, https:\/\/naturvernforbundet.no\/content\/uploads\/sites\/18\/2026\/04\/02eN4oxs35rfuQI643FIsADTdG45T6ZWkBgQAXVPghEw-300x169.webp 300w, https:\/\/naturvernforbundet.no\/content\/uploads\/sites\/18\/2026\/04\/02eN4oxs35rfuQI643FIsADTdG45T6ZWkBgQAXVPghEw-1024x576.webp 1024w, https:\/\/naturvernforbundet.no\/content\/uploads\/sites\/18\/2026\/04\/02eN4oxs35rfuQI643FIsADTdG45T6ZWkBgQAXVPghEw-768x432.webp 768w, https:\/\/naturvernforbundet.no\/content\/uploads\/sites\/18\/2026\/04\/02eN4oxs35rfuQI643FIsADTdG45T6ZWkBgQAXVPghEw-1536x864.webp 1536w\" sizes=\"auto, (max-width: 1920px) 100vw, 1920px\" \/><\/figure>\n\t\t\t<\/div>\n\t\t\t\t\t<\/div>\n\t\t\t<\/div>\n\t\n\n\n<p>Foto: Hans Philip Hofgaard \/ NRK<\/p>\n\n\n\n<p>Kommentarar fr\u00e5 Naturvernforbundet i Vest-Telemark (NVVT).<\/p>\n\n\n\n<p><strong>Ordf\u00f8rar st\u00e5r p\u00e5 for \u00e5 verkleggjere draumen han har for Fyresdal \u2013 og n\u00e5 med st\u00f8tte fr\u00e5 heile kommunestyret. Draumen om \u00e5 endre Fyresdal \u00abgodt og grundig\u00bb, gjeng fram med akselrerarande hastighet. Naturlegvis s\u00e5 kan ein ikkje bry seg s\u00e5 mykje om \u00e5pne demokratiske prosessar. Dvs. intensjonane til eit velfungerande demokrati.<\/strong><\/p>\n\n\n\n<p>N\u00e5 skal det bli det slutt p\u00e5 den forferdlege forgubbinga i Fyresdal (uttala av ordf\u00f8rar) \u2013 godt d\u00e5 at pensjonistane kan brukast som anleggsarbeidarar p\u00e5 datasentertomta \u2013 f\u00f8r dei bankar p\u00e5 dynna til omsorgssenteret. Dette er jau vinn vinn for alle &#8211; dobbell\u00f8nn for pensonistane \u2013 pensjon og l\u00f8nn fr\u00e5 Nordby maskin, samtidig som ordf\u00f8rar kan \u00abskryte av\u00bb at dei fleste som jobbar p\u00e5 datasentertomta n\u00e5 &#8211; er fr\u00e5 Fyresdal.<\/p>\n\n\n\n<p>Det er jau godt at pensjonistane kan brukast til noko \u00abkonstruktivt\u00bb\u2013 i tillegg til \u00e5 bidra med forgubbing. Til n\u00e5 har eg skrive fakta med eit lite innslag av ironi. N\u00e5 skiftar vi \u00abtonen\u00bb i innlegget til kun usensurera fakta.<\/p>\n\n\n\n<p>NVVT gje ros til styret i SV for innlegget i VTB! Veldig bra at nokon st\u00e5r \u00e5pent fram opp mot dette vedtaket i kommunestyret &#8211; viser engasjement. Engasjement er avgjerande \u2013 d\u00e5 kan vi presse fram endringar<\/p>\n\n\n\n<p>Det vil vere tragisk om kommunen f\u00e5r omgjort dette omr\u00e5det \u2013 til hotell- og hotellomr\u00e5de. Dette er eit verna friluftsomr\u00e5de! Med b\u00e5de store gamle furutre, badestr\u00e5nd, kyrkje og kyrkjegard, eit levande kulturlandskap,eit verna natur- og friluftsomr\u00e5de og dyrka mark.<\/p>\n\n\n\n<p>Det kan ikkje endrast med eit vedtak i eit kommunestyrm\u00f8te \u2013 utan nokon form for prosess i forkant. Utover at adm. og nokre f\u00e5 politikarar har \u00abjobba med det i ei god tid\u00bb. Uttale fr\u00e5 kommunen i VTB.<\/p>\n\n\n\n<p>NVVT registrerar ogs\u00e5 ei anna sak som var oppe i dette kommunestyrm\u00f8tet.<\/p>\n\n\n\n<p><strong>Amsterdam &#8211; turen til 8 politikarar og 4 fr\u00e5 administyrasjonen. Det har kosta mellom 300.000 og 400.000 kr les eg.<\/strong><\/p>\n\n\n\n<p>Er det slik dei f\u00f8rer rekneskap i Fyresdal?<\/p>\n\n\n\n<p>Klarar dei ikkje \u00e5 vere litt meir n\u00f8yaktige?<\/p>\n\n\n\n<p>Er det greit \u00e5 ha eit \u00abslingringsmonn\u00bb p\u00e5 100.000 kr?<\/p>\n\n\n\n<p>NVVT ber om at Fyresdal kommune legg fram eit klart, tydleg spesifisera og n\u00f8yaktig rekneskap p\u00e5 kostnadane for Amsterdam-turen.<\/p>\n\n\n\n<p>Det er viktig \u00e5 vere \u00e5pne p\u00e5 bruken av fellesskapets pengar.<\/p>\n\n\n\n<p>Epilog:<\/p>\n\n\n\n<p>NVVT vil jobbe for at Bryggeparken f\u00e5r best\u00e5 som eit s\u00e6rs viktig verna friluftsomr\u00e5de \u2013 til det beste for fastbuande og tilreisande.<\/p>\n\n\n\n<p>I samarbeid med andre gode krefter i Fyresdal.<\/p>\n\n\n\n<p>Vi treng ikkje n\u00e6ringsverksemd som set krav om hemmleghald for etablering , og vi treng heller ikkje politikarar som argumenterar og benyttar seg av eit slikt hemmleghald, samt utstrakt bruk av hersketeknikkar og maktarroganse.<\/p>\n\n\n\n<p>Dette er u\u00f8nska og skadlege \u00abringverknadar\u00bb og arbeidsmetodar.<\/p>\n\n\n\n<p>Og\u2026.<\/p>\n\n\n\n<p>Sist og kanskje mest alvorleg: Det er farleg for v\u00e5rt demokrati \u2013 slike arbeidsmetodar medf\u00f8rer ei \u00absakte glidning\u00bb mot fr\u00e5ver av demokrati. Det er nok \u00e5 lese nyhetane kvar dag &#8211; for \u00e5 sj\u00e5 farene og konsekvensane av ei slik utvikling!<\/p>\n\n\n\n<p>Torfinn Sanden<\/p>\n\n\n\n<p>Naturvernforbundet i Vest-Telemark<\/p>\n","protected":false},"excerpt":{"rendered":"<p>Bryggeparken &#8211; Prestestr\u00e5nda \u2013 Moland kyrkje og kyrkjegard \u2013 dyrka mark.<\/p>\n<p>Alt dette b\u00f8r nedprioriterast for \u00e5 f\u00e5 datasenter-hotell, meiner eit einstemmig kommunestyre i Fyresdal!<\/p>\n","protected":false},"author":349,"featured_media":950,"comment_status":"closed","ping_status":"closed","sticky":false,"template":"","format":"standard","meta":{"_relevanssi_hide_post":"","_relevanssi_hide_content":"","_relevanssi_pin_for_all":"","_relevanssi_pin_keywords":"","_relevanssi_unpin_keywords":"","_relevanssi_related_keywords":"","_relevanssi_related_include_ids":"","_relevanssi_related_exclude_ids":"","_relevanssi_related_no_append":"","_relevanssi_related_not_related":"","_relevanssi_related_posts":"58,43,162,198,795,519","_relevanssi_noindex_reason":"","hide_logo":false,"footnotes":""},"categories":[1],"tags":[],"local":[],"class_list":["post-949","post","type-post","status-publish","format-standard","has-post-thumbnail","hentry","category-ukategorisert"],"acf":[],"yoast_head":"<!-- This site is optimized with the Yoast SEO plugin v24.9 - https:\/\/yoast.com\/wordpress\/plugins\/seo\/ -->\n<title>Datasenter i Fyresdal - Telemark<\/title>\n<meta name=\"robots\" content=\"index, follow, max-snippet:-1, max-image-preview:large, max-video-preview:-1\" \/>\n<link rel=\"canonical\" href=\"https:\/\/naturvernforbundet.no\/telemark\/datasenter-i-fyresdal\/\" \/>\n<meta property=\"og:locale\" content=\"nb_NO\" \/>\n<meta property=\"og:type\" content=\"article\" \/>\n<meta property=\"og:title\" content=\"Datasenter i Fyresdal - Telemark\" \/>\n<meta property=\"og:description\" content=\"Bryggeparken - Prestestr\u00e5nda \u2013 Moland kyrkje og kyrkjegard \u2013 dyrka mark.Alt dette b\u00f8r nedprioriterast for \u00e5 f\u00e5 datasenter-hotell, meiner eit einstemmig kommunestyre i Fyresdal!\" \/>\n<meta property=\"og:url\" content=\"https:\/\/naturvernforbundet.no\/telemark\/datasenter-i-fyresdal\/\" \/>\n<meta property=\"og:site_name\" content=\"Telemark\" \/>\n<meta property=\"article:published_time\" content=\"2026-04-16T11:23:55+00:00\" \/>\n<meta property=\"article:modified_time\" content=\"2026-04-16T11:23:56+00:00\" \/>\n<meta property=\"og:image\" content=\"https:\/\/naturvernforbundet.no\/content\/uploads\/sites\/18\/2026\/04\/02eN4oxs35rfuQI643FIsADTdG45T6ZWkBgQAXVPghEw.webp\" \/>\n\t<meta property=\"og:image:width\" content=\"1920\" \/>\n\t<meta property=\"og:image:height\" content=\"1080\" \/>\n\t<meta property=\"og:image:type\" content=\"image\/webp\" \/>\n<meta name=\"author\" content=\"odinthune\" \/>\n<meta name=\"twitter:card\" content=\"summary_large_image\" \/>\n<meta name=\"twitter:label1\" content=\"Skrevet av\" \/>\n\t<meta name=\"twitter:data1\" content=\"odinthune\" \/>\n\t<meta name=\"twitter:label2\" content=\"Ansl. lesetid\" \/>\n\t<meta name=\"twitter:data2\" content=\"3 minutter\" \/>\n<script type=\"application\/ld+json\" class=\"yoast-schema-graph\">{\"@context\":\"https:\/\/schema.org\",\"@graph\":[{\"@type\":\"WebPage\",\"@id\":\"https:\/\/naturvernforbundet.no\/telemark\/datasenter-i-fyresdal\/\",\"url\":\"https:\/\/naturvernforbundet.no\/telemark\/datasenter-i-fyresdal\/\",\"name\":\"Datasenter i Fyresdal - Telemark\",\"isPartOf\":{\"@id\":\"https:\/\/naturvernforbundet.no\/telemark\/#website\"},\"primaryImageOfPage\":{\"@id\":\"https:\/\/naturvernforbundet.no\/telemark\/datasenter-i-fyresdal\/#primaryimage\"},\"image\":{\"@id\":\"https:\/\/naturvernforbundet.no\/telemark\/datasenter-i-fyresdal\/#primaryimage\"},\"thumbnailUrl\":\"https:\/\/naturvernforbundet.no\/content\/uploads\/sites\/18\/2026\/04\/02eN4oxs35rfuQI643FIsADTdG45T6ZWkBgQAXVPghEw.webp\",\"datePublished\":\"2026-04-16T11:23:55+00:00\",\"dateModified\":\"2026-04-16T11:23:56+00:00\",\"author\":{\"@id\":\"https:\/\/naturvernforbundet.no\/telemark\/#\/schema\/person\/885615c6a7a845252883be42a5f45d72\"},\"breadcrumb\":{\"@id\":\"https:\/\/naturvernforbundet.no\/telemark\/datasenter-i-fyresdal\/#breadcrumb\"},\"inLanguage\":\"nb-NO\",\"potentialAction\":[{\"@type\":\"ReadAction\",\"target\":[\"https:\/\/naturvernforbundet.no\/telemark\/datasenter-i-fyresdal\/\"]}]},{\"@type\":\"ImageObject\",\"inLanguage\":\"nb-NO\",\"@id\":\"https:\/\/naturvernforbundet.no\/telemark\/datasenter-i-fyresdal\/#primaryimage\",\"url\":\"https:\/\/naturvernforbundet.no\/content\/uploads\/sites\/18\/2026\/04\/02eN4oxs35rfuQI643FIsADTdG45T6ZWkBgQAXVPghEw.webp\",\"contentUrl\":\"https:\/\/naturvernforbundet.no\/content\/uploads\/sites\/18\/2026\/04\/02eN4oxs35rfuQI643FIsADTdG45T6ZWkBgQAXVPghEw.webp\",\"width\":1920,\"height\":1080,\"caption\":\"Foto: Hans Philip Hofgaard \/ NRK\"},{\"@type\":\"BreadcrumbList\",\"@id\":\"https:\/\/naturvernforbundet.no\/telemark\/datasenter-i-fyresdal\/#breadcrumb\",\"itemListElement\":[{\"@type\":\"ListItem\",\"position\":1,\"name\":\"Till naturvernforbundet.no\",\"item\":\"https:\/\/naturvernforbundet.no\/\"},{\"@type\":\"ListItem\",\"position\":2,\"name\":\"Telemark\",\"item\":\"https:\/\/naturvernforbundet.no\/telemark\/\"},{\"@type\":\"ListItem\",\"position\":3,\"name\":\"Datasenter i Fyresdal\"}]},{\"@type\":\"WebSite\",\"@id\":\"https:\/\/naturvernforbundet.no\/telemark\/#website\",\"url\":\"https:\/\/naturvernforbundet.no\/telemark\/\",\"name\":\"Telemark\",\"description\":\"Bare enda et Naturvernforbundet Sites-nettsted\",\"potentialAction\":[{\"@type\":\"SearchAction\",\"target\":{\"@type\":\"EntryPoint\",\"urlTemplate\":\"https:\/\/naturvernforbundet.no\/telemark\/?s={search_term_string}\"},\"query-input\":{\"@type\":\"PropertyValueSpecification\",\"valueRequired\":true,\"valueName\":\"search_term_string\"}}],\"inLanguage\":\"nb-NO\"},{\"@type\":\"Person\",\"@id\":\"https:\/\/naturvernforbundet.no\/telemark\/#\/schema\/person\/885615c6a7a845252883be42a5f45d72\",\"name\":\"odinthune\",\"image\":{\"@type\":\"ImageObject\",\"inLanguage\":\"nb-NO\",\"@id\":\"https:\/\/naturvernforbundet.no\/telemark\/#\/schema\/person\/image\/\",\"url\":\"https:\/\/secure.gravatar.com\/avatar\/8c189ca28a1be9b2756393af89316222?s=96&d=mm&r=g\",\"contentUrl\":\"https:\/\/secure.gravatar.com\/avatar\/8c189ca28a1be9b2756393af89316222?s=96&d=mm&r=g\",\"caption\":\"odinthune\"},\"url\":\"https:\/\/naturvernforbundet.no\/telemark\/author\/odinthune\/\"}]}<\/script>\n<!-- \/ Yoast SEO plugin. -->","yoast_head_json":{"title":"Datasenter i Fyresdal - Telemark","robots":{"index":"index","follow":"follow","max-snippet":"max-snippet:-1","max-image-preview":"max-image-preview:large","max-video-preview":"max-video-preview:-1"},"canonical":"https:\/\/naturvernforbundet.no\/telemark\/datasenter-i-fyresdal\/","og_locale":"nb_NO","og_type":"article","og_title":"Datasenter i Fyresdal - Telemark","og_description":"Bryggeparken - Prestestr\u00e5nda \u2013 Moland kyrkje og kyrkjegard \u2013 dyrka mark.Alt dette b\u00f8r nedprioriterast for \u00e5 f\u00e5 datasenter-hotell, meiner eit einstemmig kommunestyre i Fyresdal!","og_url":"https:\/\/naturvernforbundet.no\/telemark\/datasenter-i-fyresdal\/","og_site_name":"Telemark","article_published_time":"2026-04-16T11:23:55+00:00","article_modified_time":"2026-04-16T11:23:56+00:00","og_image":[{"width":1920,"height":1080,"url":"https:\/\/naturvernforbundet.no\/content\/uploads\/sites\/18\/2026\/04\/02eN4oxs35rfuQI643FIsADTdG45T6ZWkBgQAXVPghEw.webp","type":"image\/webp"}],"author":"odinthune","twitter_card":"summary_large_image","twitter_misc":{"Skrevet av":"odinthune","Ansl. lesetid":"3 minutter"},"schema":{"@context":"https:\/\/schema.org","@graph":[{"@type":"WebPage","@id":"https:\/\/naturvernforbundet.no\/telemark\/datasenter-i-fyresdal\/","url":"https:\/\/naturvernforbundet.no\/telemark\/datasenter-i-fyresdal\/","name":"Datasenter i Fyresdal - Telemark","isPartOf":{"@id":"https:\/\/naturvernforbundet.no\/telemark\/#website"},"primaryImageOfPage":{"@id":"https:\/\/naturvernforbundet.no\/telemark\/datasenter-i-fyresdal\/#primaryimage"},"image":{"@id":"https:\/\/naturvernforbundet.no\/telemark\/datasenter-i-fyresdal\/#primaryimage"},"thumbnailUrl":"https:\/\/naturvernforbundet.no\/content\/uploads\/sites\/18\/2026\/04\/02eN4oxs35rfuQI643FIsADTdG45T6ZWkBgQAXVPghEw.webp","datePublished":"2026-04-16T11:23:55+00:00","dateModified":"2026-04-16T11:23:56+00:00","author":{"@id":"https:\/\/naturvernforbundet.no\/telemark\/#\/schema\/person\/885615c6a7a845252883be42a5f45d72"},"breadcrumb":{"@id":"https:\/\/naturvernforbundet.no\/telemark\/datasenter-i-fyresdal\/#breadcrumb"},"inLanguage":"nb-NO","potentialAction":[{"@type":"ReadAction","target":["https:\/\/naturvernforbundet.no\/telemark\/datasenter-i-fyresdal\/"]}]},{"@type":"ImageObject","inLanguage":"nb-NO","@id":"https:\/\/naturvernforbundet.no\/telemark\/datasenter-i-fyresdal\/#primaryimage","url":"https:\/\/naturvernforbundet.no\/content\/uploads\/sites\/18\/2026\/04\/02eN4oxs35rfuQI643FIsADTdG45T6ZWkBgQAXVPghEw.webp","contentUrl":"https:\/\/naturvernforbundet.no\/content\/uploads\/sites\/18\/2026\/04\/02eN4oxs35rfuQI643FIsADTdG45T6ZWkBgQAXVPghEw.webp","width":1920,"height":1080,"caption":"Foto: Hans Philip Hofgaard \/ NRK"},{"@type":"BreadcrumbList","@id":"https:\/\/naturvernforbundet.no\/telemark\/datasenter-i-fyresdal\/#breadcrumb","itemListElement":[{"@type":"ListItem","position":1,"name":"Till naturvernforbundet.no","item":"https:\/\/naturvernforbundet.no\/"},{"@type":"ListItem","position":2,"name":"Telemark","item":"https:\/\/naturvernforbundet.no\/telemark\/"},{"@type":"ListItem","position":3,"name":"Datasenter i Fyresdal"}]},{"@type":"WebSite","@id":"https:\/\/naturvernforbundet.no\/telemark\/#website","url":"https:\/\/naturvernforbundet.no\/telemark\/","name":"Telemark","description":"Bare enda et Naturvernforbundet Sites-nettsted","potentialAction":[{"@type":"SearchAction","target":{"@type":"EntryPoint","urlTemplate":"https:\/\/naturvernforbundet.no\/telemark\/?s={search_term_string}"},"query-input":{"@type":"PropertyValueSpecification","valueRequired":true,"valueName":"search_term_string"}}],"inLanguage":"nb-NO"},{"@type":"Person","@id":"https:\/\/naturvernforbundet.no\/telemark\/#\/schema\/person\/885615c6a7a845252883be42a5f45d72","name":"odinthune","image":{"@type":"ImageObject","inLanguage":"nb-NO","@id":"https:\/\/naturvernforbundet.no\/telemark\/#\/schema\/person\/image\/","url":"https:\/\/secure.gravatar.com\/avatar\/8c189ca28a1be9b2756393af89316222?s=96&d=mm&r=g","contentUrl":"https:\/\/secure.gravatar.com\/avatar\/8c189ca28a1be9b2756393af89316222?s=96&d=mm&r=g","caption":"odinthune"},"url":"https:\/\/naturvernforbundet.no\/telemark\/author\/odinthune\/"}]}},"_links":{"self":[{"href":"https:\/\/naturvernforbundet.no\/telemark\/wp-json\/wp\/v2\/posts\/949","targetHints":{"allow":["GET"]}}],"collection":[{"href":"https:\/\/naturvernforbundet.no\/telemark\/wp-json\/wp\/v2\/posts"}],"about":[{"href":"https:\/\/naturvernforbundet.no\/telemark\/wp-json\/wp\/v2\/types\/post"}],"author":[{"embeddable":true,"href":"https:\/\/naturvernforbundet.no\/telemark\/wp-json\/wp\/v2\/users\/349"}],"replies":[{"embeddable":true,"href":"https:\/\/naturvernforbundet.no\/telemark\/wp-json\/wp\/v2\/comments?post=949"}],"version-history":[{"count":1,"href":"https:\/\/naturvernforbundet.no\/telemark\/wp-json\/wp\/v2\/posts\/949\/revisions"}],"predecessor-version":[{"id":951,"href":"https:\/\/naturvernforbundet.no\/telemark\/wp-json\/wp\/v2\/posts\/949\/revisions\/951"}],"wp:featuredmedia":[{"embeddable":true,"href":"https:\/\/naturvernforbundet.no\/telemark\/wp-json\/wp\/v2\/media\/950"}],"wp:attachment":[{"href":"https:\/\/naturvernforbundet.no\/telemark\/wp-json\/wp\/v2\/media?parent=949"}],"wp:term":[{"taxonomy":"category","embeddable":true,"href":"https:\/\/naturvernforbundet.no\/telemark\/wp-json\/wp\/v2\/categories?post=949"},{"taxonomy":"post_tag","embeddable":true,"href":"https:\/\/naturvernforbundet.no\/telemark\/wp-json\/wp\/v2\/tags?post=949"},{"taxonomy":"local","embeddable":true,"href":"https:\/\/naturvernforbundet.no\/telemark\/wp-json\/wp\/v2\/local?post=949"}],"curies":[{"name":"wp","href":"https:\/\/api.w.org\/{rel}","templated":true}]}}