{"id":122,"date":"2018-12-20T21:39:16","date_gmt":"2018-12-20T20:39:16","guid":{"rendered":"https:\/\/naturvernforbundet.no\/troms\/rapport-fra-tromso-aps-gruppeseminar-om-oppdrett\/"},"modified":"2022-11-20T18:36:29","modified_gmt":"2022-11-20T17:36:29","slug":"rapport-fra-tromso-aps-gruppeseminar-om-oppdrett","status":"publish","type":"post","link":"https:\/\/naturvernforbundet.no\/troms\/rapport-fra-tromso-aps-gruppeseminar-om-oppdrett\/","title":{"rendered":"Rapport fra Troms\u00f8 APs gruppeseminar om oppdrett"},"content":{"rendered":"\t<div class=\"template-post alignfull wp-block-naturvern-hero\">\n\t\t<div class=\"hero__inner\">\n\t\t\t<div class=\"hero__inner_blocks\">\n\t\t\t\t\t\t\t\t\n\t\t\t\t\t<h1 class=\"wp-block-post-title\">Rapport fra Troms\u00f8 APs gruppeseminar om oppdrett<\/h1>\n\n\t\t\t\t\t<div class=\"wp-block-post-excerpt\"><p class=\"wp-block-post-excerpt__excerpt\">Onsdag 19. desember deltok Naturvernforbundet p\u00e5 Troms\u00f8 Arbeiderpartis \u00e5pne gruppeseminar om oppdrett. Seminar ble laget i samarbeid med Sj\u00f8mat Norge. Silje Lundberg, leder i Naturvernforbundet, holdt innlegg om milj\u00f8konsekvenser ved dagens oppdrett. <\/p><\/div>\n\n\t\t\t\t\t<figure class=\"wp-block-post-featured-image\"><img loading=\"lazy\" decoding=\"async\" width=\"653\" height=\"490\" src=\"https:\/\/naturvernforbundet.no\/content\/uploads\/sites\/20\/2018\/12\/Silje20innleder20pC3A520APs20gruppemC3B8te20om20oppdrett2019.des202018.jpg2028articledisplay29.jpg\" class=\"attachment-post-thumbnail size-post-thumbnail wp-post-image\" alt=\"\" style=\"object-fit:cover;\" srcset=\"https:\/\/naturvernforbundet.no\/content\/uploads\/sites\/20\/2018\/12\/Silje20innleder20pC3A520APs20gruppemC3B8te20om20oppdrett2019.des202018.jpg2028articledisplay29.jpg 653w, https:\/\/naturvernforbundet.no\/content\/uploads\/sites\/20\/2018\/12\/Silje20innleder20pC3A520APs20gruppemC3B8te20om20oppdrett2019.des202018.jpg2028articledisplay29-300x225.jpg 300w\" sizes=\"auto, (max-width: 653px) 100vw, 653px\" \/><\/figure>\n\n\t\t\t\t\t<div class=\"wp-block-naturvern-byline\">\n\t\t\t<div class=\"authors\">By <span class=\"t2-byline__author-link\">Anton Hauan<\/span><\/div>\n\t\t\t<small class=\"entry-date\">20.12.2018 21:39<\/small><small class=\"entry-date\"> | Sist oppdatert: 20.11.2022 18:36<\/small>\n\t\t<\/div>\n\t\t\t\t\t\t\t\t<\/div>\n\t\t\t\t\t<\/div>\n\t\t\t<\/div>\n\t\n<p>Alt i alt er vi f\u00f8rn\u00f8yd med dagen. Programmet hadde flere interessante innledninger om hvordan n\u00e6ringen jobber med oppdrett, og hva som gj\u00f8res for \u00e5 l\u00f8se noen av de utfordringen dagens oppdrett har. Det var innledninger fra n\u00e6ringen selv, havbruksforskningen, Havforskningsinstituttet og Fiskarlaget. P\u00e5 tross av interessante innledninger er det klart at det programmet som var satt opp i stor grad bar preg av \u00e5 v\u00e6re fra hovedakt\u00f8rene i n\u00e6ringa, som er misforn\u00f8yd med vedtaket fra Troms\u00f8 kommune.&nbsp;<br>\n&nbsp;<\/p>\n\n\n\n<p>Da programmet for seminaret ble lansert, tok Naturvernforbundet i Troms\u00f8 og omegn kontakt med Troms\u00f8 Arbeiderparti, og p\u00e5pekte at programmet ikke var balansert nok, og at det var behov for at alle akt\u00f8rer i debatten deltok p\u00e5 de samme debattarenaene.&nbsp;<br>\n&nbsp;<\/p>\n\n\n\n<p>Dette fikk vi geh\u00f8r for fra partiet, og Silje Lundberg ble invitert inn til \u00e5 holde innledning om milj\u00f8konsekvensene sett fra milj\u00f8bevegelsens perspektiv.&nbsp; I tillegg deltok blant annet Paul Jensen, i sp\u00f8rsm\u00e5l- og diskusjonsrundene og representert kystfiskernes perspektiv. Siljes foredrag og momenter fra innledningenene og diskusjonen ligger vedlagt denne nettsaken.&nbsp;<br>\n&nbsp;<\/p>\n\n\n\n<p>Vi vil gi Troms\u00f8 Arbeiderparti ros for \u00e5 i utgangspunktet \u00e5pne gruppeseminaret for allmenheten, og ogs\u00e5 for \u00e5 slippe Naturvernforbundet til rundt bordet. Samtidig ser vi frem til neste seminar, hvor kystfiskernes og milj\u00f8bevegelsens perspektiv vil bli grundigere presentert.&nbsp;<\/p>\n\n\n\n<p>Over mange ti\u00e5r har milj\u00f8bevegelsen og kystfiskerne ropt varsko om tilstanden i fjordene der det drives oppdrett, men blitt m\u00f8tt med latterligj\u00f8ring fra oppdrettsn\u00e6ringa og skuldertrekk fra forskerne. Debatten har p\u00e5g\u00e5tt deretter, og skyttergravene har v\u00e6rt dype p\u00e5 begge sider.&nbsp;<br>\n&nbsp;<\/p>\n\n\n\n<p>Vedtaket om lukkede anlegg har skapt en ny dynamikk i ordskiftet, og vi ser konturene av et nytt debattklima rundt oppdrettsaken. Framover er det viktig at alle akt\u00f8rer s\u00f8ker dialog med hverandre, og selv om vi nok aldri blir helt enig, behandle hverandre med respekt.&nbsp; Tiden for skyttergraver er over, dette vil vi f\u00f8lge opp p\u00e5 ny\u00e5ret.<\/p>\n\n\n\n<p>Troms\u00f8 Arbeiderparti har gjort det klart at de planlegger \u00e5 f\u00e5 et tilsvarene gruppeseminar p\u00e5 ny\u00e5ret, der hvitfiskn\u00e6ringen og milj\u00f8bevegelsen inviteres til \u00e5 bidra med programmet. Dette ser vi fram til \u00e5 v\u00e6re med p\u00e5!&nbsp;<\/p>\n\n\n\n<p>Innlegget er skrevet av Anton Petter Hauan, styremedlem i Naturvernforbundet i Troms\u00f8 og omegn<\/p>\n","protected":false},"excerpt":{"rendered":"<p>Onsdag 19. desember deltok Naturvernforbundet p\u00e5 Troms\u00f8 Arbeiderpartis \u00e5pne gruppeseminar om oppdrett. Seminar ble laget i samarbeid med Sj\u00f8mat Norge. Silje Lundberg, leder i Naturvernforbundet, holdt innlegg om milj\u00f8konsekvenser ved dagens oppdrett.<\/p>\n","protected":false},"author":35,"featured_media":123,"comment_status":"closed","ping_status":"closed","sticky":false,"template":"","format":"standard","meta":{"_relevanssi_hide_post":"","_relevanssi_hide_content":"","_relevanssi_pin_for_all":"","_relevanssi_pin_keywords":"","_relevanssi_unpin_keywords":"","_relevanssi_related_keywords":"","_relevanssi_related_include_ids":"","_relevanssi_related_exclude_ids":"","_relevanssi_related_no_append":"","_relevanssi_related_not_related":"","_relevanssi_related_posts":"","_relevanssi_noindex_reason":"","hide_logo":false,"footnotes":""},"categories":[16,4],"tags":[],"local":[7],"class_list":["post-122","post","type-post","status-publish","format-standard","has-post-thumbnail","hentry","category-fiske-og-oppdrett","category-nyheter","local-tromso-og-omegn"],"acf":[],"yoast_head":"<!-- This site is optimized with the Yoast SEO plugin v24.9 - https:\/\/yoast.com\/wordpress\/plugins\/seo\/ -->\n<title>Rapport fra Troms\u00f8 APs gruppeseminar om oppdrett - Troms<\/title>\n<meta name=\"robots\" content=\"index, follow, max-snippet:-1, max-image-preview:large, max-video-preview:-1\" \/>\n<link rel=\"canonical\" href=\"https:\/\/naturvernforbundet.no\/troms\/rapport-fra-tromso-aps-gruppeseminar-om-oppdrett\/\" \/>\n<meta property=\"og:locale\" content=\"nb_NO\" \/>\n<meta property=\"og:type\" content=\"article\" \/>\n<meta property=\"og:title\" content=\"Rapport fra Troms\u00f8 APs gruppeseminar om oppdrett - Troms\" \/>\n<meta property=\"og:description\" content=\"Onsdag 19. desember deltok Naturvernforbundet p\u00e5 Troms\u00f8 Arbeiderpartis \u00e5pne gruppeseminar om oppdrett. Seminar ble laget i samarbeid med Sj\u00f8mat Norge. Silje Lundberg, leder i Naturvernforbundet, holdt innlegg om milj\u00f8konsekvenser ved dagens oppdrett.\" \/>\n<meta property=\"og:url\" content=\"https:\/\/naturvernforbundet.no\/troms\/rapport-fra-tromso-aps-gruppeseminar-om-oppdrett\/\" \/>\n<meta property=\"og:site_name\" content=\"Troms\" \/>\n<meta property=\"article:published_time\" content=\"2018-12-20T20:39:16+00:00\" \/>\n<meta property=\"article:modified_time\" content=\"2022-11-20T17:36:29+00:00\" \/>\n<meta property=\"og:image\" content=\"https:\/\/naturvernforbundet.no\/content\/uploads\/sites\/20\/2018\/12\/Silje20innleder20pC3A520APs20gruppemC3B8te20om20oppdrett2019.des202018.jpg2028articledisplay29.jpg\" \/>\n\t<meta property=\"og:image:width\" content=\"653\" \/>\n\t<meta property=\"og:image:height\" content=\"490\" \/>\n\t<meta property=\"og:image:type\" content=\"image\/jpeg\" \/>\n<meta name=\"author\" content=\"Anton Hauan\" \/>\n<meta name=\"twitter:card\" content=\"summary_large_image\" \/>\n<meta name=\"twitter:label1\" content=\"Skrevet av\" \/>\n\t<meta name=\"twitter:data1\" content=\"Anton Hauan\" \/>\n\t<meta name=\"twitter:label2\" content=\"Ansl. lesetid\" \/>\n\t<meta name=\"twitter:data2\" content=\"2 minutter\" \/>\n<script type=\"application\/ld+json\" class=\"yoast-schema-graph\">{\"@context\":\"https:\/\/schema.org\",\"@graph\":[{\"@type\":\"WebPage\",\"@id\":\"https:\/\/naturvernforbundet.no\/troms\/rapport-fra-tromso-aps-gruppeseminar-om-oppdrett\/\",\"url\":\"https:\/\/naturvernforbundet.no\/troms\/rapport-fra-tromso-aps-gruppeseminar-om-oppdrett\/\",\"name\":\"Rapport fra Troms\u00f8 APs gruppeseminar om oppdrett - Troms\",\"isPartOf\":{\"@id\":\"https:\/\/naturvernforbundet.no\/troms\/#website\"},\"primaryImageOfPage\":{\"@id\":\"https:\/\/naturvernforbundet.no\/troms\/rapport-fra-tromso-aps-gruppeseminar-om-oppdrett\/#primaryimage\"},\"image\":{\"@id\":\"https:\/\/naturvernforbundet.no\/troms\/rapport-fra-tromso-aps-gruppeseminar-om-oppdrett\/#primaryimage\"},\"thumbnailUrl\":\"https:\/\/naturvernforbundet.no\/content\/uploads\/sites\/20\/2018\/12\/Silje20innleder20pC3A520APs20gruppemC3B8te20om20oppdrett2019.des202018.jpg2028articledisplay29.jpg\",\"datePublished\":\"2018-12-20T20:39:16+00:00\",\"dateModified\":\"2022-11-20T17:36:29+00:00\",\"author\":{\"@id\":\"https:\/\/naturvernforbundet.no\/troms\/#\/schema\/person\/bbe4be102052bc75f42b7ab6065cd5b1\"},\"breadcrumb\":{\"@id\":\"https:\/\/naturvernforbundet.no\/troms\/rapport-fra-tromso-aps-gruppeseminar-om-oppdrett\/#breadcrumb\"},\"inLanguage\":\"nb-NO\",\"potentialAction\":[{\"@type\":\"ReadAction\",\"target\":[\"https:\/\/naturvernforbundet.no\/troms\/rapport-fra-tromso-aps-gruppeseminar-om-oppdrett\/\"]}]},{\"@type\":\"ImageObject\",\"inLanguage\":\"nb-NO\",\"@id\":\"https:\/\/naturvernforbundet.no\/troms\/rapport-fra-tromso-aps-gruppeseminar-om-oppdrett\/#primaryimage\",\"url\":\"https:\/\/naturvernforbundet.no\/content\/uploads\/sites\/20\/2018\/12\/Silje20innleder20pC3A520APs20gruppemC3B8te20om20oppdrett2019.des202018.jpg2028articledisplay29.jpg\",\"contentUrl\":\"https:\/\/naturvernforbundet.no\/content\/uploads\/sites\/20\/2018\/12\/Silje20innleder20pC3A520APs20gruppemC3B8te20om20oppdrett2019.des202018.jpg2028articledisplay29.jpg\",\"width\":653,\"height\":490},{\"@type\":\"BreadcrumbList\",\"@id\":\"https:\/\/naturvernforbundet.no\/troms\/rapport-fra-tromso-aps-gruppeseminar-om-oppdrett\/#breadcrumb\",\"itemListElement\":[{\"@type\":\"ListItem\",\"position\":1,\"name\":\"Till naturvernforbundet.no\",\"item\":\"https:\/\/naturvernforbundet.no\/\"},{\"@type\":\"ListItem\",\"position\":2,\"name\":\"Troms\",\"item\":\"https:\/\/naturvernforbundet.no\/troms\/\"},{\"@type\":\"ListItem\",\"position\":3,\"name\":\"Troms\u00f8 og omegn\",\"item\":\"https:\/\/naturvernforbundet.no\/troms\/lokallag\/tromso-og-omegn\/\"},{\"@type\":\"ListItem\",\"position\":4,\"name\":\"Rapport fra Troms\u00f8 APs gruppeseminar om oppdrett\"}]},{\"@type\":\"WebSite\",\"@id\":\"https:\/\/naturvernforbundet.no\/troms\/#website\",\"url\":\"https:\/\/naturvernforbundet.no\/troms\/\",\"name\":\"Troms\",\"description\":\"Bare enda et Naturvernforbundet Sites-nettsted\",\"potentialAction\":[{\"@type\":\"SearchAction\",\"target\":{\"@type\":\"EntryPoint\",\"urlTemplate\":\"https:\/\/naturvernforbundet.no\/troms\/?s={search_term_string}\"},\"query-input\":{\"@type\":\"PropertyValueSpecification\",\"valueRequired\":true,\"valueName\":\"search_term_string\"}}],\"inLanguage\":\"nb-NO\"},{\"@type\":\"Person\",\"@id\":\"https:\/\/naturvernforbundet.no\/troms\/#\/schema\/person\/bbe4be102052bc75f42b7ab6065cd5b1\",\"name\":\"Anton Hauan\",\"image\":{\"@type\":\"ImageObject\",\"inLanguage\":\"nb-NO\",\"@id\":\"https:\/\/naturvernforbundet.no\/troms\/#\/schema\/person\/image\/\",\"url\":\"https:\/\/secure.gravatar.com\/avatar\/94555f3272bbc575ae99f974ec427766?s=96&d=mm&r=g\",\"contentUrl\":\"https:\/\/secure.gravatar.com\/avatar\/94555f3272bbc575ae99f974ec427766?s=96&d=mm&r=g\",\"caption\":\"Anton Hauan\"},\"url\":\"https:\/\/naturvernforbundet.no\/troms\/author\/antonhauan\/\"}]}<\/script>\n<!-- \/ Yoast SEO plugin. -->","yoast_head_json":{"title":"Rapport fra Troms\u00f8 APs gruppeseminar om oppdrett - Troms","robots":{"index":"index","follow":"follow","max-snippet":"max-snippet:-1","max-image-preview":"max-image-preview:large","max-video-preview":"max-video-preview:-1"},"canonical":"https:\/\/naturvernforbundet.no\/troms\/rapport-fra-tromso-aps-gruppeseminar-om-oppdrett\/","og_locale":"nb_NO","og_type":"article","og_title":"Rapport fra Troms\u00f8 APs gruppeseminar om oppdrett - Troms","og_description":"Onsdag 19. desember deltok Naturvernforbundet p\u00e5 Troms\u00f8 Arbeiderpartis \u00e5pne gruppeseminar om oppdrett. Seminar ble laget i samarbeid med Sj\u00f8mat Norge. Silje Lundberg, leder i Naturvernforbundet, holdt innlegg om milj\u00f8konsekvenser ved dagens oppdrett.","og_url":"https:\/\/naturvernforbundet.no\/troms\/rapport-fra-tromso-aps-gruppeseminar-om-oppdrett\/","og_site_name":"Troms","article_published_time":"2018-12-20T20:39:16+00:00","article_modified_time":"2022-11-20T17:36:29+00:00","og_image":[{"width":653,"height":490,"url":"https:\/\/naturvernforbundet.no\/content\/uploads\/sites\/20\/2018\/12\/Silje20innleder20pC3A520APs20gruppemC3B8te20om20oppdrett2019.des202018.jpg2028articledisplay29.jpg","type":"image\/jpeg"}],"author":"Anton Hauan","twitter_card":"summary_large_image","twitter_misc":{"Skrevet av":"Anton Hauan","Ansl. lesetid":"2 minutter"},"schema":{"@context":"https:\/\/schema.org","@graph":[{"@type":"WebPage","@id":"https:\/\/naturvernforbundet.no\/troms\/rapport-fra-tromso-aps-gruppeseminar-om-oppdrett\/","url":"https:\/\/naturvernforbundet.no\/troms\/rapport-fra-tromso-aps-gruppeseminar-om-oppdrett\/","name":"Rapport fra Troms\u00f8 APs gruppeseminar om oppdrett - Troms","isPartOf":{"@id":"https:\/\/naturvernforbundet.no\/troms\/#website"},"primaryImageOfPage":{"@id":"https:\/\/naturvernforbundet.no\/troms\/rapport-fra-tromso-aps-gruppeseminar-om-oppdrett\/#primaryimage"},"image":{"@id":"https:\/\/naturvernforbundet.no\/troms\/rapport-fra-tromso-aps-gruppeseminar-om-oppdrett\/#primaryimage"},"thumbnailUrl":"https:\/\/naturvernforbundet.no\/content\/uploads\/sites\/20\/2018\/12\/Silje20innleder20pC3A520APs20gruppemC3B8te20om20oppdrett2019.des202018.jpg2028articledisplay29.jpg","datePublished":"2018-12-20T20:39:16+00:00","dateModified":"2022-11-20T17:36:29+00:00","author":{"@id":"https:\/\/naturvernforbundet.no\/troms\/#\/schema\/person\/bbe4be102052bc75f42b7ab6065cd5b1"},"breadcrumb":{"@id":"https:\/\/naturvernforbundet.no\/troms\/rapport-fra-tromso-aps-gruppeseminar-om-oppdrett\/#breadcrumb"},"inLanguage":"nb-NO","potentialAction":[{"@type":"ReadAction","target":["https:\/\/naturvernforbundet.no\/troms\/rapport-fra-tromso-aps-gruppeseminar-om-oppdrett\/"]}]},{"@type":"ImageObject","inLanguage":"nb-NO","@id":"https:\/\/naturvernforbundet.no\/troms\/rapport-fra-tromso-aps-gruppeseminar-om-oppdrett\/#primaryimage","url":"https:\/\/naturvernforbundet.no\/content\/uploads\/sites\/20\/2018\/12\/Silje20innleder20pC3A520APs20gruppemC3B8te20om20oppdrett2019.des202018.jpg2028articledisplay29.jpg","contentUrl":"https:\/\/naturvernforbundet.no\/content\/uploads\/sites\/20\/2018\/12\/Silje20innleder20pC3A520APs20gruppemC3B8te20om20oppdrett2019.des202018.jpg2028articledisplay29.jpg","width":653,"height":490},{"@type":"BreadcrumbList","@id":"https:\/\/naturvernforbundet.no\/troms\/rapport-fra-tromso-aps-gruppeseminar-om-oppdrett\/#breadcrumb","itemListElement":[{"@type":"ListItem","position":1,"name":"Till naturvernforbundet.no","item":"https:\/\/naturvernforbundet.no\/"},{"@type":"ListItem","position":2,"name":"Troms","item":"https:\/\/naturvernforbundet.no\/troms\/"},{"@type":"ListItem","position":3,"name":"Troms\u00f8 og omegn","item":"https:\/\/naturvernforbundet.no\/troms\/lokallag\/tromso-og-omegn\/"},{"@type":"ListItem","position":4,"name":"Rapport fra Troms\u00f8 APs gruppeseminar om oppdrett"}]},{"@type":"WebSite","@id":"https:\/\/naturvernforbundet.no\/troms\/#website","url":"https:\/\/naturvernforbundet.no\/troms\/","name":"Troms","description":"Bare enda et Naturvernforbundet Sites-nettsted","potentialAction":[{"@type":"SearchAction","target":{"@type":"EntryPoint","urlTemplate":"https:\/\/naturvernforbundet.no\/troms\/?s={search_term_string}"},"query-input":{"@type":"PropertyValueSpecification","valueRequired":true,"valueName":"search_term_string"}}],"inLanguage":"nb-NO"},{"@type":"Person","@id":"https:\/\/naturvernforbundet.no\/troms\/#\/schema\/person\/bbe4be102052bc75f42b7ab6065cd5b1","name":"Anton Hauan","image":{"@type":"ImageObject","inLanguage":"nb-NO","@id":"https:\/\/naturvernforbundet.no\/troms\/#\/schema\/person\/image\/","url":"https:\/\/secure.gravatar.com\/avatar\/94555f3272bbc575ae99f974ec427766?s=96&d=mm&r=g","contentUrl":"https:\/\/secure.gravatar.com\/avatar\/94555f3272bbc575ae99f974ec427766?s=96&d=mm&r=g","caption":"Anton Hauan"},"url":"https:\/\/naturvernforbundet.no\/troms\/author\/antonhauan\/"}]}},"_links":{"self":[{"href":"https:\/\/naturvernforbundet.no\/troms\/wp-json\/wp\/v2\/posts\/122","targetHints":{"allow":["GET"]}}],"collection":[{"href":"https:\/\/naturvernforbundet.no\/troms\/wp-json\/wp\/v2\/posts"}],"about":[{"href":"https:\/\/naturvernforbundet.no\/troms\/wp-json\/wp\/v2\/types\/post"}],"author":[{"embeddable":true,"href":"https:\/\/naturvernforbundet.no\/troms\/wp-json\/wp\/v2\/users\/35"}],"replies":[{"embeddable":true,"href":"https:\/\/naturvernforbundet.no\/troms\/wp-json\/wp\/v2\/comments?post=122"}],"version-history":[{"count":1,"href":"https:\/\/naturvernforbundet.no\/troms\/wp-json\/wp\/v2\/posts\/122\/revisions"}],"predecessor-version":[{"id":315,"href":"https:\/\/naturvernforbundet.no\/troms\/wp-json\/wp\/v2\/posts\/122\/revisions\/315"}],"wp:featuredmedia":[{"embeddable":true,"href":"https:\/\/naturvernforbundet.no\/troms\/wp-json\/wp\/v2\/media\/123"}],"wp:attachment":[{"href":"https:\/\/naturvernforbundet.no\/troms\/wp-json\/wp\/v2\/media?parent=122"}],"wp:term":[{"taxonomy":"category","embeddable":true,"href":"https:\/\/naturvernforbundet.no\/troms\/wp-json\/wp\/v2\/categories?post=122"},{"taxonomy":"post_tag","embeddable":true,"href":"https:\/\/naturvernforbundet.no\/troms\/wp-json\/wp\/v2\/tags?post=122"},{"taxonomy":"local","embeddable":true,"href":"https:\/\/naturvernforbundet.no\/troms\/wp-json\/wp\/v2\/local?post=122"}],"curies":[{"name":"wp","href":"https:\/\/api.w.org\/{rel}","templated":true}]}}