{"id":618,"date":"2023-04-21T23:33:00","date_gmt":"2023-04-21T21:33:00","guid":{"rendered":"https:\/\/naturvernforbundet.no\/troms\/?p=618"},"modified":"2026-03-05T10:33:43","modified_gmt":"2026-03-05T09:33:43","slug":"seier-i-stillelva-saken-palegg-om-gjenoppretting-av-elvelop-stillelva-tjeldsund-kommune","status":"publish","type":"post","link":"https:\/\/naturvernforbundet.no\/troms\/seier-i-stillelva-saken-palegg-om-gjenoppretting-av-elvelop-stillelva-tjeldsund-kommune\/","title":{"rendered":"Seier i Stillelva saken: P\u00e5legg om gjenoppretting av elvel\u00f8p &#8211;  Stillelva i  Tjeldsund kommune"},"content":{"rendered":"\t<div class=\"template-post alignnone wp-block-naturvern-hero\">\n\t\t<div class=\"hero__inner\">\n\t\t\t<div class=\"hero__inner_blocks\">\n\t\t\t\t\t\t\t\t\n<h1 class=\"wp-block-post-title\">Seier i Stillelva saken: P\u00e5legg om gjenoppretting av elvel\u00f8p &#8211;  Stillelva i  Tjeldsund kommune<\/h1>\n\n<div class=\"wp-block-post-excerpt\"><p class=\"wp-block-post-excerpt__excerpt\">Tiltakshaver fikk 21.04.2023 endelig vedtak med p\u00e5legg fra Statsforvalter om \u00e5 gjenopprette elvel\u00f8p som ulovlig var endret. <\/p><\/div>\n\n<figure class=\"wp-block-post-featured-image\"><img loading=\"lazy\" decoding=\"async\" width=\"2560\" height=\"1909\" src=\"https:\/\/naturvernforbundet.no\/content\/uploads\/sites\/20\/2023\/11\/Stillelva-scaled.jpg\" class=\"attachment-post-thumbnail size-post-thumbnail wp-post-image\" alt=\"\" style=\"object-fit:cover;\" srcset=\"https:\/\/naturvernforbundet.no\/content\/uploads\/sites\/20\/2023\/11\/Stillelva-scaled.jpg 2560w, https:\/\/naturvernforbundet.no\/content\/uploads\/sites\/20\/2023\/11\/Stillelva-300x224.jpg 300w, https:\/\/naturvernforbundet.no\/content\/uploads\/sites\/20\/2023\/11\/Stillelva-1024x764.jpg 1024w, https:\/\/naturvernforbundet.no\/content\/uploads\/sites\/20\/2023\/11\/Stillelva-768x573.jpg 768w, https:\/\/naturvernforbundet.no\/content\/uploads\/sites\/20\/2023\/11\/Stillelva-1536x1145.jpg 1536w, https:\/\/naturvernforbundet.no\/content\/uploads\/sites\/20\/2023\/11\/Stillelva-2048x1527.jpg 2048w, https:\/\/naturvernforbundet.no\/content\/uploads\/sites\/20\/2023\/11\/Stillelva-1920x1432.jpg 1920w\" sizes=\"auto, (max-width: 2560px) 100vw, 2560px\" \/><\/figure>\n\n<div class=\"wp-block-naturvern-byline\">\n\t\t\t<div class=\"authors\">By <span class=\"t2-byline__author-link\">cmyrseth<\/span><\/div>\n\t\t\t<small class=\"entry-date\">21.04.2023 23:33<\/small><small class=\"entry-date\"> | Sist oppdatert: 05.03.2026 10:33<\/small>\n\t\t<\/div>\n\t\t\t<\/div>\n\t\t\t\t\t<\/div>\n\t\t\t<\/div>\n\t\n\n\n<p><strong>Naturvernforbundet Troms har jobbet med Stillelva saken siden h\u00f8sten 2018. Da klaget vi p\u00e5 saken til Statsforvalter etter tips fra lokale innbyggere i kommunen. Vi har siden klaget og sendt innspill, deltatt p\u00e5 befaring og fulgt saken tett.<\/strong><\/p>\n\n\n\n<p><strong>Naturvernforbundet Troms mener det er sv\u00e6rt positivt at vannforvaltning blir tatt p\u00e5 alvor og at ulovlige tiltak i anadrome vassdrag m\u00e5 rettes av tiltakshaver.<\/strong><\/p>\n\n\n\n<p><strong>Takk til alle som har engasjert seg i saken b\u00e5de lokale ressurspersoner som kunne dokumentere med foto endringene i elva, frivillige i Naturvernforbundet og alle andre som har st\u00e5tt p\u00e5 i denne saken.<\/strong><\/p>\n\n\n\n<h2 class=\"wp-block-heading\">Sakens bakgrunn<\/h2>\n\n\n\n<p>For om lag 12 \u00e5r siden ble det naturlige l\u00f8pet til Stillelva rettet ut p\u00e5 eiendom 77\/9. Tiltaket skulle v\u00e6rt oms\u00f8kt etter forskrift om fysiske tiltak i vassdrag, da det ikke er tillatt \u00e5 gj\u00f8re slike tiltak uten tillatelse fra enten statsforvalteren eller fylkeskommunen. S\u00f8knad om tillatelse ble levert til<br>Statsforvalteren i Troms og Finnmark den 3. desember 2021, som ga avslag med hjemmel i \u00a7 1 i forskrift om fysiske tiltak i vassdrag. Begrunnelsen var fare for forringelse av produksjonsmulighetene for fisk og andre ferskvannsorganismer.<\/p>\n\n\n\n<h2 class=\"wp-block-heading\">Fra saksdoumentene<\/h2>\n\n\n\n<p>Tiltakshaver er p\u00e5lagt \u00e5 gjenopprette elvel\u00f8pet til sin naturlige tilstand etter n\u00e6rmere vilk\u00e5r. Se vedtak av 21.04.2023<\/p>\n\n\n\n<h2 class=\"wp-block-heading\">Dokumenter i saken<\/h2>\n\n\n\n<ul class=\"wp-block-list\">\n<li><a href=\"https:\/\/naturvernforbundet.no\/content\/uploads\/sites\/20\/2023\/11\/Brev-Statsforvalter_Stillelva_18.12.2018.pdf\" target=\"_blank\" rel=\"noreferrer noopener\">Klage til Statsforvalter 18.12.2018<\/a>.<\/li>\n\n\n\n<li><a href=\"https:\/\/naturvernforbundet.no\/content\/uploads\/sites\/20\/2023\/11\/Klage-22.01.2020_til-Statsforvalter.pdf\" target=\"_blank\" rel=\"noreferrer noopener\">Klage p\u00e5 innvilget dispensasjon for endring av elvel\u00f8pet til Stillelva i sak 18\/409 gjeldene eiendom 77\/9 i Tjeldsund kommune<\/a>. 22.01.2020<\/li>\n\n\n\n<li><a href=\"https:\/\/naturvernforbundet.no\/content\/uploads\/sites\/20\/2023\/11\/17.02.2022-Avslag-pa-soknad-om-tillatelse-til-fysisk-tiltak-i-Stillelva.pdf\" target=\"_blank\" rel=\"noreferrer noopener\">Avslag fra Statsforvalter p\u00e5 s\u00f8knad fra tiltakshaver om tillatelse til omlegging av elva<\/a>. 17.02.2022.<\/li>\n\n\n\n<li><a href=\"https:\/\/naturvernforbundet.no\/content\/uploads\/sites\/20\/2023\/11\/05.04.2022-Oversendelse-av-klage-avslag-pa-soknad-om-tillatelse-til-fysiske-tiltak-i-vassdrag.pdf\" target=\"_blank\" rel=\"noreferrer noopener\">Oversendelse av klage fra Statsforvalter til Milj\u00f8direktoratet p\u00e5 avslag p\u00e5 s\u00f8knad om tillatelse til fysiske tiltak i vassdrag<\/a>. 05.04.2022<\/li>\n\n\n\n<li><a href=\"https:\/\/naturvernforbundet.no\/content\/uploads\/sites\/20\/2023\/11\/20.06.2022-Stillelva.Befaring.Uttalelse.pdf\" target=\"_blank\" rel=\"noreferrer noopener\">Kommentarer til befaringen av Stillelva fra Naturvernforbundet Troms<\/a>. 22.06.2022<\/li>\n\n\n\n<li> <a href=\"https:\/\/naturvernforbundet.no\/content\/uploads\/sites\/20\/2023\/11\/27.09.2022-Varsel-om-palegg-om-gjenoppretting-av-naturlig-tilstand-i-Stillelva.pdf\" target=\"_blank\" rel=\"noreferrer noopener\">Varsel om p\u00e5legg fra Statsforvalter til tiltakshaver om gjenoppretting av naturlig tilstand i Stillelva<\/a>. 27.09.2022. <\/li>\n\n\n\n<li><a href=\"https:\/\/naturvernforbundet.no\/content\/uploads\/sites\/20\/2023\/11\/NOTAT-Stillelva-15.11.22-av-Geir-Dahl-Hansen-.pdf\" target=\"_blank\" rel=\"noreferrer noopener\">Notat Stillelva Geir Aksel Dahl-Hansen, Akvaplan NIVA til Rens\u00e5 Utmarkslag<\/a>. 15.11.2022<\/li>\n\n\n\n<li> <a href=\"https:\/\/naturvernforbundet.no\/content\/uploads\/sites\/20\/2023\/11\/2023.03.03_Statsforvalteren_i_Troms_og_Finnmark_Varsel_om_paalegg_gjenoppretting_av_elveloepet.pdf\" target=\"_blank\" rel=\"noreferrer noopener\">Varsel om p\u00e5legg gjenoppretting av elvel\u00f8pet fra Statsforvalter.<\/a> 03.03.2023<\/li>\n\n\n\n<li><a href=\"https:\/\/naturvernforbundet.no\/content\/uploads\/sites\/20\/2023\/11\/21.04.2023-P_legg_om_gjenoppretting_av_elvel_p_-_Stillelva_-_Tjeldsund_kommune.pdf\" target=\"_blank\" rel=\"noreferrer noopener\">P\u00e5legg om gjenoppretting av elvel\u00f8p &#8211; Stillelva &#8211; Tjeldsund kommune <\/a>(endring). 21.04.2023<\/li>\n<\/ul>\n\n\n\n<div class=\"wp-block-columns is-layout-flex wp-container-core-columns-is-layout-1 wp-block-columns-is-layout-flex\">\n<div class=\"wp-block-column is-layout-flow wp-block-column-is-layout-flow\" style=\"flex-basis:100%\">\n<div class=\"wp-block-group is-layout-constrained wp-block-group-is-layout-constrained\"><div class=\"t2-files wp-block-t2-files\">\n<div class=\"t2-file-item wp-block-t2-file-item\">\n\t\t<a href=\"https:\/\/naturvernforbundet.no\/content\/uploads\/sites\/20\/2024\/11\/23.05.2024-Klage-sak-om-Stillelva.pdf\" class=\"t2-file-item__link t2-file-item__link--icon-left\" download>\n\t\t\t<span class=\"t2-file-item__icon\"><svg xmlns=\"http:\/\/www.w3.org\/2000\/svg\" viewBox=\"0 0 24 24\" height=\"24\" width=\"24\" class=\"t2-icon t2-icon-filedownload\" aria-hidden=\"true\" focusable=\"false\"><path d=\"M16.59 9H15V4C15 3.45 14.55 3 14 3H10C9.45 3 9 3.45 9 4V9H7.41C6.52 9 6.07 10.08 6.7 10.71L11.29 15.3C11.68 15.69 12.31 15.69 12.7 15.3L17.29 10.71C17.92 10.08 17.48 9 16.59 9ZM5 19C5 19.55 5.45 20 6 20H18C18.55 20 19 19.55 19 19C19 18.45 18.55 18 18 18H6C5.45 18 5 18.45 5 19Z\" \/><\/svg><\/span>\n\t\t\t<span class=\"t2-file-item__info\">\n\t\t\t\t<span class=\"t2-file-item__filename\">23.05.2024 &#8211;  Klage i sak om Stillelva- avslag p\u00e5 s\u00f8knad om<br>dispensasjon til \u00e5 gjennomf\u00f8re tiltak for gjenoppretting etter <br>p\u00e5legg fra Statsforvalter<\/span>\n\t\t\t\t\n\t\t\t\t<span class=\"t2-file-item__meta\">pdf \u00b7 254 KB<\/span>\n\t\t\t<\/span>\n\t\t<\/a>\n\t\t<\/div>\n<\/div>\n\n<div class=\"t2-files wp-block-t2-files\">\n<div class=\"t2-file-item wp-block-t2-file-item\">\n\t\t<a href=\"https:\/\/naturvernforbundet.no\/content\/uploads\/sites\/20\/2024\/11\/04.10.2024-Klage_tas_til_f_lge_-_vedtaket_oppheves.pdf\" class=\"t2-file-item__link t2-file-item__link--icon-left\" download>\n\t\t\t<span class=\"t2-file-item__icon\"><svg xmlns=\"http:\/\/www.w3.org\/2000\/svg\" viewBox=\"0 0 24 24\" height=\"24\" width=\"24\" class=\"t2-icon t2-icon-filedownload\" aria-hidden=\"true\" focusable=\"false\"><path d=\"M16.59 9H15V4C15 3.45 14.55 3 14 3H10C9.45 3 9 3.45 9 4V9H7.41C6.52 9 6.07 10.08 6.7 10.71L11.29 15.3C11.68 15.69 12.31 15.69 12.7 15.3L17.29 10.71C17.92 10.08 17.48 9 16.59 9ZM5 19C5 19.55 5.45 20 6 20H18C18.55 20 19 19.55 19 19C19 18.45 18.55 18 18 18H6C5.45 18 5 18.45 5 19Z\" \/><\/svg><\/span>\n\t\t\t<span class=\"t2-file-item__info\">\n\t\t\t\t<span class=\"t2-file-item__filename\">04.10.2024-  Klage over avsl\u00e5tt s\u00f8knad om <br>dispensasjon for tilbakef\u00f8ring av Stillelva \u2013 klagene tas <br>alts\u00e5 til f\u00f8lge og vedtak oppheves<\/span>\n\t\t\t\t\n\t\t\t\t<span class=\"t2-file-item__meta\">pdf \u00b7 111 KB<\/span>\n\t\t\t<\/span>\n\t\t<\/a>\n\t\t<\/div>\n<\/div><\/div>\n\n\n<div class=\"t2-files wp-block-t2-files\">\n<div class=\"t2-file-item wp-block-t2-file-item\">\n\t\t<a href=\"https:\/\/naturvernforbundet.no\/content\/uploads\/sites\/20\/2025\/02\/2025.01.20_Statsforvalteren_i_Troms_og_Finnmark_Varsel_om_omgjoring_av_eget_vedtak_-_flytting_av_bekkeleie_-_Stillelva_-_77_9_-_Tjeldsund_kommune_-_Arnljot_Harald_Dybvik.pdf\" class=\"t2-file-item__link t2-file-item__link--icon-left\" download>\n\t\t\t<span class=\"t2-file-item__icon\"><svg xmlns=\"http:\/\/www.w3.org\/2000\/svg\" viewBox=\"0 0 24 24\" height=\"24\" width=\"24\" class=\"t2-icon t2-icon-filedownload\" aria-hidden=\"true\" focusable=\"false\"><path d=\"M16.59 9H15V4C15 3.45 14.55 3 14 3H10C9.45 3 9 3.45 9 4V9H7.41C6.52 9 6.07 10.08 6.7 10.71L11.29 15.3C11.68 15.69 12.31 15.69 12.7 15.3L17.29 10.71C17.92 10.08 17.48 9 16.59 9ZM5 19C5 19.55 5.45 20 6 20H18C18.55 20 19 19.55 19 19C19 18.45 18.55 18 18 18H6C5.45 18 5 18.45 5 19Z\" \/><\/svg><\/span>\n\t\t\t<span class=\"t2-file-item__info\">\n\t\t\t\t<span class=\"t2-file-item__filename\">20.01.2025  &#8211; Varsel om omgj\u00f8ring av eget vedtak, fra Statsforvalteren<\/span>\n\t\t\t\t\n\t\t\t\t<span class=\"t2-file-item__meta\">pdf \u00b7 80 KB<\/span>\n\t\t\t<\/span>\n\t\t<\/a>\n\t\t<\/div>\n\n<div class=\"t2-file-item wp-block-t2-file-item\">\n\t\t<a href=\"https:\/\/naturvernforbundet.no\/content\/uploads\/sites\/20\/2023\/04\/23.09.2025-Varsel_om_p_legg_-_tilbakef_ring_av_Stillelva_-_flytting_av_bekkeleie_-_Stillelva_-_77_9_-_Tjeld.pdf\" class=\"t2-file-item__link t2-file-item__link--icon-left\" download>\n\t\t\t<span class=\"t2-file-item__icon\"><svg xmlns=\"http:\/\/www.w3.org\/2000\/svg\" viewBox=\"0 0 24 24\" height=\"24\" width=\"24\" class=\"t2-icon t2-icon-filedownload\" aria-hidden=\"true\" focusable=\"false\"><path d=\"M16.59 9H15V4C15 3.45 14.55 3 14 3H10C9.45 3 9 3.45 9 4V9H7.41C6.52 9 6.07 10.08 6.7 10.71L11.29 15.3C11.68 15.69 12.31 15.69 12.7 15.3L17.29 10.71C17.92 10.08 17.48 9 16.59 9ZM5 19C5 19.55 5.45 20 6 20H18C18.55 20 19 19.55 19 19C19 18.45 18.55 18 18 18H6C5.45 18 5 18.45 5 19Z\" \/><\/svg><\/span>\n\t\t\t<span class=\"t2-file-item__info\">\n\t\t\t\t<span class=\"t2-file-item__filename\">23.09.2025 &#8211; Varsel om p\u00e5legg &#8211; tilbakef\u00f8ring av Stillelva &#8211; flytting av bekkeleie &#8211; Stillelva &#8211; 77\/9 &#8211; Tjeldsund kommune -Arnljot Harald Dybvik<\/span>\n\t\t\t\t\n\t\t\t\t<span class=\"t2-file-item__meta\">pdf \u00b7 206 KB<\/span>\n\t\t\t<\/span>\n\t\t<\/a>\n\t\t<\/div>\n<\/div><\/div>\n<\/div>\n","protected":false},"excerpt":{"rendered":"<p>Tiltakshaver fikk 21.04.2023 endelig vedtak med p\u00e5legg fra Statsforvalter om \u00e5 gjenopprette elvel\u00f8p som ulovlig var endret.   <\/p>\n","protected":false},"author":351,"featured_media":620,"comment_status":"closed","ping_status":"closed","sticky":false,"template":"","format":"standard","meta":{"_relevanssi_hide_post":"","_relevanssi_hide_content":"","_relevanssi_pin_for_all":"","_relevanssi_pin_keywords":"","_relevanssi_unpin_keywords":"","_relevanssi_related_keywords":"","_relevanssi_related_include_ids":"","_relevanssi_related_exclude_ids":"","_relevanssi_related_no_append":"","_relevanssi_related_not_related":"","_relevanssi_related_posts":"20,345,73,75,613,148","_relevanssi_noindex_reason":"","hide_logo":false,"footnotes":""},"categories":[11,4],"tags":[],"local":[],"class_list":["post-618","post","type-post","status-publish","format-standard","has-post-thumbnail","hentry","category-historikk","category-nyheter"],"acf":[],"yoast_head":"<!-- This site is optimized with the Yoast SEO plugin v24.9 - https:\/\/yoast.com\/wordpress\/plugins\/seo\/ -->\n<title>Seier i Stillelva saken: P\u00e5legg om gjenoppretting av elvel\u00f8p - Stillelva i Tjeldsund kommune - Troms<\/title>\n<meta name=\"robots\" content=\"index, follow, max-snippet:-1, max-image-preview:large, max-video-preview:-1\" \/>\n<link rel=\"canonical\" href=\"https:\/\/naturvernforbundet.no\/troms\/seier-i-stillelva-saken-palegg-om-gjenoppretting-av-elvelop-stillelva-tjeldsund-kommune\/\" \/>\n<meta property=\"og:locale\" content=\"nb_NO\" \/>\n<meta property=\"og:type\" content=\"article\" \/>\n<meta property=\"og:title\" content=\"Seier i Stillelva saken: P\u00e5legg om gjenoppretting av elvel\u00f8p - Stillelva i Tjeldsund kommune - Troms\" \/>\n<meta property=\"og:description\" content=\"Tiltakshaver fikk 21.04.2023 endelig vedtak med p\u00e5legg fra Statsforvalter om \u00e5 gjenopprette elvel\u00f8p som ulovlig var endret.\" \/>\n<meta property=\"og:url\" content=\"https:\/\/naturvernforbundet.no\/troms\/seier-i-stillelva-saken-palegg-om-gjenoppretting-av-elvelop-stillelva-tjeldsund-kommune\/\" \/>\n<meta property=\"og:site_name\" content=\"Troms\" \/>\n<meta property=\"article:published_time\" content=\"2023-04-21T21:33:00+00:00\" \/>\n<meta property=\"article:modified_time\" content=\"2026-03-05T09:33:43+00:00\" \/>\n<meta property=\"og:image\" content=\"https:\/\/naturvernforbundet.no\/content\/uploads\/sites\/20\/2023\/11\/Stillelva-scaled.jpg\" \/>\n\t<meta property=\"og:image:width\" content=\"2560\" \/>\n\t<meta property=\"og:image:height\" content=\"1909\" \/>\n\t<meta property=\"og:image:type\" content=\"image\/jpeg\" \/>\n<meta name=\"author\" content=\"cmyrseth\" \/>\n<meta name=\"twitter:card\" content=\"summary_large_image\" \/>\n<meta name=\"twitter:label1\" content=\"Skrevet av\" \/>\n\t<meta name=\"twitter:data1\" content=\"cmyrseth\" \/>\n\t<meta name=\"twitter:label2\" content=\"Ansl. lesetid\" \/>\n\t<meta name=\"twitter:data2\" content=\"1 minutt\" \/>\n<script type=\"application\/ld+json\" class=\"yoast-schema-graph\">{\"@context\":\"https:\/\/schema.org\",\"@graph\":[{\"@type\":\"WebPage\",\"@id\":\"https:\/\/naturvernforbundet.no\/troms\/seier-i-stillelva-saken-palegg-om-gjenoppretting-av-elvelop-stillelva-tjeldsund-kommune\/\",\"url\":\"https:\/\/naturvernforbundet.no\/troms\/seier-i-stillelva-saken-palegg-om-gjenoppretting-av-elvelop-stillelva-tjeldsund-kommune\/\",\"name\":\"Seier i Stillelva saken: P\u00e5legg om gjenoppretting av elvel\u00f8p - Stillelva i Tjeldsund kommune - Troms\",\"isPartOf\":{\"@id\":\"https:\/\/naturvernforbundet.no\/troms\/#website\"},\"primaryImageOfPage\":{\"@id\":\"https:\/\/naturvernforbundet.no\/troms\/seier-i-stillelva-saken-palegg-om-gjenoppretting-av-elvelop-stillelva-tjeldsund-kommune\/#primaryimage\"},\"image\":{\"@id\":\"https:\/\/naturvernforbundet.no\/troms\/seier-i-stillelva-saken-palegg-om-gjenoppretting-av-elvelop-stillelva-tjeldsund-kommune\/#primaryimage\"},\"thumbnailUrl\":\"https:\/\/naturvernforbundet.no\/content\/uploads\/sites\/20\/2023\/11\/Stillelva-scaled.jpg\",\"datePublished\":\"2023-04-21T21:33:00+00:00\",\"dateModified\":\"2026-03-05T09:33:43+00:00\",\"author\":{\"@id\":\"https:\/\/naturvernforbundet.no\/troms\/#\/schema\/person\/4d1c4c6caf5c3d5c59c674fbba3a111a\"},\"breadcrumb\":{\"@id\":\"https:\/\/naturvernforbundet.no\/troms\/seier-i-stillelva-saken-palegg-om-gjenoppretting-av-elvelop-stillelva-tjeldsund-kommune\/#breadcrumb\"},\"inLanguage\":\"nb-NO\",\"potentialAction\":[{\"@type\":\"ReadAction\",\"target\":[\"https:\/\/naturvernforbundet.no\/troms\/seier-i-stillelva-saken-palegg-om-gjenoppretting-av-elvelop-stillelva-tjeldsund-kommune\/\"]}]},{\"@type\":\"ImageObject\",\"inLanguage\":\"nb-NO\",\"@id\":\"https:\/\/naturvernforbundet.no\/troms\/seier-i-stillelva-saken-palegg-om-gjenoppretting-av-elvelop-stillelva-tjeldsund-kommune\/#primaryimage\",\"url\":\"https:\/\/naturvernforbundet.no\/content\/uploads\/sites\/20\/2023\/11\/Stillelva-scaled.jpg\",\"contentUrl\":\"https:\/\/naturvernforbundet.no\/content\/uploads\/sites\/20\/2023\/11\/Stillelva-scaled.jpg\",\"width\":2560,\"height\":1909,\"caption\":\"Vi reddet Stillelva- n\u00e5 skal den tilbakef\u00f8res til naturlig leie!\"},{\"@type\":\"BreadcrumbList\",\"@id\":\"https:\/\/naturvernforbundet.no\/troms\/seier-i-stillelva-saken-palegg-om-gjenoppretting-av-elvelop-stillelva-tjeldsund-kommune\/#breadcrumb\",\"itemListElement\":[{\"@type\":\"ListItem\",\"position\":1,\"name\":\"Till naturvernforbundet.no\",\"item\":\"https:\/\/naturvernforbundet.no\/\"},{\"@type\":\"ListItem\",\"position\":2,\"name\":\"Troms\",\"item\":\"https:\/\/naturvernforbundet.no\/troms\/\"},{\"@type\":\"ListItem\",\"position\":3,\"name\":\"Seier i Stillelva saken: P\u00e5legg om gjenoppretting av elvel\u00f8p &#8211; Stillelva i Tjeldsund kommune\"}]},{\"@type\":\"WebSite\",\"@id\":\"https:\/\/naturvernforbundet.no\/troms\/#website\",\"url\":\"https:\/\/naturvernforbundet.no\/troms\/\",\"name\":\"Troms\",\"description\":\"Bare enda et Naturvernforbundet Sites-nettsted\",\"potentialAction\":[{\"@type\":\"SearchAction\",\"target\":{\"@type\":\"EntryPoint\",\"urlTemplate\":\"https:\/\/naturvernforbundet.no\/troms\/?s={search_term_string}\"},\"query-input\":{\"@type\":\"PropertyValueSpecification\",\"valueRequired\":true,\"valueName\":\"search_term_string\"}}],\"inLanguage\":\"nb-NO\"},{\"@type\":\"Person\",\"@id\":\"https:\/\/naturvernforbundet.no\/troms\/#\/schema\/person\/4d1c4c6caf5c3d5c59c674fbba3a111a\",\"name\":\"cmyrseth\",\"image\":{\"@type\":\"ImageObject\",\"inLanguage\":\"nb-NO\",\"@id\":\"https:\/\/naturvernforbundet.no\/troms\/#\/schema\/person\/image\/\",\"url\":\"https:\/\/secure.gravatar.com\/avatar\/c76f4828e79ff0552c3787168acee880?s=96&d=mm&r=g\",\"contentUrl\":\"https:\/\/secure.gravatar.com\/avatar\/c76f4828e79ff0552c3787168acee880?s=96&d=mm&r=g\",\"caption\":\"cmyrseth\"},\"url\":\"https:\/\/naturvernforbundet.no\/troms\/author\/cmyrseth\/\"}]}<\/script>\n<!-- \/ Yoast SEO plugin. -->","yoast_head_json":{"title":"Seier i Stillelva saken: P\u00e5legg om gjenoppretting av elvel\u00f8p - Stillelva i Tjeldsund kommune - Troms","robots":{"index":"index","follow":"follow","max-snippet":"max-snippet:-1","max-image-preview":"max-image-preview:large","max-video-preview":"max-video-preview:-1"},"canonical":"https:\/\/naturvernforbundet.no\/troms\/seier-i-stillelva-saken-palegg-om-gjenoppretting-av-elvelop-stillelva-tjeldsund-kommune\/","og_locale":"nb_NO","og_type":"article","og_title":"Seier i Stillelva saken: P\u00e5legg om gjenoppretting av elvel\u00f8p - Stillelva i Tjeldsund kommune - Troms","og_description":"Tiltakshaver fikk 21.04.2023 endelig vedtak med p\u00e5legg fra Statsforvalter om \u00e5 gjenopprette elvel\u00f8p som ulovlig var endret.","og_url":"https:\/\/naturvernforbundet.no\/troms\/seier-i-stillelva-saken-palegg-om-gjenoppretting-av-elvelop-stillelva-tjeldsund-kommune\/","og_site_name":"Troms","article_published_time":"2023-04-21T21:33:00+00:00","article_modified_time":"2026-03-05T09:33:43+00:00","og_image":[{"width":2560,"height":1909,"url":"https:\/\/naturvernforbundet.no\/content\/uploads\/sites\/20\/2023\/11\/Stillelva-scaled.jpg","type":"image\/jpeg"}],"author":"cmyrseth","twitter_card":"summary_large_image","twitter_misc":{"Skrevet av":"cmyrseth","Ansl. lesetid":"1 minutt"},"schema":{"@context":"https:\/\/schema.org","@graph":[{"@type":"WebPage","@id":"https:\/\/naturvernforbundet.no\/troms\/seier-i-stillelva-saken-palegg-om-gjenoppretting-av-elvelop-stillelva-tjeldsund-kommune\/","url":"https:\/\/naturvernforbundet.no\/troms\/seier-i-stillelva-saken-palegg-om-gjenoppretting-av-elvelop-stillelva-tjeldsund-kommune\/","name":"Seier i Stillelva saken: P\u00e5legg om gjenoppretting av elvel\u00f8p - Stillelva i Tjeldsund kommune - Troms","isPartOf":{"@id":"https:\/\/naturvernforbundet.no\/troms\/#website"},"primaryImageOfPage":{"@id":"https:\/\/naturvernforbundet.no\/troms\/seier-i-stillelva-saken-palegg-om-gjenoppretting-av-elvelop-stillelva-tjeldsund-kommune\/#primaryimage"},"image":{"@id":"https:\/\/naturvernforbundet.no\/troms\/seier-i-stillelva-saken-palegg-om-gjenoppretting-av-elvelop-stillelva-tjeldsund-kommune\/#primaryimage"},"thumbnailUrl":"https:\/\/naturvernforbundet.no\/content\/uploads\/sites\/20\/2023\/11\/Stillelva-scaled.jpg","datePublished":"2023-04-21T21:33:00+00:00","dateModified":"2026-03-05T09:33:43+00:00","author":{"@id":"https:\/\/naturvernforbundet.no\/troms\/#\/schema\/person\/4d1c4c6caf5c3d5c59c674fbba3a111a"},"breadcrumb":{"@id":"https:\/\/naturvernforbundet.no\/troms\/seier-i-stillelva-saken-palegg-om-gjenoppretting-av-elvelop-stillelva-tjeldsund-kommune\/#breadcrumb"},"inLanguage":"nb-NO","potentialAction":[{"@type":"ReadAction","target":["https:\/\/naturvernforbundet.no\/troms\/seier-i-stillelva-saken-palegg-om-gjenoppretting-av-elvelop-stillelva-tjeldsund-kommune\/"]}]},{"@type":"ImageObject","inLanguage":"nb-NO","@id":"https:\/\/naturvernforbundet.no\/troms\/seier-i-stillelva-saken-palegg-om-gjenoppretting-av-elvelop-stillelva-tjeldsund-kommune\/#primaryimage","url":"https:\/\/naturvernforbundet.no\/content\/uploads\/sites\/20\/2023\/11\/Stillelva-scaled.jpg","contentUrl":"https:\/\/naturvernforbundet.no\/content\/uploads\/sites\/20\/2023\/11\/Stillelva-scaled.jpg","width":2560,"height":1909,"caption":"Vi reddet Stillelva- n\u00e5 skal den tilbakef\u00f8res til naturlig leie!"},{"@type":"BreadcrumbList","@id":"https:\/\/naturvernforbundet.no\/troms\/seier-i-stillelva-saken-palegg-om-gjenoppretting-av-elvelop-stillelva-tjeldsund-kommune\/#breadcrumb","itemListElement":[{"@type":"ListItem","position":1,"name":"Till naturvernforbundet.no","item":"https:\/\/naturvernforbundet.no\/"},{"@type":"ListItem","position":2,"name":"Troms","item":"https:\/\/naturvernforbundet.no\/troms\/"},{"@type":"ListItem","position":3,"name":"Seier i Stillelva saken: P\u00e5legg om gjenoppretting av elvel\u00f8p &#8211; Stillelva i Tjeldsund kommune"}]},{"@type":"WebSite","@id":"https:\/\/naturvernforbundet.no\/troms\/#website","url":"https:\/\/naturvernforbundet.no\/troms\/","name":"Troms","description":"Bare enda et Naturvernforbundet Sites-nettsted","potentialAction":[{"@type":"SearchAction","target":{"@type":"EntryPoint","urlTemplate":"https:\/\/naturvernforbundet.no\/troms\/?s={search_term_string}"},"query-input":{"@type":"PropertyValueSpecification","valueRequired":true,"valueName":"search_term_string"}}],"inLanguage":"nb-NO"},{"@type":"Person","@id":"https:\/\/naturvernforbundet.no\/troms\/#\/schema\/person\/4d1c4c6caf5c3d5c59c674fbba3a111a","name":"cmyrseth","image":{"@type":"ImageObject","inLanguage":"nb-NO","@id":"https:\/\/naturvernforbundet.no\/troms\/#\/schema\/person\/image\/","url":"https:\/\/secure.gravatar.com\/avatar\/c76f4828e79ff0552c3787168acee880?s=96&d=mm&r=g","contentUrl":"https:\/\/secure.gravatar.com\/avatar\/c76f4828e79ff0552c3787168acee880?s=96&d=mm&r=g","caption":"cmyrseth"},"url":"https:\/\/naturvernforbundet.no\/troms\/author\/cmyrseth\/"}]}},"_links":{"self":[{"href":"https:\/\/naturvernforbundet.no\/troms\/wp-json\/wp\/v2\/posts\/618","targetHints":{"allow":["GET"]}}],"collection":[{"href":"https:\/\/naturvernforbundet.no\/troms\/wp-json\/wp\/v2\/posts"}],"about":[{"href":"https:\/\/naturvernforbundet.no\/troms\/wp-json\/wp\/v2\/types\/post"}],"author":[{"embeddable":true,"href":"https:\/\/naturvernforbundet.no\/troms\/wp-json\/wp\/v2\/users\/351"}],"replies":[{"embeddable":true,"href":"https:\/\/naturvernforbundet.no\/troms\/wp-json\/wp\/v2\/comments?post=618"}],"version-history":[{"count":23,"href":"https:\/\/naturvernforbundet.no\/troms\/wp-json\/wp\/v2\/posts\/618\/revisions"}],"predecessor-version":[{"id":4863,"href":"https:\/\/naturvernforbundet.no\/troms\/wp-json\/wp\/v2\/posts\/618\/revisions\/4863"}],"wp:featuredmedia":[{"embeddable":true,"href":"https:\/\/naturvernforbundet.no\/troms\/wp-json\/wp\/v2\/media\/620"}],"wp:attachment":[{"href":"https:\/\/naturvernforbundet.no\/troms\/wp-json\/wp\/v2\/media?parent=618"}],"wp:term":[{"taxonomy":"category","embeddable":true,"href":"https:\/\/naturvernforbundet.no\/troms\/wp-json\/wp\/v2\/categories?post=618"},{"taxonomy":"post_tag","embeddable":true,"href":"https:\/\/naturvernforbundet.no\/troms\/wp-json\/wp\/v2\/tags?post=618"},{"taxonomy":"local","embeddable":true,"href":"https:\/\/naturvernforbundet.no\/troms\/wp-json\/wp\/v2\/local?post=618"}],"curies":[{"name":"wp","href":"https:\/\/api.w.org\/{rel}","templated":true}]}}