{"id":7363,"date":"2026-09-01T11:53:37","date_gmt":"2026-09-01T09:53:37","guid":{"rendered":"https:\/\/naturvernforbundet.no\/troms\/?p=7363"},"modified":"2026-09-01T11:54:21","modified_gmt":"2026-09-01T09:54:21","slug":"fylkeslaget-har-levert-horingsuttalelse-pa-kommuneplanens-arealdel-for-malselv-kommune","status":"publish","type":"post","link":"https:\/\/naturvernforbundet.no\/troms\/fylkeslaget-har-levert-horingsuttalelse-pa-kommuneplanens-arealdel-for-malselv-kommune\/","title":{"rendered":"Fylkeslaget har levert h\u00f8ringsuttalelse p\u00e5 kommuneplanens arealdel for M\u00e5lselv kommune"},"content":{"rendered":"\t<div class=\"template-post alignnone wp-block-naturvern-hero\">\n\t\t<div class=\"hero__inner\">\n\t\t\t<div class=\"hero__inner_blocks\">\n\t\t\t\t\t\t\t\t\n<h1 class=\"wp-block-post-title\">Fylkeslaget har levert h\u00f8ringsuttalelse p\u00e5 kommuneplanens arealdel for M\u00e5lselv kommune<\/h1>\n\n<div class=\"wp-block-post-excerpt\"><p class=\"wp-block-post-excerpt__excerpt\">&#8211; Den samlede utviklingen gir grunn til betydelig bekymring. N\u00e5r nye fritids- og turistomr\u00e5der, utvidelser av eksisterende anlegg, \u00f8kt tilrettelegging, parkeringsplasser og \u00f8kt ferdsel vurderes samlet, framst\u00e5r den potensielle belastningen p\u00e5 natur, friluftsliv og reindrift som betydelig. <\/p><\/div>\n\n\n<figure class=\"wp-block-image size-large\"><div class=\"t2-image-credit\"><img loading=\"lazy\" decoding=\"async\" width=\"1024\" height=\"576\" src=\"https:\/\/naturvernforbundet.no\/content\/uploads\/sites\/20\/2026\/09\/image-1024x576.png\" alt=\"\" class=\"wp-image-7376\" srcset=\"https:\/\/naturvernforbundet.no\/content\/uploads\/sites\/20\/2026\/09\/image-1024x576.png 1024w, https:\/\/naturvernforbundet.no\/content\/uploads\/sites\/20\/2026\/09\/image-300x169.png 300w, https:\/\/naturvernforbundet.no\/content\/uploads\/sites\/20\/2026\/09\/image-768x432.png 768w, https:\/\/naturvernforbundet.no\/content\/uploads\/sites\/20\/2026\/09\/image.png 1140w\" sizes=\"auto, (max-width: 1024px) 100vw, 1024px\" \/><span class=\"t2-image-credit-name\">M\u00e5lselv kommune<\/span><\/div><\/figure>\n\n\n<div class=\"wp-block-naturvern-byline\">\n\t\t\t<div class=\"authors\">By <span class=\"t2-byline__author-link\">Kristin Dahl<\/span><\/div>\n\t\t\t<small class=\"entry-date\">01.09.2026 11:53<\/small>\n\t\t<\/div>\n\t\t\t<\/div>\n\t\t\t\t\t<\/div>\n\t\t\t<\/div>\n\t\n\n\n<p><strong>Sammen med andre organisasjoner i nettverket&nbsp;Forum for Natur og Friluftsliv Troms har Naturvernforbundet i Troms levert en h\u00f8ringsuttalelse p\u00e5 kommuneplanens arealdel for M\u00e5lselv kommune.<\/strong><\/p>\n\n\n<div class=\"t2-files wp-block-t2-files\">\n<div class=\"t2-file-item wp-block-t2-file-item\">\n\t\t<a href=\"https:\/\/naturvernforbundet.no\/content\/uploads\/sites\/20\/2026\/09\/Malselv-kommune_innspill_KPA.pdf\" class=\"t2-file-item__link t2-file-item__link--icon-left\" download>\n\t\t\t<span class=\"t2-file-item__icon\"><svg xmlns=\"http:\/\/www.w3.org\/2000\/svg\" viewBox=\"0 0 24 24\" height=\"24\" width=\"24\" class=\"t2-icon t2-icon-filedownload\" aria-hidden=\"true\" focusable=\"false\"><path d=\"M16.59 9H15V4C15 3.45 14.55 3 14 3H10C9.45 3 9 3.45 9 4V9H7.41C6.52 9 6.07 10.08 6.7 10.71L11.29 15.3C11.68 15.69 12.31 15.69 12.7 15.3L17.29 10.71C17.92 10.08 17.48 9 16.59 9ZM5 19C5 19.55 5.45 20 6 20H18C18.55 20 19 19.55 19 19C19 18.45 18.55 18 18 18H6C5.45 18 5 18.45 5 19Z\" \/><\/svg><\/span>\n\t\t\t<span class=\"t2-file-item__info\">\n\t\t\t\t<span class=\"t2-file-item__filename\">H\u00f8ringsuttalelse &#8211; FNF Troms &#8211; kommuneplanens arealdel <br>for M\u00e5lselv kommune<\/span>\n\t\t\t\t\n\t\t\t\t<span class=\"t2-file-item__meta\">pdf \u00b7 211 KB<\/span>\n\t\t\t<\/span>\n\t\t<\/a>\n\t\t<\/div>\n<\/div>\n\n\n<h2 class=\"wp-block-heading\">Innledning<\/h2>\n\n\n\n<p><em>Arealplanen har satt av arealer til fremtidige reiselivsetableringer i Rostadalen, Brentmoan ved M\u00e5lselvfossen og Storskogmoen ved foten av M\u00e5lselv fjellandsby. Dette i tr\u00e5d med kommunens Reiselivsstrategi 2026 \u2013 2034.<\/em><\/p>\n\n\n\n<p><em>&#8211;<\/em><strong>Merknad:<\/strong> Dokumentet med reiselivsstrategien det vises til b\u00f8r ligge tilgjengelig i plandokumentene. Vi har heller ikke klart \u00e5 finne den p\u00e5 kommunen sin hjemmeside.<\/p>\n\n\n\n<h3 class=\"wp-block-heading\"><strong>Om reiseliv i kommuner med store natur- og friluftslivsverdier<\/strong><\/h3>\n\n\n\n<p>I planbeskrivelsen vises det til Troms fylkeskommunes reiselivsstrategi med m\u00e5let om; Sterke inntrykk med sm\u00e5 avtrykk. Strategiene framhever natur, kulturarv, lokalsamfunn, gr\u00f8nn omstilling og bes\u00f8ksforvaltning som fundamentet for framtidig reiselivsutvikling. M\u00e5lselv er samtidig en kommune med noen av de st\u00f8rste sammenhengende naturomr\u00e5dene i Troms, nasjonalpark, villmarkspregede omr\u00e5der, flere reindriftsdistrikt og et av fylkets viktigste laksevassdrag.<\/p>\n\n\n\n<p>&#8211; Vi mener dette forutsetter en mer grunnleggende diskusjon om hvilke utviklingsmodeller som er forenlige med kommunens naturverdier.<\/p>\n\n\n\n<h3 class=\"wp-block-heading\">1. Naturkartlegging m\u00e5 foreligge f\u00f8r h\u00f8ring<\/h3>\n\n\n\n<p>For s\u00e5 store foresl\u00e5tte hytte- og reiselivsutbygginger mener vi at oppdatert naturkartlegging av planomr\u00e5dene og relevante influensomr\u00e5der b\u00f8r foreligge f\u00f8r planforslaget sendes p\u00e5 h\u00f8ring. Dette er avgj\u00f8rende informasjon for b\u00e5de innbyggere, organisasjoner og offentlige myndigheter som skal vurdere konsekvensene av planen. Kunnskapsgrunnlaget er ogs\u00e5 sentralt for vurderinger av samlet belastning p\u00e5 natur, landskap og friluftsliv. Vi etterlyser derfor resultatene av denne kartleggingen: <a href=\"https:\/\/malselv.kommune.no\/nyhet\/kartlegging-av-natur-i-maalselv-kommune\"><em>lenke<\/em><\/a><\/p>\n\n\n\n<h3 class=\"wp-block-heading\">2. Alternativer til nye arealbeslag<\/h3>\n\n\n\n<p>Planforslaget legger i stor grad opp til nye arealer for fritids- og turistform\u00e5l. Vi savner en vurdering av om reiselivsm\u00e5lene ogs\u00e5 kan n\u00e5s gjennom bedre utnyttelse av eksisterende bygningsmasse, transformasjon av eksisterende bygg, overnattingstilbud i tettsteder eller andre mindre arealkrevende l\u00f8sninger. Flere kommuner har vist at eksisterende bygg kan gis nytt liv gjennom reiselivssatsinger fremfor \u00e5 ta i bruk nye naturomr\u00e5der (se for eksempel Birtavarre sykehjem).<\/p>\n\n\n\n<h3 class=\"wp-block-heading\">3. Verneomr\u00e5der som grunnlag for inntekter til kommunene?<\/h3>\n\n\n\n<p>Som nasjonalparkkommune har M\u00e5lselv et s\u00e6rlig ansvar for \u00e5 forvalte naturverdier som har betydning langt utover kommunegrensen. Naturen er ikke bare en arena for reiseliv, men selve grunnlaget for reiselivet. I noen tilfeller vil ogs\u00e5 verneomr\u00e5dene i seg selv kunne representere kompensasjon til kommunen som kan hindre videre nedbygging: <em><a href=\"https:\/\/nasjonalparkkommuner.no\/kommuner-som-tar-vare-pa-naturen-pa-vegne-av-fellesskapet-skal-ikke-tape-okonomisk\/\">lenke<\/a><\/em><\/p>\n\n\n\n<p>-Det b\u00f8r derfor diskuteres om framtidig verdiskaping i st\u00f8rre grad kan knyttes til bevaring, bes\u00f8ksforvaltning og naturbaserte kvaliteter framfor stadig nye arealavsetninger. Det b\u00f8r ogs\u00e5 vurderes hvordan ordninger som kompenserer kommuner for \u00e5 ivareta naturverdier p\u00e5 vegne av fellesskapet kan redusere det \u00f8konomiske presset for videre nedbygging.<\/p>\n\n\n\n<h3 class=\"wp-block-heading\">4. Lysforurensning og m\u00f8rket som ressurs<\/h3>\n\n\n\n<p>Store hytte- og reiselivsanlegg medf\u00f8rer \u00f8kt belysning, trafikk og teknisk infrastruktur. Dette kan p\u00e5virke b\u00e5de naturmangfold, landskapsopplevelser og nattehimmel. M\u00e5lselv har s\u00e6rskilte kvaliteter knyttet til m\u00f8rke, stjernehimmel, nordlys og opplevelsen av villmark. Disse kvalitetene b\u00f8r kartlegges og inng\u00e5 i konsekvensutredningen. <em><a href=\"https:\/\/www.regjeringen.no\/no\/aktuelt\/belysning-som-skaper-trygghet-og-bevarer-natten\/id3097434\/\">lenke<\/a><\/em><\/p>\n\n\n\n<p>-Vi anbefaler en tilleggsunders\u00f8kelse\/konsekvensutredning p\u00e5 dette temaet.<\/p>\n\n\n\n<h2 class=\"wp-block-heading\">5. Samlet belastning<\/h2>\n\n\n\n<p>Den samlede utviklingen gir grunn til betydelig bekymring. N\u00e5r nye fritids- og turistomr\u00e5der, utvidelser av eksisterende anlegg, \u00f8kt tilrettelegging, parkeringsplasser og \u00f8kt ferdsel vurderes samlet, framst\u00e5r den potensielle belastningen p\u00e5 natur, friluftsliv og reindrift som betydelig. Plandokumentene beskriver flere steder mangelfullt kunnskapsgrunnlag og usikkerhet om konsekvensene.<\/p>\n\n\n\n<p>Vi registrerer at konsekvensene for reindriften er omtalt i planmaterialet, men kan ikke se at de dokumenterte innvendingene fra ber\u00f8rte reinbeitedistrikt har f\u00e5tt tilsvarende gjennomslag i planforslaget. Vi har sammenfallende interesser p\u00e5 noen tema og mener for \u00f8vrig at urfolksrettigheter m\u00e5 respekteres i tr\u00e5d med rettslige forpliktelser p\u00e5 omr\u00e5det.<\/p>\n\n\n\n<p>M\u00e5lselv markedsf\u00f8res gjennom natur, villmark, nasjonalpark, nordlys og laksefiske. Etter v\u00e5r vurdering b\u00f8r sp\u00f8rsm\u00e5let derfor ikke f\u00f8rst og fremst v\u00e6re hvor mye ny reiselivskapasitet kommunen kan bygge ut, men hvilke natur- og landskapskvaliteter som m\u00e5 bevares for at M\u00e5lselv fortsatt skal v\u00e6re M\u00e5lselv i framtiden.<\/p>\n\n\n\n<h2 class=\"wp-block-heading\">S\u00e6rlig om Brentmoan:<\/h2>\n\n\n\n<p>Brentmoan er foresl\u00e5tt som lokasjon for et reiselivsanlegg med p\u00e5 sikt 5000 sengeplasser. Prosjektet er tenkt \u00e5 utvikles over en periode p\u00e5 25-30 \u00e5r. Eiendommen som er spilt inn er p\u00e5 4000 daa og innenfor dette omr\u00e5det er det foresl\u00e5tt \u00e5 bygge p\u00e5 250 daa. I arbeidet med \u00e5 velge en lokasjon for denne reiselivsetableringen er det gjort en alternativvurdering av mulige lokasjoner. Ti lokasjoner er vurdert. Forsvaret har sagt nei til flere av alternativene fordi de ligger for n\u00e6rme milit\u00e6re omr\u00e5der. Noen av alternativene ligger i omr\u00e5der hvor det er funnet kvikkleire. Basert p\u00e5 utbyggers kriterier og alternativvurderingen er det Brentmoan som egner seg best til tiltaket.<\/p>\n\n\n\n<p><strong>Vi mener at tiltaket:<\/strong><\/p>\n\n\n\n<ul class=\"wp-block-list\">\n<li>vil medf\u00f8re en utvikling som ikke er forenlig med langsiktig ivaretakelse av kommunens natur- og friluftslivsverdier<\/li>\n\n\n\n<li>kan f\u00e5 omfattende virkninger langt utover de 250 dekarene som er foresl\u00e5tt bebygd, blant annet gjennom ferdsel, forstyrrelse, trafikk og teknisk infrastruktur<\/li>\n\n\n\n<li>ikke er tilstrekkelig utredet med hensyn til konsekvensene for M\u00e5lselvvassdraget, sidebekker og \u00f8vrige influensomr\u00e5der<\/li>\n\n\n\n<li>vil p\u00e5virke et viktig omr\u00e5de for friluftsliv, rekreasjon og landskapsopplevelse<\/li>\n\n\n\n<li>kan medf\u00f8re betydelig lysforurensning og svekke m\u00f8rket som natur-, friluftslivs- og reiselivsressurs<\/li>\n\n\n\n<li>m\u00e5 vurderes i sammenheng med de \u00f8vrige foresl\u00e5tte reiselivs- og fritidsomr\u00e5dene i kommunen<\/li>\n<\/ul>\n\n\n\n<p><strong>P\u00e5 bakgrunn av tiltakets omfang, lokalisering og usikkerheten i kunnskapsgrunnlaget mener vi at Brentmoan ikke b\u00f8r avsettes til fritids- og turistform\u00e5l. Forum for natur og friluftsliv Troms kan heller ikke st\u00f8tte de omfattende planene for utvidelse av omr\u00e5der til fritidsbebyggelse og reiselivsanlegg.<\/strong><\/p>\n\n\n\n<h2 class=\"wp-block-heading\">Planbestemmelser<\/h2>\n\n\n\n<h3 class=\"wp-block-heading\">Til: Lysforurensning og m\u00f8rke landskap, nytt punkt: 2.1 Fellesbestemmelser<\/h3>\n\n\n\n<p>Planforslaget legger til rette for flere nye og til dels sv\u00e6rt store omr\u00e5der for fritids- og turistform\u00e5l, men planbestemmelsene inneholder ingen krav om \u00e5 utrede, begrense eller dokumentere lysforurensning. Dette er en vesentlig mangel. M\u00f8rke er en natur-, landskaps- og friluftslivskvalitet, en forutsetning for opplevelsen av stjernehimmel og nordlys og en mulig ressurs for m\u00f8rke- og astroturisme. Kunstig lys kan dessuten p\u00e5virke naturmangfoldet og medf\u00f8re at virkningen av utbyggingen strekker seg langt utenfor det fysisk bebygde arealet.<\/p>\n\n\n\n<p>Vi mener kommuneplanen m\u00e5 inneholde en juridisk bindende bestemmelse om at lysforurensning skal begrenses\/unng\u00e5s, og at det ved regulering av nye fritids- og turistomr\u00e5der skal utarbeides en faglig belysningsplan. Planen m\u00e5 dokumentere dagens m\u00f8rkesituasjon og tiltakets fjernvirkning, inkludert samlet virkning av bygninger, veier, parkering, skilt, aktivitetsomr\u00e5der og teknisk infrastruktur. Vurderingen m\u00e5 omfatte influensomr\u00e5der og konsekvenser for naturmangfold, landskap, friluftsliv, reindrift, naboer og reiseliv basert p\u00e5 m\u00f8rke, nordlys og stjernehimmel. <em><a href=\"https:\/\/www.regjeringen.no\/no\/tema\/plan-bygg-og-eiendom\/plan_bygningsloven\/planlegging\/fagtema\/utebelysning\/id3030429\/\">lenke<\/a><\/em><\/p>\n\n\n\n<h3 class=\"wp-block-heading\">Brentmoan:<\/h3>\n\n\n\n<p>For FTU4 Brentmoan stilles det krav om reguleringsplan, men ikke om samlet planlegging av full framtidig utbygging, maksimal kapasitet, utbyggingstrinn eller rekkef\u00f8lge. For et prosjekt med en mulig sluttkapasitet p\u00e5 5000 sengeplasser og en utviklingsperiode p\u00e5 25\u201330 \u00e5r mener vi dette gir for liten styring p\u00e5 kommuneplanniv\u00e5. Det m\u00e5 stilles krav om at full framtidig utbygging, samlet kapasitet, infrastruktur, influensomr\u00e5der og trinnvis utvikling vurderes under ett.<\/p>\n\n\n\n<p>Vann, avl\u00f8p og p\u00e5virkning p\u00e5 vassdraget: Det m\u00e5 dokumenteres en samlet og langsiktig l\u00f8sning for vannforsyning, avl\u00f8p, overvann, sn\u00f8lagring og avfall basert p\u00e5 full utbygging. Virkningene for M\u00e5lselva, sidebekker, grunnvann og vannforekomstenes milj\u00f8m\u00e5l m\u00e5 utredes f\u00f8r omr\u00e5det eventuelt kan reguleres.<\/p>\n\n\n\n<h2 class=\"wp-block-heading\">Styrke planbestemmelsene rundt krav til kartlegging og oppdatert kunnskapsgrunnlag om naturmangfold og naturverdier<\/h2>\n\n\n\n<p>Planbestemmelsene b\u00f8r inneholde et generelt krav om oppdatert naturtype- og artskartlegging ved regulering av nye utbyggingsomr\u00e5der der kunnskapsgrunnlaget er mangelfullt. Kartleggingen m\u00e5 ogs\u00e5 omfatte relevante influensomr\u00e5der, og viktige naturverdier og \u00f8kologiske sammenhenger m\u00e5 sikres gjennom arealform\u00e5l, hensynssoner og bestemmelser.<\/p>\n\n\n\n<p>Vi \u00f8nsker kommunen lykke til med videre planprosess og har tillit til at natur og friluftslivsinteressene blir ivaretatt i det videre. Dersom vi kan bidra med \u00f8vrige innspill eller medvirkning stiller vi gjerne opp- eller videreformidler informasjon til v\u00e5re tilsluttede organisasjoner med interesser i kommunen.<\/p>\n","protected":false},"excerpt":{"rendered":"<p>&#8211; Den samlede utviklingen gir grunn til betydelig bekymring. N\u00e5r nye fritids- og turistomr\u00e5der, utvidelser av eksisterende anlegg, \u00f8kt tilrettelegging, parkeringsplasser og \u00f8kt ferdsel vurderes samlet, framst\u00e5r den potensielle belastningen p\u00e5 natur, friluftsliv og reindrift som betydelig. <\/p>\n","protected":false},"author":390,"featured_media":7376,"comment_status":"closed","ping_status":"closed","sticky":false,"template":"","format":"standard","meta":{"_relevanssi_hide_post":"","_relevanssi_hide_content":"","_relevanssi_pin_for_all":"","_relevanssi_pin_keywords":"","_relevanssi_unpin_keywords":"","_relevanssi_related_keywords":"","_relevanssi_related_include_ids":"","_relevanssi_related_exclude_ids":"","_relevanssi_related_no_append":"","_relevanssi_related_not_related":"","_relevanssi_related_posts":"91,165,4854,7251,5089,206","_relevanssi_noindex_reason":"","hide_logo":false,"footnotes":"","_members_access_role":[],"_members_access_error":""},"categories":[5],"tags":[],"local":[],"class_list":["post-7363","post","type-post","status-publish","format-standard","has-post-thumbnail","hentry","category-uttalelser"],"acf":[],"yoast_head":"<!-- This site is optimized with the Yoast SEO plugin v24.9 - https:\/\/yoast.com\/wordpress\/plugins\/seo\/ -->\n<title>Fylkeslaget har levert h\u00f8ringsuttalelse p\u00e5 kommuneplanens arealdel for M\u00e5lselv kommune - Troms<\/title>\n<meta name=\"robots\" content=\"index, follow, max-snippet:-1, max-image-preview:large, max-video-preview:-1\" \/>\n<link rel=\"canonical\" href=\"https:\/\/naturvernforbundet.no\/troms\/fylkeslaget-har-levert-horingsuttalelse-pa-kommuneplanens-arealdel-for-malselv-kommune\/\" \/>\n<meta property=\"og:locale\" content=\"nb_NO\" \/>\n<meta property=\"og:type\" content=\"article\" \/>\n<meta property=\"og:title\" content=\"Fylkeslaget har levert h\u00f8ringsuttalelse p\u00e5 kommuneplanens arealdel for M\u00e5lselv kommune - Troms\" \/>\n<meta property=\"og:description\" content=\"- Den samlede utviklingen gir grunn til betydelig bekymring. N\u00e5r nye fritids- og turistomr\u00e5der, utvidelser av eksisterende anlegg, \u00f8kt tilrettelegging, parkeringsplasser og \u00f8kt ferdsel vurderes samlet, framst\u00e5r den potensielle belastningen p\u00e5 natur, friluftsliv og reindrift som betydelig.\" \/>\n<meta property=\"og:url\" content=\"https:\/\/naturvernforbundet.no\/troms\/fylkeslaget-har-levert-horingsuttalelse-pa-kommuneplanens-arealdel-for-malselv-kommune\/\" \/>\n<meta property=\"og:site_name\" content=\"Troms\" \/>\n<meta property=\"article:published_time\" content=\"2026-09-01T09:53:37+00:00\" \/>\n<meta property=\"article:modified_time\" content=\"2026-09-01T09:54:21+00:00\" \/>\n<meta property=\"og:image\" content=\"https:\/\/naturvernforbundet.no\/content\/uploads\/sites\/20\/2026\/09\/image.png\" \/>\n\t<meta property=\"og:image:width\" content=\"1140\" \/>\n\t<meta property=\"og:image:height\" content=\"641\" \/>\n\t<meta property=\"og:image:type\" content=\"image\/png\" \/>\n<meta name=\"author\" content=\"Kristin Dahl\" \/>\n<meta name=\"twitter:card\" content=\"summary_large_image\" \/>\n<meta name=\"twitter:label1\" content=\"Skrevet av\" \/>\n\t<meta name=\"twitter:data1\" content=\"Kristin Dahl\" \/>\n\t<meta name=\"twitter:label2\" content=\"Ansl. lesetid\" \/>\n\t<meta name=\"twitter:data2\" content=\"8 minutter\" \/>\n<script type=\"application\/ld+json\" class=\"yoast-schema-graph\">{\"@context\":\"https:\/\/schema.org\",\"@graph\":[{\"@type\":\"WebPage\",\"@id\":\"https:\/\/naturvernforbundet.no\/troms\/fylkeslaget-har-levert-horingsuttalelse-pa-kommuneplanens-arealdel-for-malselv-kommune\/\",\"url\":\"https:\/\/naturvernforbundet.no\/troms\/fylkeslaget-har-levert-horingsuttalelse-pa-kommuneplanens-arealdel-for-malselv-kommune\/\",\"name\":\"Fylkeslaget har levert h\u00f8ringsuttalelse p\u00e5 kommuneplanens arealdel for M\u00e5lselv kommune - Troms\",\"isPartOf\":{\"@id\":\"https:\/\/naturvernforbundet.no\/troms\/#website\"},\"primaryImageOfPage\":{\"@id\":\"https:\/\/naturvernforbundet.no\/troms\/fylkeslaget-har-levert-horingsuttalelse-pa-kommuneplanens-arealdel-for-malselv-kommune\/#primaryimage\"},\"image\":{\"@id\":\"https:\/\/naturvernforbundet.no\/troms\/fylkeslaget-har-levert-horingsuttalelse-pa-kommuneplanens-arealdel-for-malselv-kommune\/#primaryimage\"},\"thumbnailUrl\":\"https:\/\/naturvernforbundet.no\/content\/uploads\/sites\/20\/2026\/09\/image.png\",\"datePublished\":\"2026-09-01T09:53:37+00:00\",\"dateModified\":\"2026-09-01T09:54:21+00:00\",\"author\":{\"@id\":\"https:\/\/naturvernforbundet.no\/troms\/#\/schema\/person\/49270177e1a2bb8a39e9d5df8d2ef03d\"},\"breadcrumb\":{\"@id\":\"https:\/\/naturvernforbundet.no\/troms\/fylkeslaget-har-levert-horingsuttalelse-pa-kommuneplanens-arealdel-for-malselv-kommune\/#breadcrumb\"},\"inLanguage\":\"nb-NO\",\"potentialAction\":[{\"@type\":\"ReadAction\",\"target\":[\"https:\/\/naturvernforbundet.no\/troms\/fylkeslaget-har-levert-horingsuttalelse-pa-kommuneplanens-arealdel-for-malselv-kommune\/\"]}]},{\"@type\":\"ImageObject\",\"inLanguage\":\"nb-NO\",\"@id\":\"https:\/\/naturvernforbundet.no\/troms\/fylkeslaget-har-levert-horingsuttalelse-pa-kommuneplanens-arealdel-for-malselv-kommune\/#primaryimage\",\"url\":\"https:\/\/naturvernforbundet.no\/content\/uploads\/sites\/20\/2026\/09\/image.png\",\"contentUrl\":\"https:\/\/naturvernforbundet.no\/content\/uploads\/sites\/20\/2026\/09\/image.png\",\"width\":1140,\"height\":641},{\"@type\":\"BreadcrumbList\",\"@id\":\"https:\/\/naturvernforbundet.no\/troms\/fylkeslaget-har-levert-horingsuttalelse-pa-kommuneplanens-arealdel-for-malselv-kommune\/#breadcrumb\",\"itemListElement\":[{\"@type\":\"ListItem\",\"position\":1,\"name\":\"Till naturvernforbundet.no\",\"item\":\"https:\/\/naturvernforbundet.no\/\"},{\"@type\":\"ListItem\",\"position\":2,\"name\":\"Troms\",\"item\":\"https:\/\/naturvernforbundet.no\/troms\/\"},{\"@type\":\"ListItem\",\"position\":3,\"name\":\"Fylkeslaget har levert h\u00f8ringsuttalelse p\u00e5 kommuneplanens arealdel for M\u00e5lselv kommune\"}]},{\"@type\":\"WebSite\",\"@id\":\"https:\/\/naturvernforbundet.no\/troms\/#website\",\"url\":\"https:\/\/naturvernforbundet.no\/troms\/\",\"name\":\"Troms\",\"description\":\"Bare enda et Naturvernforbundet Sites-nettsted\",\"potentialAction\":[{\"@type\":\"SearchAction\",\"target\":{\"@type\":\"EntryPoint\",\"urlTemplate\":\"https:\/\/naturvernforbundet.no\/troms\/?s={search_term_string}\"},\"query-input\":{\"@type\":\"PropertyValueSpecification\",\"valueRequired\":true,\"valueName\":\"search_term_string\"}}],\"inLanguage\":\"nb-NO\"},{\"@type\":\"Person\",\"@id\":\"https:\/\/naturvernforbundet.no\/troms\/#\/schema\/person\/49270177e1a2bb8a39e9d5df8d2ef03d\",\"name\":\"Kristin Dahl\",\"image\":{\"@type\":\"ImageObject\",\"inLanguage\":\"nb-NO\",\"@id\":\"https:\/\/naturvernforbundet.no\/troms\/#\/schema\/person\/image\/\",\"url\":\"https:\/\/secure.gravatar.com\/avatar\/bcb54c72d935eff21641ceccaf82d32d?s=96&d=mm&r=g\",\"contentUrl\":\"https:\/\/secure.gravatar.com\/avatar\/bcb54c72d935eff21641ceccaf82d32d?s=96&d=mm&r=g\",\"caption\":\"Kristin Dahl\"},\"url\":\"https:\/\/naturvernforbundet.no\/troms\/author\/kristindahl\/\"}]}<\/script>\n<!-- \/ Yoast SEO plugin. -->","yoast_head_json":{"title":"Fylkeslaget har levert h\u00f8ringsuttalelse p\u00e5 kommuneplanens arealdel for M\u00e5lselv kommune - Troms","robots":{"index":"index","follow":"follow","max-snippet":"max-snippet:-1","max-image-preview":"max-image-preview:large","max-video-preview":"max-video-preview:-1"},"canonical":"https:\/\/naturvernforbundet.no\/troms\/fylkeslaget-har-levert-horingsuttalelse-pa-kommuneplanens-arealdel-for-malselv-kommune\/","og_locale":"nb_NO","og_type":"article","og_title":"Fylkeslaget har levert h\u00f8ringsuttalelse p\u00e5 kommuneplanens arealdel for M\u00e5lselv kommune - Troms","og_description":"- Den samlede utviklingen gir grunn til betydelig bekymring. N\u00e5r nye fritids- og turistomr\u00e5der, utvidelser av eksisterende anlegg, \u00f8kt tilrettelegging, parkeringsplasser og \u00f8kt ferdsel vurderes samlet, framst\u00e5r den potensielle belastningen p\u00e5 natur, friluftsliv og reindrift som betydelig.","og_url":"https:\/\/naturvernforbundet.no\/troms\/fylkeslaget-har-levert-horingsuttalelse-pa-kommuneplanens-arealdel-for-malselv-kommune\/","og_site_name":"Troms","article_published_time":"2026-09-01T09:53:37+00:00","article_modified_time":"2026-09-01T09:54:21+00:00","og_image":[{"width":1140,"height":641,"url":"https:\/\/naturvernforbundet.no\/content\/uploads\/sites\/20\/2026\/09\/image.png","type":"image\/png"}],"author":"Kristin Dahl","twitter_card":"summary_large_image","twitter_misc":{"Skrevet av":"Kristin Dahl","Ansl. lesetid":"8 minutter"},"schema":{"@context":"https:\/\/schema.org","@graph":[{"@type":"WebPage","@id":"https:\/\/naturvernforbundet.no\/troms\/fylkeslaget-har-levert-horingsuttalelse-pa-kommuneplanens-arealdel-for-malselv-kommune\/","url":"https:\/\/naturvernforbundet.no\/troms\/fylkeslaget-har-levert-horingsuttalelse-pa-kommuneplanens-arealdel-for-malselv-kommune\/","name":"Fylkeslaget har levert h\u00f8ringsuttalelse p\u00e5 kommuneplanens arealdel for M\u00e5lselv kommune - Troms","isPartOf":{"@id":"https:\/\/naturvernforbundet.no\/troms\/#website"},"primaryImageOfPage":{"@id":"https:\/\/naturvernforbundet.no\/troms\/fylkeslaget-har-levert-horingsuttalelse-pa-kommuneplanens-arealdel-for-malselv-kommune\/#primaryimage"},"image":{"@id":"https:\/\/naturvernforbundet.no\/troms\/fylkeslaget-har-levert-horingsuttalelse-pa-kommuneplanens-arealdel-for-malselv-kommune\/#primaryimage"},"thumbnailUrl":"https:\/\/naturvernforbundet.no\/content\/uploads\/sites\/20\/2026\/09\/image.png","datePublished":"2026-09-01T09:53:37+00:00","dateModified":"2026-09-01T09:54:21+00:00","author":{"@id":"https:\/\/naturvernforbundet.no\/troms\/#\/schema\/person\/49270177e1a2bb8a39e9d5df8d2ef03d"},"breadcrumb":{"@id":"https:\/\/naturvernforbundet.no\/troms\/fylkeslaget-har-levert-horingsuttalelse-pa-kommuneplanens-arealdel-for-malselv-kommune\/#breadcrumb"},"inLanguage":"nb-NO","potentialAction":[{"@type":"ReadAction","target":["https:\/\/naturvernforbundet.no\/troms\/fylkeslaget-har-levert-horingsuttalelse-pa-kommuneplanens-arealdel-for-malselv-kommune\/"]}]},{"@type":"ImageObject","inLanguage":"nb-NO","@id":"https:\/\/naturvernforbundet.no\/troms\/fylkeslaget-har-levert-horingsuttalelse-pa-kommuneplanens-arealdel-for-malselv-kommune\/#primaryimage","url":"https:\/\/naturvernforbundet.no\/content\/uploads\/sites\/20\/2026\/09\/image.png","contentUrl":"https:\/\/naturvernforbundet.no\/content\/uploads\/sites\/20\/2026\/09\/image.png","width":1140,"height":641},{"@type":"BreadcrumbList","@id":"https:\/\/naturvernforbundet.no\/troms\/fylkeslaget-har-levert-horingsuttalelse-pa-kommuneplanens-arealdel-for-malselv-kommune\/#breadcrumb","itemListElement":[{"@type":"ListItem","position":1,"name":"Till naturvernforbundet.no","item":"https:\/\/naturvernforbundet.no\/"},{"@type":"ListItem","position":2,"name":"Troms","item":"https:\/\/naturvernforbundet.no\/troms\/"},{"@type":"ListItem","position":3,"name":"Fylkeslaget har levert h\u00f8ringsuttalelse p\u00e5 kommuneplanens arealdel for M\u00e5lselv kommune"}]},{"@type":"WebSite","@id":"https:\/\/naturvernforbundet.no\/troms\/#website","url":"https:\/\/naturvernforbundet.no\/troms\/","name":"Troms","description":"Bare enda et Naturvernforbundet Sites-nettsted","potentialAction":[{"@type":"SearchAction","target":{"@type":"EntryPoint","urlTemplate":"https:\/\/naturvernforbundet.no\/troms\/?s={search_term_string}"},"query-input":{"@type":"PropertyValueSpecification","valueRequired":true,"valueName":"search_term_string"}}],"inLanguage":"nb-NO"},{"@type":"Person","@id":"https:\/\/naturvernforbundet.no\/troms\/#\/schema\/person\/49270177e1a2bb8a39e9d5df8d2ef03d","name":"Kristin Dahl","image":{"@type":"ImageObject","inLanguage":"nb-NO","@id":"https:\/\/naturvernforbundet.no\/troms\/#\/schema\/person\/image\/","url":"https:\/\/secure.gravatar.com\/avatar\/bcb54c72d935eff21641ceccaf82d32d?s=96&d=mm&r=g","contentUrl":"https:\/\/secure.gravatar.com\/avatar\/bcb54c72d935eff21641ceccaf82d32d?s=96&d=mm&r=g","caption":"Kristin Dahl"},"url":"https:\/\/naturvernforbundet.no\/troms\/author\/kristindahl\/"}]}},"_links":{"self":[{"href":"https:\/\/naturvernforbundet.no\/troms\/wp-json\/wp\/v2\/posts\/7363","targetHints":{"allow":["GET"]}}],"collection":[{"href":"https:\/\/naturvernforbundet.no\/troms\/wp-json\/wp\/v2\/posts"}],"about":[{"href":"https:\/\/naturvernforbundet.no\/troms\/wp-json\/wp\/v2\/types\/post"}],"author":[{"embeddable":true,"href":"https:\/\/naturvernforbundet.no\/troms\/wp-json\/wp\/v2\/users\/390"}],"replies":[{"embeddable":true,"href":"https:\/\/naturvernforbundet.no\/troms\/wp-json\/wp\/v2\/comments?post=7363"}],"version-history":[{"count":14,"href":"https:\/\/naturvernforbundet.no\/troms\/wp-json\/wp\/v2\/posts\/7363\/revisions"}],"predecessor-version":[{"id":7379,"href":"https:\/\/naturvernforbundet.no\/troms\/wp-json\/wp\/v2\/posts\/7363\/revisions\/7379"}],"wp:featuredmedia":[{"embeddable":true,"href":"https:\/\/naturvernforbundet.no\/troms\/wp-json\/wp\/v2\/media\/7376"}],"wp:attachment":[{"href":"https:\/\/naturvernforbundet.no\/troms\/wp-json\/wp\/v2\/media?parent=7363"}],"wp:term":[{"taxonomy":"category","embeddable":true,"href":"https:\/\/naturvernforbundet.no\/troms\/wp-json\/wp\/v2\/categories?post=7363"},{"taxonomy":"post_tag","embeddable":true,"href":"https:\/\/naturvernforbundet.no\/troms\/wp-json\/wp\/v2\/tags?post=7363"},{"taxonomy":"local","embeddable":true,"href":"https:\/\/naturvernforbundet.no\/troms\/wp-json\/wp\/v2\/local?post=7363"}],"curies":[{"name":"wp","href":"https:\/\/api.w.org\/{rel}","templated":true}]}}