{"id":1252,"date":"2019-12-19T14:15:37","date_gmt":"2019-12-19T13:15:37","guid":{"rendered":"https:\/\/naturvernforbundet.no\/trondelag\/aret-som-gikk-i-naturvernforbundet-i-trondelag\/"},"modified":"2024-08-23T09:32:51","modified_gmt":"2024-08-23T07:32:51","slug":"aret-som-gikk-i-naturvernforbundet-i-trondelag","status":"publish","type":"post","link":"https:\/\/naturvernforbundet.no\/trondelag\/aret-som-gikk-i-naturvernforbundet-i-trondelag\/","title":{"rendered":"\u00c5ret som gikk i Naturvernforbundet i Tr\u00f8ndelag"},"content":{"rendered":"\t<div class=\"template-post alignfull wp-block-naturvern-hero\">\n\t\t<div class=\"hero__inner\">\n\t\t\t<div class=\"hero__inner_blocks\">\n\t\t\t\t\t\t\t\t\n\t\t\t\t\t<h1 class=\"wp-block-post-title\">\u00c5ret som gikk i Naturvernforbundet i Tr\u00f8ndelag<\/h1>\n\n\t\t\t\t\t<div class=\"wp-block-post-excerpt\"><p class=\"wp-block-post-excerpt__excerpt\">2019 har v\u00e6rt et \u00e5r med mange milj\u00f8kamper, med vindkraftkampen og ungdommenes klimaprotester som de to st\u00f8rste. Naturvernforbundet i Tr\u00f8ndelag har hatt en eventyrlig medlemsvekst og bikker n\u00e5 snart 3000 medlemmer og den 29. april ble vi samlet til fylkeslag. <\/p><\/div>\n\n\t\t\t\t\t<figure class=\"wp-block-post-featured-image\"><img loading=\"lazy\" decoding=\"async\" width=\"950\" height=\"713\" src=\"https:\/\/naturvernforbundet.no\/content\/uploads\/sites\/19\/2019\/12\/IMG_0179.JPG2028fullscreen29.jpg\" class=\"attachment-post-thumbnail size-post-thumbnail wp-post-image\" alt=\"\" style=\"object-fit:cover;\" srcset=\"https:\/\/naturvernforbundet.no\/content\/uploads\/sites\/19\/2019\/12\/IMG_0179.JPG2028fullscreen29.jpg 950w, https:\/\/naturvernforbundet.no\/content\/uploads\/sites\/19\/2019\/12\/IMG_0179.JPG2028fullscreen29-300x225.jpg 300w, https:\/\/naturvernforbundet.no\/content\/uploads\/sites\/19\/2019\/12\/IMG_0179.JPG2028fullscreen29-768x576.jpg 768w\" sizes=\"auto, (max-width: 950px) 100vw, 950px\" \/><\/figure>\n\n\t\t\t\t\t<div class=\"wp-block-naturvern-byline\">\n\t\t\t<div class=\"authors\">By <span class=\"t2-byline__author-link\">Hallgeir Fr\u00f8seth Opdal (i permisjon)<\/span><\/div>\n\t\t\t<small class=\"entry-date\">19.12.2019 14:15<\/small><small class=\"entry-date\"> | Sist oppdatert: 23.08.2024 09:32<\/small>\n\t\t<\/div>\n\t\t\t\t\t\t\t\t<\/div>\n\t\t\t\t\t<\/div>\n\t\t\t<\/div>\n\t\n<p>2019 var det \u00e5ret <a href=\"https:\/\/naturvernforbundet.no\/trondelag\/naturvernforbundet-i-trondelag-stiftet-article39220-1422.html\">Naturvernforbundet i Tr\u00f8ndelag ble sl\u00e5tt sammen til et fylke<\/a> og vi er n\u00e6r p\u00e5 \u00e5 bikke 3000 medlemmer. Viktige saker som motorvei, <a href=\"https:\/\/naturvernforbundet.no\/trondelag\/vilkarsrevisjon-ma-bety-bedre-miljo-article39447-1422.html\">vannkraft<\/a>, gruver og klimaengasjement har st\u00e5tt p\u00e5 dagsorden. Men det er i vindkraftsp\u00f8rsm\u00e5let, det virkelig har v\u00e6rt kamp her i Tr\u00f8ndelag, og det nye \u00e5ret startet ikke slik vi \u00f8nsket. 3. januar fikk vi vite at Tr\u00f8nder-Energi og Stadwerke M\u00fcnchen hadde fattet investeringsbeslutning om \u00e5 bygge ut vindkrat p\u00e5 Fr\u00f8ya, Stokkfjellet i Selbu og S\u00f8rmarkfjellet i Flatanger. Dette skulle vise seg \u00e5 bli dr\u00e5pen som fikk sinnene til \u00e5 koke over og folk sa nok er nok for natur\u00f8deleggende vindkraft. Naturvernforbundet har lenge engasjert seg i denne kampen og l\u00f8rdag 26. januar dro vi utover til Fr\u00f8ya for \u00e5 demonstrere med n\u00e6rmere 300 fr\u00f8yv\u00e6ringer mot vindkraftplanene.&nbsp;<\/p>\n\n\n\n<p><br>\n<em>Saken fortsetter under bildet<\/em><\/p>\n\n\n\n<figure class=\"wp-block-image\"><img decoding=\"async\" src=\"__CPMMFILEID_URL__::149740::\" alt=\"Fylkesleder Magne V\u00e5gsland holder appell under demonstrasjonen p\u00e5 Fr\u00f8ya\" title=\"Fylkesleder Magne V\u00e5gsland holder appell under demonstrasjonen p\u00e5 Fr\u00f8ya\"\/><\/figure>\n\n\n\n<p>Les mer: <a href=\"https:\/\/www.hitra-froya.no\/meninger\/2019\/01\/14\/Naturvernforbundet-7-grunner-til-%C3%A5-trekke-tilbake-konsesjonen-18243255.ece\">Leserinnlegg &#8211; Trekk attende konsesjonen<\/a><br>\nLes mer: <a href=\"https:\/\/www.froya.no\/nyheter\/ikke-%C3%B8delegg-naturen-v%C3%A5r\">-Ikke \u00f8delegg naturen v\u00e5r<\/a><\/p>\n\n\n\n<p>Vindkraftkampen skulle vise seg \u00e5 ta av i \u00e5ret som kom og Naturvernforbundet i Tr\u00f8ndelag har engasjert seg p\u00e5 flere m\u00e5ter. Den 9. mars avholdt vi et stort m\u00f8te med n\u00e6rt 100 framm\u00f8tte p\u00e5 Flatanger i forbindelse med utbygginga i S\u00f8rmarkfjellet. Dette resulterte at vi fikk dannet et nytt lokallag i Flatanger. Ogs\u00e5 i \u00c5fjord ble det dannet nytt <a href=\"https:\/\/naturvernforbundet.no\/trondelag\/nytt-lokallag-vil-forsvare-kystnaturen-article39293-1422.html\">lokallag med bakgrunn i protestene mot vindkraftverk i kommunen<\/a>. Protestene p\u00e5 S\u00f8rmarkfjellet og Fr\u00f8ya har skjedd uavhengig av oss, <a href=\"https:\/\/naturvernforbundet.no\/trondelag\/nyheter\/stotte-til-aksjonitene-ved-sormarkfjellet-og-froya-article39153-1428.html\">men vi har gitt dem v\u00e5r fulle st\u00f8tte<\/a>. Vi har sendt flere brev til myndighetene med krav om anleggstans, <a href=\"https:\/\/naturvernforbundet.no\/trondelag\/krever-stans-i-anleggsarbeidet-grunnet-hubrofunn-article39271-1422.html\">blant annet som grunnet konsekvensene for hubrobestanden.<\/a>&nbsp;<\/p>\n\n\n\n<p><span style=\"background-color:#ffffff; color:#3c3c3c; font-family:&quot;PT Sans&quot;,sans-serif; font-size:16px\">Les mer: <\/span><a href=\"https:\/\/naturvernforbundet.no\/trondelag\/nytt-lokallag-i-stormens-kjerne-article39175-1422.html\" style=\"color: rgb(89, 160, 39); font-family: &amp;quot;pt sans&amp;quot;,sans-serif; font-size: 16px; font-style: normal; font-variant: normal; font-weight: 400; letter-spacing: normal; orphans: 2; text-align: left; text-decoration: none; text-indent: 0px; text-transform: none; -webkit-text-stroke-width: 0px; white-space: normal; word-spacing: 0px;\">Nytt lokallag i stormens kjerne<\/a><br>\n<span style=\"background-color:#ffffff; color:#3c3c3c; font-family:&quot;PT Sans&quot;,sans-serif; font-size:16px\">Les mer: <\/span><a href=\"https:\/\/naturvernforbundet.no\/trondelag\/krever-stans-i-anleggsarbeidet-grunnet-hubrofunn-article39271-1422.html\" style=\"color: rgb(89, 160, 39); font-family: &amp;quot;pt sans&amp;quot;,sans-serif; font-size: 16px; font-style: normal; font-variant: normal; font-weight: 400; letter-spacing: normal; orphans: 2; text-align: left; text-decoration: none; text-indent: 0px; text-transform: none; -webkit-text-stroke-width: 0px; white-space: normal; word-spacing: 0px;\">Krever stans i anleggsarbeidet grunnet hubrofunn<\/a><br>\n<br>\n<em>Saken fortsetter under bildet<\/em><br>\n<img loading=\"lazy\" decoding=\"async\" alt=\"\" class=\"cp-mmarchive-image-default\" height=\"480\" src=\"__CPMMFILEID_URL__::142558::\" width=\"653\"><\/p>\n\n\n\n<p>Tr\u00f8ndelag er med alle vindkraftverkene under bygging utsatt for sv\u00e6rt store naturinngrep. Men det var tydeligvis ikke nok. 1. april ble det lagt ut p\u00e5 h\u00f8ring en nasjonal ramme for vindkraft som inkluderte tre nye omr\u00e5der i Tr\u00f8ndelag. Vi engasjerte oss mot disse planene og sammen med en rekke andre organisasjoner og enkeltpersoner leverte vi <a href=\"https:\/\/naturvernforbundet.no\/trondelag\/uttalelser\/nei-til-mer-vindkraft-i-trondelag-article39652-1436.html\">h\u00f8ringsuttalelse mot denne rammen.&nbsp;<\/a> All motstanden f\u00f8rte til at rammen ble trukket tilbake. Vi har ogs\u00e5 jobbet hardt for \u00e5 skape allianser noe som kulminerte utafor Tr\u00f8nder-Energis generalforsamling p\u00e5 Lerkendal den 13. mai da 150 personer m\u00f8ttes til demonstrasjon, og utafor Tinghuset 2. desember da en rekke organiasjoner samlet seg tidlig p\u00e5 morgenen for st\u00f8tte reindriftsamenes kamp mot Fosen Vind p\u00e5 Storheia. Vi lagde ogs\u00e5 et faktahefte om vindkraft som et nyttig verkt\u00f8y for god argumentasjon.&nbsp;<br>\n<br>\n<em>Saken fortsetter under bildet<\/em><br>\n<img loading=\"lazy\" decoding=\"async\" alt=\"\" class=\"cp-mmarchive-image-default\" height=\"403\" src=\"__CPMMFILEID_URL__::149746::\" width=\"653\"><br>\n<br>\nLes mer: <a href=\"https:\/\/naturvernforbundet.no\/trondelag\/brei-allianse-demonstrerte-mot-vindkraftplanene-article39247-1422.html\">Brei allianse demonstrete mot vindkraft<\/a><br>\nLes mer: <a href=\"https:\/\/naturvernforbundet.no\/trondelag\/faktahefte-om-vindkraft-article39517-1422.html\">Naturvernforbundet i Tr\u00f8ndelags faktahefte om vindkraft<\/a><br>\n<br>\nMen 2019 har ikke bare handlet om vindkraft. Den 8. mars stilte vi opp utafor Venstres landsm\u00f8te p\u00e5 Hell med krav om at regjeringa m\u00e5tte trekke tilbake tillatelsene om \u00e5 dumpe farlig gruveavfall i Repparfjorden.&nbsp;<br>\n<br>\nLes mer: <a href=\"https:\/\/naturvernforbundet.no\/repparfjord\/stilte-gruvekrav-til-venstres-landsmote-article39004-3800.html\">Stilte gruvekrav til Venstres landsm\u00f8te<\/a><\/p>\n\n\n\n<p>En sak som vi har engasjert oss i mange \u00e5r og som vi endelig fikk gjennomslag for i 2019 var vern av Garbergelva i Selbu.&nbsp;<span style=\"font-family:Arial,Helvetica,sans-serif\"> <span style=\"color:#3c3c3c; font-size:14px\">Olje- og energidepartementet fredag 6. september 2019 avslo konsesjonss\u00f8knaden for utbygging av Prestfossan i Garbergelva. F\u00f8r valget hadde vi et m\u00f8te om Garbergelva i Selbu, med sv\u00e6rt godt oppm\u00f8te. Vi har n\u00e5 tatt initiativ til et vern av Garbergelva.&nbsp;<br>\n<br>\nLes mer: <a href=\"https:\/\/naturvernforbundet.no\/naturvern\/vern_av_naturomrader\/vassdrag\/garbergelva-er-reddet-article39585-749.html\">Garbergelva er reddet.&nbsp;<\/a><\/span><\/span><br>\nLes mer: <a href=\"http:\/\/selbyggen.no\/apent-mote-om-garbergelva\/ \">Selbyggen . \u00c5pent m\u00f8te om Garbergelva<\/a><br>\nLes mer: <a href=\"https:\/\/nearadio.no\/nyheter\/selbu-tydal\/et-rungende-nei-til-utbygging\/19.22154\">Nea Radio &#8211; Et rungende nei til utbygging<\/a><br>\n<br>\n<em>Saken fortsetter under bildet<\/em><br>\n<img loading=\"lazy\" decoding=\"async\" alt=\"\" class=\"cp-mmarchive-image-default\" height=\"435\" src=\"__CPMMFILEID_URL__::149770::\" width=\"653\"><br>\n<br>\nI valgkampen stilte vi sp\u00f8rsm\u00e5l til alle partiene p\u00e5 fylket om diverse natur- og milj\u00f8sp\u00f8rsm\u00e5l. Vi arrangerte ogs\u00e5 et m\u00f8te med over 200 personer hvor vi inviterte toppolitikerne i Trondheim til \u00e5 diskutere aktuelle milj\u00f8saker i fylkeshovedstaden.&nbsp;<br>\n<br>\nLes mer: <a href=\"https:\/\/naturvernforbundet.no\/trondelag\/naturens-valg-i-trondelag-article39587-1422.html\">Naturens valg i Tr\u00f8ndelag<\/a><br>\n<br>\nVi har ogs\u00e5 engasjert oss mot Nye veiers planlagte utvidelse til 4-felts med 110 km\/t fartsgrense p\u00e5 E6 nord og s\u00f8r for Trondheim. Dette er en vei som vil f\u00f8re til tap av matjord og natur, \u00f8kte klimagassutslipp og utslipp av mikroplast. I tillegg vil den ikke v\u00e6re samfunnsnyttig sammenlignet med en noe mer n\u00f8ktern veiforbedring.&nbsp;<br>\n<br>\nLes mer: <a href=\"https:\/\/naturvernforbundet.no\/trondelag\/gar-mot-utvidelse-til-4-felts-vei-article39754-1422.html\">G\u00e5r mot utvidelse til 4-felts vei<\/a><\/p>\n\n\n\n<p><em>Saken fortsetter under bildet<\/em><\/p>\n\n\n\n<figure class=\"wp-block-image\"><img decoding=\"async\" src=\"__CPMMFILEID_URL__::149753::\" alt=\"\"\/><\/figure>\n\n\n\n<p>Naturvernforbundet i Tr\u00f8ndelag arrangerte helga 10. &#8211; 12. mai rydde og kartleggingstur til Mausund feltstasjon. Mengden plast som m\u00f8tte oss der ute var skremmende og det er n\u00e5 viktig med handling for \u00e5 f\u00e5 bukt med plastforurensinga. Vi har i tillegg avholdt flere ryddeaksjoner i byen og verksteder hvor folk l\u00e6rer seg \u00e5 leve uten plast.&nbsp;<br>\n<br>\nLes mer: <a href=\"https:\/\/naturvernforbundet.no\/trondelag\/sjokkert-over-mengden-plast-pa-mausund-article39268-1422.html\">Sjokkert over mengden plast p\u00e5 Mausund<\/a><\/p>\n\n\n\n<p>En annen ting som har f\u00e5tt \u00f8kt oppmerksomhet i \u00e5ret som har g\u00e5tt er viktigheten av \u00e5 ta vare p\u00e5 innsektsbestanden. Vi har hjulpet innsektene p\u00e5 v\u00e5r m\u00e5te b\u00e5de med \u00e5 spre informasjon og praktisk handling. Gjennom prosjektet Innsats for innsekter har vi blant annet etablert en blomstereng p\u00e5 trikkesl\u00f8yfa p\u00e5 Lian.&nbsp;<br>\n<br>\nLes mer: <a href=\"https:\/\/naturvernforbundet.no\/trondelag\/trondheim\/prosjekt-innsats-for-insekter-article39660-1440.html\">Prosjekt Innsats for innsekter<\/a><br>\n<br>\n\u00c5ret kulminerte med at Hedwig Thiery Aresvik og Motvind delte \u00e5rets Natur- og milj\u00f8pris for sin innsats for \u00e5 sette fokus p\u00e5 viktige natur- og milj\u00f8saker i \u00e5ret som har g\u00e5tt.<br>\n<br>\nLes mer: <a href=\"https:\/\/naturvernforbundet.no\/trondelag\/klimaaktivist-og-vindkraftmotstandere-deler-arets-pris-article39891-1422.html\">Delt Natur- og milj\u00f8pris i 2019<\/a><br>\n<br>\nGjennom \u00e5ret har vi hatt n\u00e6rmere 60 arrangementer med turer, verksteder, kurs og milj\u00f8kvelder. Vi h\u00e5per at du blir med oss videre og er hjertelig velkommen p\u00e5 v\u00e5re arrangementer eller \u00e5 engasjere deg p\u00e5 annen m\u00e5te i 2020.&nbsp;<\/p>\n","protected":false},"excerpt":{"rendered":"<p>2019 har v\u00e6rt et \u00e5r med mange milj\u00f8kamper, med vindkraftkampen og ungdommenes klimaprotester som de to st\u00f8rste. Naturvernforbundet i Tr\u00f8ndelag har hatt en eventyrlig medlemsvekst og bikker n\u00e5 snart 3000 medlemmer og den 29. april ble vi samlet til fylkeslag.<\/p>\n","protected":false},"author":94,"featured_media":1253,"comment_status":"closed","ping_status":"closed","sticky":false,"template":"","format":"standard","meta":{"_relevanssi_hide_post":"","_relevanssi_hide_content":"","_relevanssi_pin_for_all":"","_relevanssi_pin_keywords":"","_relevanssi_unpin_keywords":"","_relevanssi_related_keywords":"","_relevanssi_related_include_ids":"","_relevanssi_related_exclude_ids":"","_relevanssi_related_no_append":"","_relevanssi_related_not_related":"","_relevanssi_related_posts":"","_relevanssi_noindex_reason":"","hide_logo":false,"footnotes":""},"categories":[16],"tags":[],"local":[],"class_list":["post-1252","post","type-post","status-publish","format-standard","has-post-thumbnail","hentry","category-nyheter"],"acf":[],"yoast_head":"<!-- This site is optimized with the Yoast SEO plugin v24.9 - https:\/\/yoast.com\/wordpress\/plugins\/seo\/ -->\n<title>\u00c5ret som gikk i Naturvernforbundet i Tr\u00f8ndelag - Tr\u00f8ndelag<\/title>\n<meta name=\"robots\" content=\"index, follow, max-snippet:-1, max-image-preview:large, max-video-preview:-1\" \/>\n<link rel=\"canonical\" href=\"https:\/\/naturvernforbundet.no\/trondelag\/aret-som-gikk-i-naturvernforbundet-i-trondelag\/\" \/>\n<meta property=\"og:locale\" content=\"nb_NO\" \/>\n<meta property=\"og:type\" content=\"article\" \/>\n<meta property=\"og:title\" content=\"\u00c5ret som gikk i Naturvernforbundet i Tr\u00f8ndelag - Tr\u00f8ndelag\" \/>\n<meta property=\"og:description\" content=\"2019 har v\u00e6rt et \u00e5r med mange milj\u00f8kamper, med vindkraftkampen og ungdommenes klimaprotester som de to st\u00f8rste. Naturvernforbundet i Tr\u00f8ndelag har hatt en eventyrlig medlemsvekst og bikker n\u00e5 snart 3000 medlemmer og den 29. april ble vi samlet til fylkeslag.\" \/>\n<meta property=\"og:url\" content=\"https:\/\/naturvernforbundet.no\/trondelag\/aret-som-gikk-i-naturvernforbundet-i-trondelag\/\" \/>\n<meta property=\"og:site_name\" content=\"Tr\u00f8ndelag\" \/>\n<meta property=\"article:published_time\" content=\"2019-12-19T13:15:37+00:00\" \/>\n<meta property=\"article:modified_time\" content=\"2024-08-23T07:32:51+00:00\" \/>\n<meta property=\"og:image\" content=\"https:\/\/naturvernforbundet.no\/content\/uploads\/sites\/19\/2019\/12\/IMG_0179.JPG2028fullscreen29.jpg\" \/>\n\t<meta property=\"og:image:width\" content=\"950\" \/>\n\t<meta property=\"og:image:height\" content=\"713\" \/>\n\t<meta property=\"og:image:type\" content=\"image\/jpeg\" \/>\n<meta name=\"author\" content=\"Hallgeir Fr\u00f8seth Opdal (i permisjon)\" \/>\n<meta name=\"twitter:card\" content=\"summary_large_image\" \/>\n<meta name=\"twitter:label1\" content=\"Skrevet av\" \/>\n\t<meta name=\"twitter:data1\" content=\"Hallgeir Fr\u00f8seth Opdal (i permisjon)\" \/>\n\t<meta name=\"twitter:label2\" content=\"Ansl. lesetid\" \/>\n\t<meta name=\"twitter:data2\" content=\"5 minutter\" \/>\n<script type=\"application\/ld+json\" class=\"yoast-schema-graph\">{\"@context\":\"https:\/\/schema.org\",\"@graph\":[{\"@type\":\"WebPage\",\"@id\":\"https:\/\/naturvernforbundet.no\/trondelag\/aret-som-gikk-i-naturvernforbundet-i-trondelag\/\",\"url\":\"https:\/\/naturvernforbundet.no\/trondelag\/aret-som-gikk-i-naturvernforbundet-i-trondelag\/\",\"name\":\"\u00c5ret som gikk i Naturvernforbundet i Tr\u00f8ndelag - Tr\u00f8ndelag\",\"isPartOf\":{\"@id\":\"https:\/\/naturvernforbundet.no\/trondelag\/#website\"},\"primaryImageOfPage\":{\"@id\":\"https:\/\/naturvernforbundet.no\/trondelag\/aret-som-gikk-i-naturvernforbundet-i-trondelag\/#primaryimage\"},\"image\":{\"@id\":\"https:\/\/naturvernforbundet.no\/trondelag\/aret-som-gikk-i-naturvernforbundet-i-trondelag\/#primaryimage\"},\"thumbnailUrl\":\"https:\/\/naturvernforbundet.no\/content\/uploads\/sites\/19\/2019\/12\/IMG_0179.JPG2028fullscreen29.jpg\",\"datePublished\":\"2019-12-19T13:15:37+00:00\",\"dateModified\":\"2024-08-23T07:32:51+00:00\",\"author\":{\"@id\":\"https:\/\/naturvernforbundet.no\/trondelag\/#\/schema\/person\/5e315ab037d2e2f6cf343738dd85bf84\"},\"breadcrumb\":{\"@id\":\"https:\/\/naturvernforbundet.no\/trondelag\/aret-som-gikk-i-naturvernforbundet-i-trondelag\/#breadcrumb\"},\"inLanguage\":\"nb-NO\",\"potentialAction\":[{\"@type\":\"ReadAction\",\"target\":[\"https:\/\/naturvernforbundet.no\/trondelag\/aret-som-gikk-i-naturvernforbundet-i-trondelag\/\"]}]},{\"@type\":\"ImageObject\",\"inLanguage\":\"nb-NO\",\"@id\":\"https:\/\/naturvernforbundet.no\/trondelag\/aret-som-gikk-i-naturvernforbundet-i-trondelag\/#primaryimage\",\"url\":\"https:\/\/naturvernforbundet.no\/content\/uploads\/sites\/19\/2019\/12\/IMG_0179.JPG2028fullscreen29.jpg\",\"contentUrl\":\"https:\/\/naturvernforbundet.no\/content\/uploads\/sites\/19\/2019\/12\/IMG_0179.JPG2028fullscreen29.jpg\",\"width\":950,\"height\":713},{\"@type\":\"BreadcrumbList\",\"@id\":\"https:\/\/naturvernforbundet.no\/trondelag\/aret-som-gikk-i-naturvernforbundet-i-trondelag\/#breadcrumb\",\"itemListElement\":[{\"@type\":\"ListItem\",\"position\":1,\"name\":\"Till naturvernforbundet.no\",\"item\":\"https:\/\/naturvernforbundet.no\/\"},{\"@type\":\"ListItem\",\"position\":2,\"name\":\"Tr\u00f8ndelag\",\"item\":\"https:\/\/naturvernforbundet.no\/trondelag\/\"},{\"@type\":\"ListItem\",\"position\":3,\"name\":\"\u00c5ret som gikk i Naturvernforbundet i Tr\u00f8ndelag\"}]},{\"@type\":\"WebSite\",\"@id\":\"https:\/\/naturvernforbundet.no\/trondelag\/#website\",\"url\":\"https:\/\/naturvernforbundet.no\/trondelag\/\",\"name\":\"Tr\u00f8ndelag\",\"description\":\"Bare enda et Naturvernforbundet Sites-nettsted\",\"potentialAction\":[{\"@type\":\"SearchAction\",\"target\":{\"@type\":\"EntryPoint\",\"urlTemplate\":\"https:\/\/naturvernforbundet.no\/trondelag\/?s={search_term_string}\"},\"query-input\":{\"@type\":\"PropertyValueSpecification\",\"valueRequired\":true,\"valueName\":\"search_term_string\"}}],\"inLanguage\":\"nb-NO\"},{\"@type\":\"Person\",\"@id\":\"https:\/\/naturvernforbundet.no\/trondelag\/#\/schema\/person\/5e315ab037d2e2f6cf343738dd85bf84\",\"name\":\"Hallgeir Fr\u00f8seth Opdal (i permisjon)\",\"image\":{\"@type\":\"ImageObject\",\"inLanguage\":\"nb-NO\",\"@id\":\"https:\/\/naturvernforbundet.no\/trondelag\/#\/schema\/person\/image\/\",\"url\":\"https:\/\/secure.gravatar.com\/avatar\/a80183959f93d79fd664f149dafc2bf8?s=96&d=mm&r=g\",\"contentUrl\":\"https:\/\/secure.gravatar.com\/avatar\/a80183959f93d79fd664f149dafc2bf8?s=96&d=mm&r=g\",\"caption\":\"Hallgeir Fr\u00f8seth Opdal (i permisjon)\"},\"url\":\"https:\/\/naturvernforbundet.no\/trondelag\/author\/hallgeirfrosethopdal\/\"}]}<\/script>\n<!-- \/ Yoast SEO plugin. -->","yoast_head_json":{"title":"\u00c5ret som gikk i Naturvernforbundet i Tr\u00f8ndelag - Tr\u00f8ndelag","robots":{"index":"index","follow":"follow","max-snippet":"max-snippet:-1","max-image-preview":"max-image-preview:large","max-video-preview":"max-video-preview:-1"},"canonical":"https:\/\/naturvernforbundet.no\/trondelag\/aret-som-gikk-i-naturvernforbundet-i-trondelag\/","og_locale":"nb_NO","og_type":"article","og_title":"\u00c5ret som gikk i Naturvernforbundet i Tr\u00f8ndelag - Tr\u00f8ndelag","og_description":"2019 har v\u00e6rt et \u00e5r med mange milj\u00f8kamper, med vindkraftkampen og ungdommenes klimaprotester som de to st\u00f8rste. Naturvernforbundet i Tr\u00f8ndelag har hatt en eventyrlig medlemsvekst og bikker n\u00e5 snart 3000 medlemmer og den 29. april ble vi samlet til fylkeslag.","og_url":"https:\/\/naturvernforbundet.no\/trondelag\/aret-som-gikk-i-naturvernforbundet-i-trondelag\/","og_site_name":"Tr\u00f8ndelag","article_published_time":"2019-12-19T13:15:37+00:00","article_modified_time":"2024-08-23T07:32:51+00:00","og_image":[{"width":950,"height":713,"url":"https:\/\/naturvernforbundet.no\/content\/uploads\/sites\/19\/2019\/12\/IMG_0179.JPG2028fullscreen29.jpg","type":"image\/jpeg"}],"author":"Hallgeir Fr\u00f8seth Opdal (i permisjon)","twitter_card":"summary_large_image","twitter_misc":{"Skrevet av":"Hallgeir Fr\u00f8seth Opdal (i permisjon)","Ansl. lesetid":"5 minutter"},"schema":{"@context":"https:\/\/schema.org","@graph":[{"@type":"WebPage","@id":"https:\/\/naturvernforbundet.no\/trondelag\/aret-som-gikk-i-naturvernforbundet-i-trondelag\/","url":"https:\/\/naturvernforbundet.no\/trondelag\/aret-som-gikk-i-naturvernforbundet-i-trondelag\/","name":"\u00c5ret som gikk i Naturvernforbundet i Tr\u00f8ndelag - Tr\u00f8ndelag","isPartOf":{"@id":"https:\/\/naturvernforbundet.no\/trondelag\/#website"},"primaryImageOfPage":{"@id":"https:\/\/naturvernforbundet.no\/trondelag\/aret-som-gikk-i-naturvernforbundet-i-trondelag\/#primaryimage"},"image":{"@id":"https:\/\/naturvernforbundet.no\/trondelag\/aret-som-gikk-i-naturvernforbundet-i-trondelag\/#primaryimage"},"thumbnailUrl":"https:\/\/naturvernforbundet.no\/content\/uploads\/sites\/19\/2019\/12\/IMG_0179.JPG2028fullscreen29.jpg","datePublished":"2019-12-19T13:15:37+00:00","dateModified":"2024-08-23T07:32:51+00:00","author":{"@id":"https:\/\/naturvernforbundet.no\/trondelag\/#\/schema\/person\/5e315ab037d2e2f6cf343738dd85bf84"},"breadcrumb":{"@id":"https:\/\/naturvernforbundet.no\/trondelag\/aret-som-gikk-i-naturvernforbundet-i-trondelag\/#breadcrumb"},"inLanguage":"nb-NO","potentialAction":[{"@type":"ReadAction","target":["https:\/\/naturvernforbundet.no\/trondelag\/aret-som-gikk-i-naturvernforbundet-i-trondelag\/"]}]},{"@type":"ImageObject","inLanguage":"nb-NO","@id":"https:\/\/naturvernforbundet.no\/trondelag\/aret-som-gikk-i-naturvernforbundet-i-trondelag\/#primaryimage","url":"https:\/\/naturvernforbundet.no\/content\/uploads\/sites\/19\/2019\/12\/IMG_0179.JPG2028fullscreen29.jpg","contentUrl":"https:\/\/naturvernforbundet.no\/content\/uploads\/sites\/19\/2019\/12\/IMG_0179.JPG2028fullscreen29.jpg","width":950,"height":713},{"@type":"BreadcrumbList","@id":"https:\/\/naturvernforbundet.no\/trondelag\/aret-som-gikk-i-naturvernforbundet-i-trondelag\/#breadcrumb","itemListElement":[{"@type":"ListItem","position":1,"name":"Till naturvernforbundet.no","item":"https:\/\/naturvernforbundet.no\/"},{"@type":"ListItem","position":2,"name":"Tr\u00f8ndelag","item":"https:\/\/naturvernforbundet.no\/trondelag\/"},{"@type":"ListItem","position":3,"name":"\u00c5ret som gikk i Naturvernforbundet i Tr\u00f8ndelag"}]},{"@type":"WebSite","@id":"https:\/\/naturvernforbundet.no\/trondelag\/#website","url":"https:\/\/naturvernforbundet.no\/trondelag\/","name":"Tr\u00f8ndelag","description":"Bare enda et Naturvernforbundet Sites-nettsted","potentialAction":[{"@type":"SearchAction","target":{"@type":"EntryPoint","urlTemplate":"https:\/\/naturvernforbundet.no\/trondelag\/?s={search_term_string}"},"query-input":{"@type":"PropertyValueSpecification","valueRequired":true,"valueName":"search_term_string"}}],"inLanguage":"nb-NO"},{"@type":"Person","@id":"https:\/\/naturvernforbundet.no\/trondelag\/#\/schema\/person\/5e315ab037d2e2f6cf343738dd85bf84","name":"Hallgeir Fr\u00f8seth Opdal (i permisjon)","image":{"@type":"ImageObject","inLanguage":"nb-NO","@id":"https:\/\/naturvernforbundet.no\/trondelag\/#\/schema\/person\/image\/","url":"https:\/\/secure.gravatar.com\/avatar\/a80183959f93d79fd664f149dafc2bf8?s=96&d=mm&r=g","contentUrl":"https:\/\/secure.gravatar.com\/avatar\/a80183959f93d79fd664f149dafc2bf8?s=96&d=mm&r=g","caption":"Hallgeir Fr\u00f8seth Opdal (i permisjon)"},"url":"https:\/\/naturvernforbundet.no\/trondelag\/author\/hallgeirfrosethopdal\/"}]}},"_links":{"self":[{"href":"https:\/\/naturvernforbundet.no\/trondelag\/wp-json\/wp\/v2\/posts\/1252","targetHints":{"allow":["GET"]}}],"collection":[{"href":"https:\/\/naturvernforbundet.no\/trondelag\/wp-json\/wp\/v2\/posts"}],"about":[{"href":"https:\/\/naturvernforbundet.no\/trondelag\/wp-json\/wp\/v2\/types\/post"}],"author":[{"embeddable":true,"href":"https:\/\/naturvernforbundet.no\/trondelag\/wp-json\/wp\/v2\/users\/94"}],"replies":[{"embeddable":true,"href":"https:\/\/naturvernforbundet.no\/trondelag\/wp-json\/wp\/v2\/comments?post=1252"}],"version-history":[{"count":1,"href":"https:\/\/naturvernforbundet.no\/trondelag\/wp-json\/wp\/v2\/posts\/1252\/revisions"}],"predecessor-version":[{"id":6136,"href":"https:\/\/naturvernforbundet.no\/trondelag\/wp-json\/wp\/v2\/posts\/1252\/revisions\/6136"}],"wp:featuredmedia":[{"embeddable":true,"href":"https:\/\/naturvernforbundet.no\/trondelag\/wp-json\/wp\/v2\/media\/1253"}],"wp:attachment":[{"href":"https:\/\/naturvernforbundet.no\/trondelag\/wp-json\/wp\/v2\/media?parent=1252"}],"wp:term":[{"taxonomy":"category","embeddable":true,"href":"https:\/\/naturvernforbundet.no\/trondelag\/wp-json\/wp\/v2\/categories?post=1252"},{"taxonomy":"post_tag","embeddable":true,"href":"https:\/\/naturvernforbundet.no\/trondelag\/wp-json\/wp\/v2\/tags?post=1252"},{"taxonomy":"local","embeddable":true,"href":"https:\/\/naturvernforbundet.no\/trondelag\/wp-json\/wp\/v2\/local?post=1252"}],"curies":[{"name":"wp","href":"https:\/\/api.w.org\/{rel}","templated":true}]}}