{"id":8926,"date":"2026-04-19T23:50:10","date_gmt":"2026-04-19T21:50:10","guid":{"rendered":"https:\/\/naturvernforbundet.no\/trondelag\/?p=8926"},"modified":"2026-04-19T23:54:02","modified_gmt":"2026-04-19T21:54:02","slug":"klesbyttedagen-2026-ble-en-suksess","status":"publish","type":"post","link":"https:\/\/naturvernforbundet.no\/trondelag\/klesbyttedagen-2026-ble-en-suksess\/","title":{"rendered":"Klesbyttedagen 2026 ble en suksess"},"content":{"rendered":"\t<div class=\"template-post alignnone wp-block-naturvern-hero\">\n\t\t<div class=\"hero__inner\">\n\t\t\t<div class=\"hero__inner_blocks\">\n\t\t\t\t\t\t\t\t\n<h1 class=\"wp-block-post-title\">Klesbyttedagen 2026 ble en suksess<\/h1>\n\n<div class=\"wp-block-post-excerpt\"><p class=\"wp-block-post-excerpt__excerpt\">Veldig god stemning med mange fine kl\u00e6r, klesfiksing, kaffe og kaker og forn\u00f8yde folk i alle aldre i de fine stuene i den gamle presteboligen ved V\u00e6rnes kirke. <\/p><\/div>\n\n<figure class=\"wp-block-post-featured-image\"><div class=\"t2-image-credit\"><div class=\"t2-image-credit\"><img loading=\"lazy\" decoding=\"async\" width=\"2560\" height=\"1153\" src=\"https:\/\/naturvernforbundet.no\/content\/uploads\/sites\/19\/2026\/04\/1000020850-scaled.jpg\" class=\"attachment-post-thumbnail size-post-thumbnail wp-post-image\" alt=\"Klesbyttedagen 2026 Stj\u00f8rdal\" style=\"object-fit:cover;\" srcset=\"https:\/\/naturvernforbundet.no\/content\/uploads\/sites\/19\/2026\/04\/1000020850-scaled.jpg 2560w, https:\/\/naturvernforbundet.no\/content\/uploads\/sites\/19\/2026\/04\/1000020850-300x135.jpg 300w, https:\/\/naturvernforbundet.no\/content\/uploads\/sites\/19\/2026\/04\/1000020850-1024x461.jpg 1024w, https:\/\/naturvernforbundet.no\/content\/uploads\/sites\/19\/2026\/04\/1000020850-768x346.jpg 768w, https:\/\/naturvernforbundet.no\/content\/uploads\/sites\/19\/2026\/04\/1000020850-1536x692.jpg 1536w, https:\/\/naturvernforbundet.no\/content\/uploads\/sites\/19\/2026\/04\/1000020850-2048x922.jpg 2048w, https:\/\/naturvernforbundet.no\/content\/uploads\/sites\/19\/2026\/04\/1000020850-1920x865.jpg 1920w\" sizes=\"auto, (max-width: 2560px) 100vw, 2560px\" \/><span class=\"t2-image-credit-name\">Anne Marit Ligaard<\/span><\/div><span class=\"t2-image-credit-name\">Anne Marit Ligaard<\/span><\/div><\/figure>\n\n<div class=\"wp-block-naturvern-byline\">\n\t\t\t<div class=\"authors\">By <span class=\"t2-byline__author-link\">annemarit<\/span><\/div>\n\t\t\t<small class=\"entry-date\">19.04.2026 23:50<\/small>\n\t\t<\/div>\n\t\t\t<\/div>\n\t\t\t\t\t<\/div>\n\t\t\t<\/div>\n\t\n\n\n<p>Vi gleder oss alltid med god grunn til Klesbyttedagen. Da samarbeider vi med Stj\u00f8rdal museum som stiller den veldig fine gamle presteg\u00e5rden til r\u00e5dighet for at alle som vil kan bytte kl\u00e6r eller bare komme innom for \u00e5 se &#8211; det er det ogs\u00e5 mange som gj\u00f8r.<\/p>\n\n\n\n<figure class=\"wp-block-image size-large\"><div class=\"t2-image-credit\"><img loading=\"lazy\" decoding=\"async\" width=\"1024\" height=\"576\" src=\"https:\/\/naturvernforbundet.no\/content\/uploads\/sites\/19\/2026\/04\/1000020831-1024x576.jpg\" alt=\"Klesbyttedagen 2026 Stj\u00f8rdal\" class=\"wp-image-8928\" srcset=\"https:\/\/naturvernforbundet.no\/content\/uploads\/sites\/19\/2026\/04\/1000020831-1024x576.jpg 1024w, https:\/\/naturvernforbundet.no\/content\/uploads\/sites\/19\/2026\/04\/1000020831-300x169.jpg 300w, https:\/\/naturvernforbundet.no\/content\/uploads\/sites\/19\/2026\/04\/1000020831-768x432.jpg 768w, https:\/\/naturvernforbundet.no\/content\/uploads\/sites\/19\/2026\/04\/1000020831-1536x864.jpg 1536w, https:\/\/naturvernforbundet.no\/content\/uploads\/sites\/19\/2026\/04\/1000020831-2048x1152.jpg 2048w, https:\/\/naturvernforbundet.no\/content\/uploads\/sites\/19\/2026\/04\/1000020831-1920x1080.jpg 1920w\" sizes=\"auto, (max-width: 1024px) 100vw, 1024px\" \/><span class=\"t2-image-credit-name\">Anne Marit Ligaard<\/span><\/div><figcaption class=\"wp-element-caption\">Klesbyttedagen 2026 Stj\u00f8rdal<\/figcaption><\/figure>\n\n\n\n<p>Husflidslaget har ei hel stue med mange flinke damer som l\u00e6rer alle nysgjerrige hvordan de reparerer kl\u00e6r. <\/p>\n\n\n\n<figure class=\"wp-block-image size-large\"><div class=\"t2-image-credit\"><img loading=\"lazy\" decoding=\"async\" width=\"1024\" height=\"461\" src=\"https:\/\/naturvernforbundet.no\/content\/uploads\/sites\/19\/2026\/04\/20260418_113749-1024x461.jpg\" alt=\"Klesbyttedagen 2026 Stj\u00f8rdal\" class=\"wp-image-8930\" srcset=\"https:\/\/naturvernforbundet.no\/content\/uploads\/sites\/19\/2026\/04\/20260418_113749-1024x461.jpg 1024w, https:\/\/naturvernforbundet.no\/content\/uploads\/sites\/19\/2026\/04\/20260418_113749-300x135.jpg 300w, https:\/\/naturvernforbundet.no\/content\/uploads\/sites\/19\/2026\/04\/20260418_113749-768x346.jpg 768w, https:\/\/naturvernforbundet.no\/content\/uploads\/sites\/19\/2026\/04\/20260418_113749-1536x691.jpg 1536w, https:\/\/naturvernforbundet.no\/content\/uploads\/sites\/19\/2026\/04\/20260418_113749-2048x922.jpg 2048w, https:\/\/naturvernforbundet.no\/content\/uploads\/sites\/19\/2026\/04\/20260418_113749-1920x864.jpg 1920w\" sizes=\"auto, (max-width: 1024px) 100vw, 1024px\" \/><span class=\"t2-image-credit-name\">Anne Marit Ligaard<\/span><\/div><figcaption class=\"wp-element-caption\">Norges fineste klesbyttedag-lokaler<\/figcaption><\/figure>\n\n\n\n<p>Museets frivillige lager cafe som alltid er godt bes\u00f8kt og hvor det er mulig \u00e5 ta en prat med kjentfolk eller bare hvile innimellom slagene i jakten p\u00e5 noen kles-godbiter. <\/p>\n\n\n\n<figure class=\"wp-block-image size-large\"><div class=\"t2-image-credit\"><img loading=\"lazy\" decoding=\"async\" width=\"1024\" height=\"461\" src=\"https:\/\/naturvernforbundet.no\/content\/uploads\/sites\/19\/2026\/04\/1000020842-1024x461.jpg\" alt=\"Klesbyttedagen 2026 Stj\u00f8rdal\" class=\"wp-image-8929\" srcset=\"https:\/\/naturvernforbundet.no\/content\/uploads\/sites\/19\/2026\/04\/1000020842-1024x461.jpg 1024w, https:\/\/naturvernforbundet.no\/content\/uploads\/sites\/19\/2026\/04\/1000020842-300x135.jpg 300w, https:\/\/naturvernforbundet.no\/content\/uploads\/sites\/19\/2026\/04\/1000020842-768x346.jpg 768w, https:\/\/naturvernforbundet.no\/content\/uploads\/sites\/19\/2026\/04\/1000020842-1536x691.jpg 1536w, https:\/\/naturvernforbundet.no\/content\/uploads\/sites\/19\/2026\/04\/1000020842-2048x922.jpg 2048w, https:\/\/naturvernforbundet.no\/content\/uploads\/sites\/19\/2026\/04\/1000020842-1920x864.jpg 1920w\" sizes=\"auto, (max-width: 1024px) 100vw, 1024px\" \/><span class=\"t2-image-credit-name\">Anne Marit Ligaard<\/span><\/div><figcaption class=\"wp-element-caption\">Cafeen<\/figcaption><\/figure>\n\n\n\n<figure class=\"wp-block-image size-large\"><div class=\"t2-image-credit\"><img loading=\"lazy\" decoding=\"async\" width=\"1024\" height=\"461\" src=\"https:\/\/naturvernforbundet.no\/content\/uploads\/sites\/19\/2026\/04\/1000020848-1024x461.jpg\" alt=\"Klesbyttedagen 2026 Stj\u00f8rdal\" class=\"wp-image-8937\" srcset=\"https:\/\/naturvernforbundet.no\/content\/uploads\/sites\/19\/2026\/04\/1000020848-1024x461.jpg 1024w, https:\/\/naturvernforbundet.no\/content\/uploads\/sites\/19\/2026\/04\/1000020848-300x135.jpg 300w, https:\/\/naturvernforbundet.no\/content\/uploads\/sites\/19\/2026\/04\/1000020848-768x346.jpg 768w, https:\/\/naturvernforbundet.no\/content\/uploads\/sites\/19\/2026\/04\/1000020848-1536x692.jpg 1536w, https:\/\/naturvernforbundet.no\/content\/uploads\/sites\/19\/2026\/04\/1000020848-2048x922.jpg 2048w, https:\/\/naturvernforbundet.no\/content\/uploads\/sites\/19\/2026\/04\/1000020848-1920x865.jpg 1920w\" sizes=\"auto, (max-width: 1024px) 100vw, 1024px\" \/><span class=\"t2-image-credit-name\">Anne Marit Ligaard<\/span><\/div><figcaption class=\"wp-element-caption\">Mye vakkert \u00e5 se<\/figcaption><\/figure>\n\n\n\n<p>Tallene for antall bes\u00f8kende eller byttede plagg er enn\u00e5 ikke klare, men de blir lagt ut etter hvert.<\/p>\n\n\n\n<figure class=\"wp-block-image size-large\"><div class=\"t2-image-credit\"><img loading=\"lazy\" decoding=\"async\" width=\"1024\" height=\"461\" src=\"https:\/\/naturvernforbundet.no\/content\/uploads\/sites\/19\/2026\/04\/1000020839-1024x461.jpg\" alt=\"Klesbyttedagen 2026 Stj\u00f8rdal\" class=\"wp-image-8931\" srcset=\"https:\/\/naturvernforbundet.no\/content\/uploads\/sites\/19\/2026\/04\/1000020839-1024x461.jpg 1024w, https:\/\/naturvernforbundet.no\/content\/uploads\/sites\/19\/2026\/04\/1000020839-300x135.jpg 300w, https:\/\/naturvernforbundet.no\/content\/uploads\/sites\/19\/2026\/04\/1000020839-768x346.jpg 768w, https:\/\/naturvernforbundet.no\/content\/uploads\/sites\/19\/2026\/04\/1000020839-1536x691.jpg 1536w, https:\/\/naturvernforbundet.no\/content\/uploads\/sites\/19\/2026\/04\/1000020839-2048x922.jpg 2048w, https:\/\/naturvernforbundet.no\/content\/uploads\/sites\/19\/2026\/04\/1000020839-1920x864.jpg 1920w\" sizes=\"auto, (max-width: 1024px) 100vw, 1024px\" \/><span class=\"t2-image-credit-name\">Anne Marit Ligaard<\/span><\/div><figcaption class=\"wp-element-caption\">P\u00e5 jakt etter noe nytt brukt<\/figcaption><\/figure>\n\n\n\n<p>Vi arrangerer klesbyttedag fordi vi \u00f8nsker fokus p\u00e5 at et alt for stort forbruk er en sterk \u00e5rsak og driver av natur- og klimakrisa. Om vi bruker kl\u00e6rne v\u00e5re lengre, tar godt vare p\u00e5 dem og kj\u00f8per eller bytter til oss brukte kl\u00e6r isteden for \u00e5 kj\u00f8pe alt for mye nytt, bidrar det til viktige kutt i sl\u00f8singa av ressursene v\u00e5re. <\/p>\n\n\n\n<figure class=\"wp-block-image size-large\"><div class=\"t2-image-credit\"><img loading=\"lazy\" decoding=\"async\" width=\"461\" height=\"1024\" src=\"https:\/\/naturvernforbundet.no\/content\/uploads\/sites\/19\/2026\/04\/1000020845-461x1024.jpg\" alt=\"Klesbyttedagen 2026 Stj\u00f8rdal\" class=\"wp-image-8932\" srcset=\"https:\/\/naturvernforbundet.no\/content\/uploads\/sites\/19\/2026\/04\/1000020845-461x1024.jpg 461w, https:\/\/naturvernforbundet.no\/content\/uploads\/sites\/19\/2026\/04\/1000020845-135x300.jpg 135w, https:\/\/naturvernforbundet.no\/content\/uploads\/sites\/19\/2026\/04\/1000020845-768x1705.jpg 768w, https:\/\/naturvernforbundet.no\/content\/uploads\/sites\/19\/2026\/04\/1000020845-692x1536.jpg 692w, https:\/\/naturvernforbundet.no\/content\/uploads\/sites\/19\/2026\/04\/1000020845-922x2048.jpg 922w, https:\/\/naturvernforbundet.no\/content\/uploads\/sites\/19\/2026\/04\/1000020845-865x1920.jpg 865w, https:\/\/naturvernforbundet.no\/content\/uploads\/sites\/19\/2026\/04\/1000020845-scaled.jpg 1153w\" sizes=\"auto, (max-width: 461px) 100vw, 461px\" \/><span class=\"t2-image-credit-name\">Anne Marit Ligaard<\/span><\/div><figcaption class=\"wp-element-caption\">Til ski eller after ski<\/figcaption><\/figure>\n\n\n\n<p>Tusen takk til alle dere som deltok, vi digger dere!<\/p>\n\n\n\n<figure class=\"wp-block-image size-large\"><img loading=\"lazy\" decoding=\"async\" width=\"1024\" height=\"461\" src=\"https:\/\/naturvernforbundet.no\/content\/uploads\/sites\/19\/2026\/04\/1000020832-1024x461.jpg\" alt=\"\" class=\"wp-image-8934\" srcset=\"https:\/\/naturvernforbundet.no\/content\/uploads\/sites\/19\/2026\/04\/1000020832-1024x461.jpg 1024w, https:\/\/naturvernforbundet.no\/content\/uploads\/sites\/19\/2026\/04\/1000020832-300x135.jpg 300w, https:\/\/naturvernforbundet.no\/content\/uploads\/sites\/19\/2026\/04\/1000020832-768x346.jpg 768w, https:\/\/naturvernforbundet.no\/content\/uploads\/sites\/19\/2026\/04\/1000020832-1536x691.jpg 1536w, https:\/\/naturvernforbundet.no\/content\/uploads\/sites\/19\/2026\/04\/1000020832-2048x922.jpg 2048w, https:\/\/naturvernforbundet.no\/content\/uploads\/sites\/19\/2026\/04\/1000020832-1920x864.jpg 1920w\" sizes=\"auto, (max-width: 1024px) 100vw, 1024px\" \/><\/figure>\n\n\n\n<figure class=\"wp-block-image size-large\"><div class=\"t2-image-credit\"><img loading=\"lazy\" decoding=\"async\" width=\"1024\" height=\"461\" src=\"https:\/\/naturvernforbundet.no\/content\/uploads\/sites\/19\/2026\/04\/1000020844-1024x461.jpg\" alt=\"Klesbyttedagen 2026 Stj\u00f8rdal\" class=\"wp-image-8933\" srcset=\"https:\/\/naturvernforbundet.no\/content\/uploads\/sites\/19\/2026\/04\/1000020844-1024x461.jpg 1024w, https:\/\/naturvernforbundet.no\/content\/uploads\/sites\/19\/2026\/04\/1000020844-300x135.jpg 300w, https:\/\/naturvernforbundet.no\/content\/uploads\/sites\/19\/2026\/04\/1000020844-768x346.jpg 768w, https:\/\/naturvernforbundet.no\/content\/uploads\/sites\/19\/2026\/04\/1000020844-1536x691.jpg 1536w, https:\/\/naturvernforbundet.no\/content\/uploads\/sites\/19\/2026\/04\/1000020844-2048x922.jpg 2048w, https:\/\/naturvernforbundet.no\/content\/uploads\/sites\/19\/2026\/04\/1000020844-1920x864.jpg 1920w\" sizes=\"auto, (max-width: 1024px) 100vw, 1024px\" \/><span class=\"t2-image-credit-name\">Anne Marit Ligaard<\/span><\/div><figcaption class=\"wp-element-caption\">Lise har alltid ei hjelpende h\u00e5nd<\/figcaption><\/figure>\n","protected":false},"excerpt":{"rendered":"<p>Veldig god stemning med mange fine kl\u00e6r, klesfiksing,  kaffe og kaker og forn\u00f8yde folk i alle aldre i de fine stuene i den gamle presteboligen ved V\u00e6rnes kirke.<\/p>\n","protected":false},"author":306,"featured_media":8927,"comment_status":"closed","ping_status":"closed","sticky":false,"template":"","format":"standard","meta":{"_relevanssi_hide_post":"","_relevanssi_hide_content":"","_relevanssi_pin_for_all":"","_relevanssi_pin_keywords":"","_relevanssi_unpin_keywords":"","_relevanssi_related_keywords":"","_relevanssi_related_include_ids":"","_relevanssi_related_exclude_ids":"","_relevanssi_related_no_append":"","_relevanssi_related_not_related":"","_relevanssi_related_posts":"589,1650,705,8289,526,168","_relevanssi_noindex_reason":"","hide_logo":false,"footnotes":""},"categories":[117,148],"tags":[],"local":[11],"class_list":["post-8926","post","type-post","status-publish","format-standard","has-post-thumbnail","hentry","category-forbruk","category-klesbyttedag","local-stjordal-og-meraaker"],"acf":[],"yoast_head":"<!-- This site is optimized with the Yoast SEO plugin v24.9 - https:\/\/yoast.com\/wordpress\/plugins\/seo\/ -->\n<title>Klesbyttedagen 2026 ble en suksess - Tr\u00f8ndelag<\/title>\n<meta name=\"description\" content=\"Hurra for klesbyttedagen p\u00e5 Stj\u00f8rdal som ble en stor suksess med mange forn\u00f8yde folk, fine kl\u00e6r og god stemning.\" \/>\n<meta name=\"robots\" content=\"index, follow, max-snippet:-1, max-image-preview:large, max-video-preview:-1\" \/>\n<link rel=\"canonical\" href=\"https:\/\/naturvernforbundet.no\/trondelag\/klesbyttedagen-2026-ble-en-suksess\/\" \/>\n<meta property=\"og:locale\" content=\"nb_NO\" \/>\n<meta property=\"og:type\" content=\"article\" \/>\n<meta property=\"og:title\" content=\"Klesbyttedagen 2026 ble en suksess - Tr\u00f8ndelag\" \/>\n<meta property=\"og:description\" content=\"Hurra for klesbyttedagen p\u00e5 Stj\u00f8rdal som ble en stor suksess med mange forn\u00f8yde folk, fine kl\u00e6r og god stemning.\" \/>\n<meta property=\"og:url\" content=\"https:\/\/naturvernforbundet.no\/trondelag\/klesbyttedagen-2026-ble-en-suksess\/\" \/>\n<meta property=\"og:site_name\" content=\"Tr\u00f8ndelag\" \/>\n<meta property=\"article:published_time\" content=\"2026-04-19T21:50:10+00:00\" \/>\n<meta property=\"article:modified_time\" content=\"2026-04-19T21:54:02+00:00\" \/>\n<meta property=\"og:image\" content=\"https:\/\/naturvernforbundet.no\/content\/uploads\/sites\/19\/2026\/04\/1000020850-scaled.jpg\" \/>\n\t<meta property=\"og:image:width\" content=\"2560\" \/>\n\t<meta property=\"og:image:height\" content=\"1153\" \/>\n\t<meta property=\"og:image:type\" content=\"image\/jpeg\" \/>\n<meta name=\"author\" content=\"annemarit\" \/>\n<meta name=\"twitter:card\" content=\"summary_large_image\" \/>\n<meta name=\"twitter:label1\" content=\"Skrevet av\" \/>\n\t<meta name=\"twitter:data1\" content=\"annemarit\" \/>\n\t<meta name=\"twitter:label2\" content=\"Ansl. lesetid\" \/>\n\t<meta name=\"twitter:data2\" content=\"3 minutter\" \/>\n<script type=\"application\/ld+json\" class=\"yoast-schema-graph\">{\"@context\":\"https:\/\/schema.org\",\"@graph\":[{\"@type\":\"WebPage\",\"@id\":\"https:\/\/naturvernforbundet.no\/trondelag\/klesbyttedagen-2026-ble-en-suksess\/\",\"url\":\"https:\/\/naturvernforbundet.no\/trondelag\/klesbyttedagen-2026-ble-en-suksess\/\",\"name\":\"Klesbyttedagen 2026 ble en suksess - Tr\u00f8ndelag\",\"isPartOf\":{\"@id\":\"https:\/\/naturvernforbundet.no\/trondelag\/#website\"},\"primaryImageOfPage\":{\"@id\":\"https:\/\/naturvernforbundet.no\/trondelag\/klesbyttedagen-2026-ble-en-suksess\/#primaryimage\"},\"image\":{\"@id\":\"https:\/\/naturvernforbundet.no\/trondelag\/klesbyttedagen-2026-ble-en-suksess\/#primaryimage\"},\"thumbnailUrl\":\"https:\/\/naturvernforbundet.no\/content\/uploads\/sites\/19\/2026\/04\/1000020850-scaled.jpg\",\"datePublished\":\"2026-04-19T21:50:10+00:00\",\"dateModified\":\"2026-04-19T21:54:02+00:00\",\"author\":{\"@id\":\"https:\/\/naturvernforbundet.no\/trondelag\/#\/schema\/person\/2c6f4c9ec21ae7d7a20f31a880af8673\"},\"description\":\"Hurra for klesbyttedagen p\u00e5 Stj\u00f8rdal som ble en stor suksess med mange forn\u00f8yde folk, fine kl\u00e6r og god stemning.\",\"breadcrumb\":{\"@id\":\"https:\/\/naturvernforbundet.no\/trondelag\/klesbyttedagen-2026-ble-en-suksess\/#breadcrumb\"},\"inLanguage\":\"nb-NO\",\"potentialAction\":[{\"@type\":\"ReadAction\",\"target\":[\"https:\/\/naturvernforbundet.no\/trondelag\/klesbyttedagen-2026-ble-en-suksess\/\"]}]},{\"@type\":\"ImageObject\",\"inLanguage\":\"nb-NO\",\"@id\":\"https:\/\/naturvernforbundet.no\/trondelag\/klesbyttedagen-2026-ble-en-suksess\/#primaryimage\",\"url\":\"https:\/\/naturvernforbundet.no\/content\/uploads\/sites\/19\/2026\/04\/1000020850-scaled.jpg\",\"contentUrl\":\"https:\/\/naturvernforbundet.no\/content\/uploads\/sites\/19\/2026\/04\/1000020850-scaled.jpg\",\"width\":2560,\"height\":1153,\"caption\":\"Klesbyttedagen 2026 Stj\u00f8rdal\"},{\"@type\":\"BreadcrumbList\",\"@id\":\"https:\/\/naturvernforbundet.no\/trondelag\/klesbyttedagen-2026-ble-en-suksess\/#breadcrumb\",\"itemListElement\":[{\"@type\":\"ListItem\",\"position\":1,\"name\":\"Till naturvernforbundet.no\",\"item\":\"https:\/\/naturvernforbundet.no\/\"},{\"@type\":\"ListItem\",\"position\":2,\"name\":\"Tr\u00f8ndelag\",\"item\":\"https:\/\/naturvernforbundet.no\/trondelag\/\"},{\"@type\":\"ListItem\",\"position\":3,\"name\":\"Stj\u00f8rdal og Mer\u00e5ker\",\"item\":\"https:\/\/naturvernforbundet.no\/trondelag\/lokallag\/stjordal-og-meraaker\/\"},{\"@type\":\"ListItem\",\"position\":4,\"name\":\"Klesbyttedagen 2026 ble en suksess\"}]},{\"@type\":\"WebSite\",\"@id\":\"https:\/\/naturvernforbundet.no\/trondelag\/#website\",\"url\":\"https:\/\/naturvernforbundet.no\/trondelag\/\",\"name\":\"Tr\u00f8ndelag\",\"description\":\"Bare enda et Naturvernforbundet Sites-nettsted\",\"potentialAction\":[{\"@type\":\"SearchAction\",\"target\":{\"@type\":\"EntryPoint\",\"urlTemplate\":\"https:\/\/naturvernforbundet.no\/trondelag\/?s={search_term_string}\"},\"query-input\":{\"@type\":\"PropertyValueSpecification\",\"valueRequired\":true,\"valueName\":\"search_term_string\"}}],\"inLanguage\":\"nb-NO\"},{\"@type\":\"Person\",\"@id\":\"https:\/\/naturvernforbundet.no\/trondelag\/#\/schema\/person\/2c6f4c9ec21ae7d7a20f31a880af8673\",\"name\":\"annemarit\",\"image\":{\"@type\":\"ImageObject\",\"inLanguage\":\"nb-NO\",\"@id\":\"https:\/\/naturvernforbundet.no\/trondelag\/#\/schema\/person\/image\/\",\"url\":\"https:\/\/secure.gravatar.com\/avatar\/03d732f44f3ec646fbdd3a2d0064dea4?s=96&d=mm&r=g\",\"contentUrl\":\"https:\/\/secure.gravatar.com\/avatar\/03d732f44f3ec646fbdd3a2d0064dea4?s=96&d=mm&r=g\",\"caption\":\"annemarit\"},\"url\":\"https:\/\/naturvernforbundet.no\/trondelag\/author\/annemarit\/\"}]}<\/script>\n<!-- \/ Yoast SEO plugin. -->","yoast_head_json":{"title":"Klesbyttedagen 2026 ble en suksess - Tr\u00f8ndelag","description":"Hurra for klesbyttedagen p\u00e5 Stj\u00f8rdal som ble en stor suksess med mange forn\u00f8yde folk, fine kl\u00e6r og god stemning.","robots":{"index":"index","follow":"follow","max-snippet":"max-snippet:-1","max-image-preview":"max-image-preview:large","max-video-preview":"max-video-preview:-1"},"canonical":"https:\/\/naturvernforbundet.no\/trondelag\/klesbyttedagen-2026-ble-en-suksess\/","og_locale":"nb_NO","og_type":"article","og_title":"Klesbyttedagen 2026 ble en suksess - Tr\u00f8ndelag","og_description":"Hurra for klesbyttedagen p\u00e5 Stj\u00f8rdal som ble en stor suksess med mange forn\u00f8yde folk, fine kl\u00e6r og god stemning.","og_url":"https:\/\/naturvernforbundet.no\/trondelag\/klesbyttedagen-2026-ble-en-suksess\/","og_site_name":"Tr\u00f8ndelag","article_published_time":"2026-04-19T21:50:10+00:00","article_modified_time":"2026-04-19T21:54:02+00:00","og_image":[{"width":2560,"height":1153,"url":"https:\/\/naturvernforbundet.no\/content\/uploads\/sites\/19\/2026\/04\/1000020850-scaled.jpg","type":"image\/jpeg"}],"author":"annemarit","twitter_card":"summary_large_image","twitter_misc":{"Skrevet av":"annemarit","Ansl. lesetid":"3 minutter"},"schema":{"@context":"https:\/\/schema.org","@graph":[{"@type":"WebPage","@id":"https:\/\/naturvernforbundet.no\/trondelag\/klesbyttedagen-2026-ble-en-suksess\/","url":"https:\/\/naturvernforbundet.no\/trondelag\/klesbyttedagen-2026-ble-en-suksess\/","name":"Klesbyttedagen 2026 ble en suksess - Tr\u00f8ndelag","isPartOf":{"@id":"https:\/\/naturvernforbundet.no\/trondelag\/#website"},"primaryImageOfPage":{"@id":"https:\/\/naturvernforbundet.no\/trondelag\/klesbyttedagen-2026-ble-en-suksess\/#primaryimage"},"image":{"@id":"https:\/\/naturvernforbundet.no\/trondelag\/klesbyttedagen-2026-ble-en-suksess\/#primaryimage"},"thumbnailUrl":"https:\/\/naturvernforbundet.no\/content\/uploads\/sites\/19\/2026\/04\/1000020850-scaled.jpg","datePublished":"2026-04-19T21:50:10+00:00","dateModified":"2026-04-19T21:54:02+00:00","author":{"@id":"https:\/\/naturvernforbundet.no\/trondelag\/#\/schema\/person\/2c6f4c9ec21ae7d7a20f31a880af8673"},"description":"Hurra for klesbyttedagen p\u00e5 Stj\u00f8rdal som ble en stor suksess med mange forn\u00f8yde folk, fine kl\u00e6r og god stemning.","breadcrumb":{"@id":"https:\/\/naturvernforbundet.no\/trondelag\/klesbyttedagen-2026-ble-en-suksess\/#breadcrumb"},"inLanguage":"nb-NO","potentialAction":[{"@type":"ReadAction","target":["https:\/\/naturvernforbundet.no\/trondelag\/klesbyttedagen-2026-ble-en-suksess\/"]}]},{"@type":"ImageObject","inLanguage":"nb-NO","@id":"https:\/\/naturvernforbundet.no\/trondelag\/klesbyttedagen-2026-ble-en-suksess\/#primaryimage","url":"https:\/\/naturvernforbundet.no\/content\/uploads\/sites\/19\/2026\/04\/1000020850-scaled.jpg","contentUrl":"https:\/\/naturvernforbundet.no\/content\/uploads\/sites\/19\/2026\/04\/1000020850-scaled.jpg","width":2560,"height":1153,"caption":"Klesbyttedagen 2026 Stj\u00f8rdal"},{"@type":"BreadcrumbList","@id":"https:\/\/naturvernforbundet.no\/trondelag\/klesbyttedagen-2026-ble-en-suksess\/#breadcrumb","itemListElement":[{"@type":"ListItem","position":1,"name":"Till naturvernforbundet.no","item":"https:\/\/naturvernforbundet.no\/"},{"@type":"ListItem","position":2,"name":"Tr\u00f8ndelag","item":"https:\/\/naturvernforbundet.no\/trondelag\/"},{"@type":"ListItem","position":3,"name":"Stj\u00f8rdal og Mer\u00e5ker","item":"https:\/\/naturvernforbundet.no\/trondelag\/lokallag\/stjordal-og-meraaker\/"},{"@type":"ListItem","position":4,"name":"Klesbyttedagen 2026 ble en suksess"}]},{"@type":"WebSite","@id":"https:\/\/naturvernforbundet.no\/trondelag\/#website","url":"https:\/\/naturvernforbundet.no\/trondelag\/","name":"Tr\u00f8ndelag","description":"Bare enda et Naturvernforbundet Sites-nettsted","potentialAction":[{"@type":"SearchAction","target":{"@type":"EntryPoint","urlTemplate":"https:\/\/naturvernforbundet.no\/trondelag\/?s={search_term_string}"},"query-input":{"@type":"PropertyValueSpecification","valueRequired":true,"valueName":"search_term_string"}}],"inLanguage":"nb-NO"},{"@type":"Person","@id":"https:\/\/naturvernforbundet.no\/trondelag\/#\/schema\/person\/2c6f4c9ec21ae7d7a20f31a880af8673","name":"annemarit","image":{"@type":"ImageObject","inLanguage":"nb-NO","@id":"https:\/\/naturvernforbundet.no\/trondelag\/#\/schema\/person\/image\/","url":"https:\/\/secure.gravatar.com\/avatar\/03d732f44f3ec646fbdd3a2d0064dea4?s=96&d=mm&r=g","contentUrl":"https:\/\/secure.gravatar.com\/avatar\/03d732f44f3ec646fbdd3a2d0064dea4?s=96&d=mm&r=g","caption":"annemarit"},"url":"https:\/\/naturvernforbundet.no\/trondelag\/author\/annemarit\/"}]}},"_links":{"self":[{"href":"https:\/\/naturvernforbundet.no\/trondelag\/wp-json\/wp\/v2\/posts\/8926","targetHints":{"allow":["GET"]}}],"collection":[{"href":"https:\/\/naturvernforbundet.no\/trondelag\/wp-json\/wp\/v2\/posts"}],"about":[{"href":"https:\/\/naturvernforbundet.no\/trondelag\/wp-json\/wp\/v2\/types\/post"}],"author":[{"embeddable":true,"href":"https:\/\/naturvernforbundet.no\/trondelag\/wp-json\/wp\/v2\/users\/306"}],"replies":[{"embeddable":true,"href":"https:\/\/naturvernforbundet.no\/trondelag\/wp-json\/wp\/v2\/comments?post=8926"}],"version-history":[{"count":2,"href":"https:\/\/naturvernforbundet.no\/trondelag\/wp-json\/wp\/v2\/posts\/8926\/revisions"}],"predecessor-version":[{"id":8939,"href":"https:\/\/naturvernforbundet.no\/trondelag\/wp-json\/wp\/v2\/posts\/8926\/revisions\/8939"}],"wp:featuredmedia":[{"embeddable":true,"href":"https:\/\/naturvernforbundet.no\/trondelag\/wp-json\/wp\/v2\/media\/8927"}],"wp:attachment":[{"href":"https:\/\/naturvernforbundet.no\/trondelag\/wp-json\/wp\/v2\/media?parent=8926"}],"wp:term":[{"taxonomy":"category","embeddable":true,"href":"https:\/\/naturvernforbundet.no\/trondelag\/wp-json\/wp\/v2\/categories?post=8926"},{"taxonomy":"post_tag","embeddable":true,"href":"https:\/\/naturvernforbundet.no\/trondelag\/wp-json\/wp\/v2\/tags?post=8926"},{"taxonomy":"local","embeddable":true,"href":"https:\/\/naturvernforbundet.no\/trondelag\/wp-json\/wp\/v2\/local?post=8926"}],"curies":[{"name":"wp","href":"https:\/\/api.w.org\/{rel}","templated":true}]}}