{"id":8943,"date":"2026-04-20T00:26:18","date_gmt":"2026-04-19T22:26:18","guid":{"rendered":"https:\/\/naturvernforbundet.no\/trondelag\/?p=8943"},"modified":"2026-04-20T00:28:04","modified_gmt":"2026-04-19T22:28:04","slug":"dette-er-for-darlig","status":"publish","type":"post","link":"https:\/\/naturvernforbundet.no\/trondelag\/dette-er-for-darlig\/","title":{"rendered":"Dette er for d\u00e5rlig!"},"content":{"rendered":"\t<div class=\"template-post alignnone wp-block-naturvern-hero\">\n\t\t<div class=\"hero__inner\">\n\t\t\t<div class=\"hero__inner_blocks\">\n\t\t\t\t\t\t\t\t\n<h1 class=\"wp-block-post-title\">Dette er for d\u00e5rlig!<\/h1>\n\n<div class=\"wp-block-post-excerpt\"><p class=\"wp-block-post-excerpt__excerpt\">Naturvernforbundet i Stj\u00f8rdal og Mer\u00e5ker, Stj\u00f8rdalsvassdragets Elveeierlag og Stj\u00f8rdal Jeger- og Fiskerforening ber kommunestyret stille krav til Nye Veier n\u00e5r de skal vedta ny reguleringsplan for Hellstranda. <\/p><\/div>\n\n<figure class=\"wp-block-post-featured-image\"><div class=\"t2-image-credit\"><div class=\"t2-image-credit\"><img loading=\"lazy\" decoding=\"async\" width=\"2560\" height=\"1153\" src=\"https:\/\/naturvernforbundet.no\/content\/uploads\/sites\/19\/2026\/04\/1000020819-scaled.jpg\" class=\"attachment-post-thumbnail size-post-thumbnail wp-post-image\" alt=\"Naturvernforbundet, Elveeierlaget og Jeger- og fiskerforeningen\" style=\"object-fit:cover;\" srcset=\"https:\/\/naturvernforbundet.no\/content\/uploads\/sites\/19\/2026\/04\/1000020819-scaled.jpg 2560w, https:\/\/naturvernforbundet.no\/content\/uploads\/sites\/19\/2026\/04\/1000020819-300x135.jpg 300w, https:\/\/naturvernforbundet.no\/content\/uploads\/sites\/19\/2026\/04\/1000020819-1024x461.jpg 1024w, https:\/\/naturvernforbundet.no\/content\/uploads\/sites\/19\/2026\/04\/1000020819-768x346.jpg 768w, https:\/\/naturvernforbundet.no\/content\/uploads\/sites\/19\/2026\/04\/1000020819-1536x692.jpg 1536w, https:\/\/naturvernforbundet.no\/content\/uploads\/sites\/19\/2026\/04\/1000020819-2048x922.jpg 2048w, https:\/\/naturvernforbundet.no\/content\/uploads\/sites\/19\/2026\/04\/1000020819-1920x865.jpg 1920w\" sizes=\"auto, (max-width: 2560px) 100vw, 2560px\" \/><span class=\"t2-image-credit-name\">Privat<\/span><\/div><span class=\"t2-image-credit-name\">Privat<\/span><\/div><\/figure>\n\n<div class=\"wp-block-naturvern-byline\">\n\t\t\t<div class=\"authors\">By <span class=\"t2-byline__author-link\">annemarit<\/span><\/div>\n\t\t\t<small class=\"entry-date\">20.04.2026 00:26<\/small>\n\t\t<\/div>\n\t\t\t<\/div>\n\t\t\t\t\t<\/div>\n\t\t\t<\/div>\n\t\n\n\n<p>Journalist Richard Bakken i Bladet har skrevet en sak om v\u00e5r felles misn\u00f8ye med manglende kompenserende tiltak p\u00e5 Hellstranda i forbindelse med Nye veiers bygging av ny E6. Artikkelen ble lagt ut 19. april 2026.<\/p>\n\n\n\n<p>Saken kan leses her:<\/p>\n\n\n\n<p><a href=\"https:\/\/www.bladet.no\/nyheter\/i\/Okg9EE\/vi-skjoenner-at-det-er-travelt-og-at-det-er-en-tragedie\">https:\/\/www.bladet.no\/nyheter\/i\/Okg9EE\/vi-skjoenner-at-det-er-travelt-og-at-det-er-en-tragedie<\/a><\/p>\n","protected":false},"excerpt":{"rendered":"<p>Naturvernforbundet i Stj\u00f8rdal og Mer\u00e5ker, Stj\u00f8rdalsvassdragets Elveeierlag og Stj\u00f8rdal Jeger- og Fiskerforening ber kommunestyret stille krav til Nye Veier n\u00e5r de skal vedta ny reguleringsplan for Hellstranda.<\/p>\n","protected":false},"author":306,"featured_media":8944,"comment_status":"closed","ping_status":"closed","sticky":false,"template":"","format":"standard","meta":{"_relevanssi_hide_post":"","_relevanssi_hide_content":"","_relevanssi_pin_for_all":"","_relevanssi_pin_keywords":"","_relevanssi_unpin_keywords":"","_relevanssi_related_keywords":"","_relevanssi_related_include_ids":"","_relevanssi_related_exclude_ids":"","_relevanssi_related_no_append":"","_relevanssi_related_not_related":"","_relevanssi_related_posts":"4860,1425,1637,1674,7337,1787","_relevanssi_noindex_reason":"","hide_logo":false,"footnotes":""},"categories":[116,25,112],"tags":[],"local":[11],"class_list":["post-8943","post","type-post","status-publish","format-standard","has-post-thumbnail","hentry","category-areal-og-plansaker","category-fjord-elv-og-vassdrag","category-vei-og-samferdsel","local-stjordal-og-meraaker"],"acf":[],"yoast_head":"<!-- This site is optimized with the Yoast SEO plugin v24.9 - https:\/\/yoast.com\/wordpress\/plugins\/seo\/ -->\n<title>Dette er for d\u00e5rlig! - Tr\u00f8ndelag<\/title>\n<meta name=\"description\" content=\"Nye veiers manglende kompenserende tiltak p\u00e5 Hellstranda er en skandale som vi protesterer mot. Sj\u00f8\u00f8rreten og livet i fjorden er truet\" \/>\n<meta name=\"robots\" content=\"index, follow, max-snippet:-1, max-image-preview:large, max-video-preview:-1\" \/>\n<link rel=\"canonical\" href=\"https:\/\/naturvernforbundet.no\/trondelag\/dette-er-for-darlig\/\" \/>\n<meta property=\"og:locale\" content=\"nb_NO\" \/>\n<meta property=\"og:type\" content=\"article\" \/>\n<meta property=\"og:title\" content=\"Dette er for d\u00e5rlig! - Tr\u00f8ndelag\" \/>\n<meta property=\"og:description\" content=\"Nye veiers manglende kompenserende tiltak p\u00e5 Hellstranda er en skandale som vi protesterer mot. Sj\u00f8\u00f8rreten og livet i fjorden er truet\" \/>\n<meta property=\"og:url\" content=\"https:\/\/naturvernforbundet.no\/trondelag\/dette-er-for-darlig\/\" \/>\n<meta property=\"og:site_name\" content=\"Tr\u00f8ndelag\" \/>\n<meta property=\"article:published_time\" content=\"2026-04-19T22:26:18+00:00\" \/>\n<meta property=\"article:modified_time\" content=\"2026-04-19T22:28:04+00:00\" \/>\n<meta property=\"og:image\" content=\"https:\/\/naturvernforbundet.no\/content\/uploads\/sites\/19\/2026\/04\/1000020819-scaled.jpg\" \/>\n\t<meta property=\"og:image:width\" content=\"2560\" \/>\n\t<meta property=\"og:image:height\" content=\"1153\" \/>\n\t<meta property=\"og:image:type\" content=\"image\/jpeg\" \/>\n<meta name=\"author\" content=\"annemarit\" \/>\n<meta name=\"twitter:card\" content=\"summary_large_image\" \/>\n<meta name=\"twitter:label1\" content=\"Skrevet av\" \/>\n\t<meta name=\"twitter:data1\" content=\"annemarit\" \/>\n\t<meta name=\"twitter:label2\" content=\"Ansl. lesetid\" \/>\n\t<meta name=\"twitter:data2\" content=\"1 minutt\" \/>\n<script type=\"application\/ld+json\" class=\"yoast-schema-graph\">{\"@context\":\"https:\/\/schema.org\",\"@graph\":[{\"@type\":\"WebPage\",\"@id\":\"https:\/\/naturvernforbundet.no\/trondelag\/dette-er-for-darlig\/\",\"url\":\"https:\/\/naturvernforbundet.no\/trondelag\/dette-er-for-darlig\/\",\"name\":\"Dette er for d\u00e5rlig! - Tr\u00f8ndelag\",\"isPartOf\":{\"@id\":\"https:\/\/naturvernforbundet.no\/trondelag\/#website\"},\"primaryImageOfPage\":{\"@id\":\"https:\/\/naturvernforbundet.no\/trondelag\/dette-er-for-darlig\/#primaryimage\"},\"image\":{\"@id\":\"https:\/\/naturvernforbundet.no\/trondelag\/dette-er-for-darlig\/#primaryimage\"},\"thumbnailUrl\":\"https:\/\/naturvernforbundet.no\/content\/uploads\/sites\/19\/2026\/04\/1000020819-scaled.jpg\",\"datePublished\":\"2026-04-19T22:26:18+00:00\",\"dateModified\":\"2026-04-19T22:28:04+00:00\",\"author\":{\"@id\":\"https:\/\/naturvernforbundet.no\/trondelag\/#\/schema\/person\/2c6f4c9ec21ae7d7a20f31a880af8673\"},\"description\":\"Nye veiers manglende kompenserende tiltak p\u00e5 Hellstranda er en skandale som vi protesterer mot. Sj\u00f8\u00f8rreten og livet i fjorden er truet\",\"breadcrumb\":{\"@id\":\"https:\/\/naturvernforbundet.no\/trondelag\/dette-er-for-darlig\/#breadcrumb\"},\"inLanguage\":\"nb-NO\",\"potentialAction\":[{\"@type\":\"ReadAction\",\"target\":[\"https:\/\/naturvernforbundet.no\/trondelag\/dette-er-for-darlig\/\"]}]},{\"@type\":\"ImageObject\",\"inLanguage\":\"nb-NO\",\"@id\":\"https:\/\/naturvernforbundet.no\/trondelag\/dette-er-for-darlig\/#primaryimage\",\"url\":\"https:\/\/naturvernforbundet.no\/content\/uploads\/sites\/19\/2026\/04\/1000020819-scaled.jpg\",\"contentUrl\":\"https:\/\/naturvernforbundet.no\/content\/uploads\/sites\/19\/2026\/04\/1000020819-scaled.jpg\",\"width\":2560,\"height\":1153,\"caption\":\"Naturvernforbundet, Elveeierlaget og Jeger- og fiskerforeningen\"},{\"@type\":\"BreadcrumbList\",\"@id\":\"https:\/\/naturvernforbundet.no\/trondelag\/dette-er-for-darlig\/#breadcrumb\",\"itemListElement\":[{\"@type\":\"ListItem\",\"position\":1,\"name\":\"Till naturvernforbundet.no\",\"item\":\"https:\/\/naturvernforbundet.no\/\"},{\"@type\":\"ListItem\",\"position\":2,\"name\":\"Tr\u00f8ndelag\",\"item\":\"https:\/\/naturvernforbundet.no\/trondelag\/\"},{\"@type\":\"ListItem\",\"position\":3,\"name\":\"Stj\u00f8rdal og Mer\u00e5ker\",\"item\":\"https:\/\/naturvernforbundet.no\/trondelag\/lokallag\/stjordal-og-meraaker\/\"},{\"@type\":\"ListItem\",\"position\":4,\"name\":\"Dette er for d\u00e5rlig!\"}]},{\"@type\":\"WebSite\",\"@id\":\"https:\/\/naturvernforbundet.no\/trondelag\/#website\",\"url\":\"https:\/\/naturvernforbundet.no\/trondelag\/\",\"name\":\"Tr\u00f8ndelag\",\"description\":\"Bare enda et Naturvernforbundet Sites-nettsted\",\"potentialAction\":[{\"@type\":\"SearchAction\",\"target\":{\"@type\":\"EntryPoint\",\"urlTemplate\":\"https:\/\/naturvernforbundet.no\/trondelag\/?s={search_term_string}\"},\"query-input\":{\"@type\":\"PropertyValueSpecification\",\"valueRequired\":true,\"valueName\":\"search_term_string\"}}],\"inLanguage\":\"nb-NO\"},{\"@type\":\"Person\",\"@id\":\"https:\/\/naturvernforbundet.no\/trondelag\/#\/schema\/person\/2c6f4c9ec21ae7d7a20f31a880af8673\",\"name\":\"annemarit\",\"image\":{\"@type\":\"ImageObject\",\"inLanguage\":\"nb-NO\",\"@id\":\"https:\/\/naturvernforbundet.no\/trondelag\/#\/schema\/person\/image\/\",\"url\":\"https:\/\/secure.gravatar.com\/avatar\/03d732f44f3ec646fbdd3a2d0064dea4?s=96&d=mm&r=g\",\"contentUrl\":\"https:\/\/secure.gravatar.com\/avatar\/03d732f44f3ec646fbdd3a2d0064dea4?s=96&d=mm&r=g\",\"caption\":\"annemarit\"},\"url\":\"https:\/\/naturvernforbundet.no\/trondelag\/author\/annemarit\/\"}]}<\/script>\n<!-- \/ Yoast SEO plugin. -->","yoast_head_json":{"title":"Dette er for d\u00e5rlig! - Tr\u00f8ndelag","description":"Nye veiers manglende kompenserende tiltak p\u00e5 Hellstranda er en skandale som vi protesterer mot. Sj\u00f8\u00f8rreten og livet i fjorden er truet","robots":{"index":"index","follow":"follow","max-snippet":"max-snippet:-1","max-image-preview":"max-image-preview:large","max-video-preview":"max-video-preview:-1"},"canonical":"https:\/\/naturvernforbundet.no\/trondelag\/dette-er-for-darlig\/","og_locale":"nb_NO","og_type":"article","og_title":"Dette er for d\u00e5rlig! - Tr\u00f8ndelag","og_description":"Nye veiers manglende kompenserende tiltak p\u00e5 Hellstranda er en skandale som vi protesterer mot. Sj\u00f8\u00f8rreten og livet i fjorden er truet","og_url":"https:\/\/naturvernforbundet.no\/trondelag\/dette-er-for-darlig\/","og_site_name":"Tr\u00f8ndelag","article_published_time":"2026-04-19T22:26:18+00:00","article_modified_time":"2026-04-19T22:28:04+00:00","og_image":[{"width":2560,"height":1153,"url":"https:\/\/naturvernforbundet.no\/content\/uploads\/sites\/19\/2026\/04\/1000020819-scaled.jpg","type":"image\/jpeg"}],"author":"annemarit","twitter_card":"summary_large_image","twitter_misc":{"Skrevet av":"annemarit","Ansl. lesetid":"1 minutt"},"schema":{"@context":"https:\/\/schema.org","@graph":[{"@type":"WebPage","@id":"https:\/\/naturvernforbundet.no\/trondelag\/dette-er-for-darlig\/","url":"https:\/\/naturvernforbundet.no\/trondelag\/dette-er-for-darlig\/","name":"Dette er for d\u00e5rlig! - Tr\u00f8ndelag","isPartOf":{"@id":"https:\/\/naturvernforbundet.no\/trondelag\/#website"},"primaryImageOfPage":{"@id":"https:\/\/naturvernforbundet.no\/trondelag\/dette-er-for-darlig\/#primaryimage"},"image":{"@id":"https:\/\/naturvernforbundet.no\/trondelag\/dette-er-for-darlig\/#primaryimage"},"thumbnailUrl":"https:\/\/naturvernforbundet.no\/content\/uploads\/sites\/19\/2026\/04\/1000020819-scaled.jpg","datePublished":"2026-04-19T22:26:18+00:00","dateModified":"2026-04-19T22:28:04+00:00","author":{"@id":"https:\/\/naturvernforbundet.no\/trondelag\/#\/schema\/person\/2c6f4c9ec21ae7d7a20f31a880af8673"},"description":"Nye veiers manglende kompenserende tiltak p\u00e5 Hellstranda er en skandale som vi protesterer mot. Sj\u00f8\u00f8rreten og livet i fjorden er truet","breadcrumb":{"@id":"https:\/\/naturvernforbundet.no\/trondelag\/dette-er-for-darlig\/#breadcrumb"},"inLanguage":"nb-NO","potentialAction":[{"@type":"ReadAction","target":["https:\/\/naturvernforbundet.no\/trondelag\/dette-er-for-darlig\/"]}]},{"@type":"ImageObject","inLanguage":"nb-NO","@id":"https:\/\/naturvernforbundet.no\/trondelag\/dette-er-for-darlig\/#primaryimage","url":"https:\/\/naturvernforbundet.no\/content\/uploads\/sites\/19\/2026\/04\/1000020819-scaled.jpg","contentUrl":"https:\/\/naturvernforbundet.no\/content\/uploads\/sites\/19\/2026\/04\/1000020819-scaled.jpg","width":2560,"height":1153,"caption":"Naturvernforbundet, Elveeierlaget og Jeger- og fiskerforeningen"},{"@type":"BreadcrumbList","@id":"https:\/\/naturvernforbundet.no\/trondelag\/dette-er-for-darlig\/#breadcrumb","itemListElement":[{"@type":"ListItem","position":1,"name":"Till naturvernforbundet.no","item":"https:\/\/naturvernforbundet.no\/"},{"@type":"ListItem","position":2,"name":"Tr\u00f8ndelag","item":"https:\/\/naturvernforbundet.no\/trondelag\/"},{"@type":"ListItem","position":3,"name":"Stj\u00f8rdal og Mer\u00e5ker","item":"https:\/\/naturvernforbundet.no\/trondelag\/lokallag\/stjordal-og-meraaker\/"},{"@type":"ListItem","position":4,"name":"Dette er for d\u00e5rlig!"}]},{"@type":"WebSite","@id":"https:\/\/naturvernforbundet.no\/trondelag\/#website","url":"https:\/\/naturvernforbundet.no\/trondelag\/","name":"Tr\u00f8ndelag","description":"Bare enda et Naturvernforbundet Sites-nettsted","potentialAction":[{"@type":"SearchAction","target":{"@type":"EntryPoint","urlTemplate":"https:\/\/naturvernforbundet.no\/trondelag\/?s={search_term_string}"},"query-input":{"@type":"PropertyValueSpecification","valueRequired":true,"valueName":"search_term_string"}}],"inLanguage":"nb-NO"},{"@type":"Person","@id":"https:\/\/naturvernforbundet.no\/trondelag\/#\/schema\/person\/2c6f4c9ec21ae7d7a20f31a880af8673","name":"annemarit","image":{"@type":"ImageObject","inLanguage":"nb-NO","@id":"https:\/\/naturvernforbundet.no\/trondelag\/#\/schema\/person\/image\/","url":"https:\/\/secure.gravatar.com\/avatar\/03d732f44f3ec646fbdd3a2d0064dea4?s=96&d=mm&r=g","contentUrl":"https:\/\/secure.gravatar.com\/avatar\/03d732f44f3ec646fbdd3a2d0064dea4?s=96&d=mm&r=g","caption":"annemarit"},"url":"https:\/\/naturvernforbundet.no\/trondelag\/author\/annemarit\/"}]}},"_links":{"self":[{"href":"https:\/\/naturvernforbundet.no\/trondelag\/wp-json\/wp\/v2\/posts\/8943","targetHints":{"allow":["GET"]}}],"collection":[{"href":"https:\/\/naturvernforbundet.no\/trondelag\/wp-json\/wp\/v2\/posts"}],"about":[{"href":"https:\/\/naturvernforbundet.no\/trondelag\/wp-json\/wp\/v2\/types\/post"}],"author":[{"embeddable":true,"href":"https:\/\/naturvernforbundet.no\/trondelag\/wp-json\/wp\/v2\/users\/306"}],"replies":[{"embeddable":true,"href":"https:\/\/naturvernforbundet.no\/trondelag\/wp-json\/wp\/v2\/comments?post=8943"}],"version-history":[{"count":2,"href":"https:\/\/naturvernforbundet.no\/trondelag\/wp-json\/wp\/v2\/posts\/8943\/revisions"}],"predecessor-version":[{"id":8947,"href":"https:\/\/naturvernforbundet.no\/trondelag\/wp-json\/wp\/v2\/posts\/8943\/revisions\/8947"}],"wp:featuredmedia":[{"embeddable":true,"href":"https:\/\/naturvernforbundet.no\/trondelag\/wp-json\/wp\/v2\/media\/8944"}],"wp:attachment":[{"href":"https:\/\/naturvernforbundet.no\/trondelag\/wp-json\/wp\/v2\/media?parent=8943"}],"wp:term":[{"taxonomy":"category","embeddable":true,"href":"https:\/\/naturvernforbundet.no\/trondelag\/wp-json\/wp\/v2\/categories?post=8943"},{"taxonomy":"post_tag","embeddable":true,"href":"https:\/\/naturvernforbundet.no\/trondelag\/wp-json\/wp\/v2\/tags?post=8943"},{"taxonomy":"local","embeddable":true,"href":"https:\/\/naturvernforbundet.no\/trondelag\/wp-json\/wp\/v2\/local?post=8943"}],"curies":[{"name":"wp","href":"https:\/\/api.w.org\/{rel}","templated":true}]}}