{"id":8978,"date":"2026-04-27T10:52:44","date_gmt":"2026-04-27T08:52:44","guid":{"rendered":"https:\/\/naturvernforbundet.no\/trondelag\/?p=8978"},"modified":"2026-04-27T18:13:32","modified_gmt":"2026-04-27T16:13:32","slug":"vi-ryddet-stokkbekken","status":"publish","type":"post","link":"https:\/\/naturvernforbundet.no\/trondelag\/vi-ryddet-stokkbekken\/","title":{"rendered":"Vi ryddet Stokkbekken"},"content":{"rendered":"\t<div class=\"template-post alignnone wp-block-naturvern-hero\">\n\t\t<div class=\"hero__inner\">\n\t\t\t<div class=\"hero__inner_blocks\">\n\t\t\t\t\t\t\t\t\n<h1 class=\"wp-block-post-title\">Vi ryddet Stokkbekken<\/h1>\n\n<div class=\"wp-block-post-excerpt\"><p class=\"wp-block-post-excerpt__excerpt\">Bilder og tanker fra \u00e5rets strandryddedag <\/p><\/div>\n\n<figure class=\"wp-block-post-featured-image\"><div class=\"t2-image-credit\"><div class=\"t2-image-credit\"><img loading=\"lazy\" decoding=\"async\" width=\"2560\" height=\"1153\" src=\"https:\/\/naturvernforbundet.no\/content\/uploads\/sites\/19\/2026\/04\/1000021106-scaled.jpg\" class=\"attachment-post-thumbnail size-post-thumbnail wp-post-image\" alt=\"Ivar og Jon Kristian\" style=\"object-fit:cover;\" srcset=\"https:\/\/naturvernforbundet.no\/content\/uploads\/sites\/19\/2026\/04\/1000021106-scaled.jpg 2560w, https:\/\/naturvernforbundet.no\/content\/uploads\/sites\/19\/2026\/04\/1000021106-300x135.jpg 300w, https:\/\/naturvernforbundet.no\/content\/uploads\/sites\/19\/2026\/04\/1000021106-1024x461.jpg 1024w, https:\/\/naturvernforbundet.no\/content\/uploads\/sites\/19\/2026\/04\/1000021106-768x346.jpg 768w, https:\/\/naturvernforbundet.no\/content\/uploads\/sites\/19\/2026\/04\/1000021106-1536x692.jpg 1536w, https:\/\/naturvernforbundet.no\/content\/uploads\/sites\/19\/2026\/04\/1000021106-2048x922.jpg 2048w, https:\/\/naturvernforbundet.no\/content\/uploads\/sites\/19\/2026\/04\/1000021106-1920x865.jpg 1920w\" sizes=\"auto, (max-width: 2560px) 100vw, 2560px\" \/><span class=\"t2-image-credit-name\">Anne Marit Ligaard<\/span><\/div><span class=\"t2-image-credit-name\">Anne Marit Ligaard<\/span><\/div><\/figure>\n\n<div class=\"wp-block-naturvern-byline\">\n\t\t\t<div class=\"authors\">By <span class=\"t2-byline__author-link\">annemarit<\/span><\/div>\n\t\t\t<small class=\"entry-date\">27.04.2026 10:52<\/small>\n\t\t<\/div>\n\t\t\t<\/div>\n\t\t\t\t\t<\/div>\n\t\t\t<\/div>\n\t\n\n\n<p>Takk til dere som ryddet! Vi var totalt 4 stykker, s\u00e5 det er behov for flere som hjelper til. Vi fikk bare ryddet en liten bit, og noe fikk vi heller ikke med oss fordi det var umulig \u00e5 fjerne med h\u00e5ndmakt.<\/p>\n\n\n\n<figure class=\"wp-block-image size-large\"><div class=\"t2-image-credit\"><img loading=\"lazy\" decoding=\"async\" width=\"1024\" height=\"461\" src=\"https:\/\/naturvernforbundet.no\/content\/uploads\/sites\/19\/2026\/04\/1000021098-1024x461.jpg\" alt=\"Fine omgivelser for \u00e5 rydde. Roar strekker seg for \u00e5 f\u00e5 med alt.\" class=\"wp-image-8986\" srcset=\"https:\/\/naturvernforbundet.no\/content\/uploads\/sites\/19\/2026\/04\/1000021098-1024x461.jpg 1024w, https:\/\/naturvernforbundet.no\/content\/uploads\/sites\/19\/2026\/04\/1000021098-300x135.jpg 300w, https:\/\/naturvernforbundet.no\/content\/uploads\/sites\/19\/2026\/04\/1000021098-768x346.jpg 768w, https:\/\/naturvernforbundet.no\/content\/uploads\/sites\/19\/2026\/04\/1000021098-1536x692.jpg 1536w, https:\/\/naturvernforbundet.no\/content\/uploads\/sites\/19\/2026\/04\/1000021098-2048x922.jpg 2048w, https:\/\/naturvernforbundet.no\/content\/uploads\/sites\/19\/2026\/04\/1000021098-1920x865.jpg 1920w\" sizes=\"auto, (max-width: 1024px) 100vw, 1024px\" \/><span class=\"t2-image-credit-name\">Anne Marit Ligaard<\/span><\/div><figcaption class=\"wp-element-caption\">Fine omgivelser for \u00e5 rydde. Roar strekker seg for \u00e5 f\u00e5 med alt.<\/figcaption><\/figure>\n\n\n\n<p>Dessverre var det mye s\u00f8ppel \u00e5 finne langs Stokkbekken og enda mer n\u00e5r vi beveget oss et stykke ut fra bekken. Hundskitposer er en gjenganger, det samme med sigarettstumper &#8211; s\u00e6rlig i n\u00e6rheten av veien opp stil Stokkberga og n\u00e6rt Stokkan.<\/p>\n\n\n\n<figure class=\"wp-block-image size-large\"><div class=\"t2-image-credit\"><img loading=\"lazy\" decoding=\"async\" width=\"1024\" height=\"461\" src=\"https:\/\/naturvernforbundet.no\/content\/uploads\/sites\/19\/2026\/04\/1000021067-scaled-e1777278509644-1024x461.jpg\" alt=\"Vi fant flere glassflasker\" class=\"wp-image-8982\" srcset=\"https:\/\/naturvernforbundet.no\/content\/uploads\/sites\/19\/2026\/04\/1000021067-scaled-e1777278509644-1024x461.jpg 1024w, https:\/\/naturvernforbundet.no\/content\/uploads\/sites\/19\/2026\/04\/1000021067-scaled-e1777278509644-300x135.jpg 300w, https:\/\/naturvernforbundet.no\/content\/uploads\/sites\/19\/2026\/04\/1000021067-scaled-e1777278509644-768x346.jpg 768w, https:\/\/naturvernforbundet.no\/content\/uploads\/sites\/19\/2026\/04\/1000021067-scaled-e1777278509644-1536x692.jpg 1536w, https:\/\/naturvernforbundet.no\/content\/uploads\/sites\/19\/2026\/04\/1000021067-scaled-e1777278509644-2048x922.jpg 2048w, https:\/\/naturvernforbundet.no\/content\/uploads\/sites\/19\/2026\/04\/1000021067-scaled-e1777278509644-1920x865.jpg 1920w\" sizes=\"auto, (max-width: 1024px) 100vw, 1024px\" \/><span class=\"t2-image-credit-name\">Anne Marit Ligaard<\/span><\/div><figcaption class=\"wp-element-caption\">Vi fant flere glassflasker<\/figcaption><\/figure>\n\n\n\n<figure class=\"wp-block-image size-large\"><div class=\"t2-image-credit\"><img loading=\"lazy\" decoding=\"async\" width=\"1024\" height=\"461\" src=\"https:\/\/naturvernforbundet.no\/content\/uploads\/sites\/19\/2026\/04\/1000021065-scaled-e1777278657284-1024x461.jpg\" alt=\"S\u00e5nn g\u00e5r det med plastposene som blir liggende ute\" class=\"wp-image-8983\" srcset=\"https:\/\/naturvernforbundet.no\/content\/uploads\/sites\/19\/2026\/04\/1000021065-scaled-e1777278657284-1024x461.jpg 1024w, https:\/\/naturvernforbundet.no\/content\/uploads\/sites\/19\/2026\/04\/1000021065-scaled-e1777278657284-300x135.jpg 300w, https:\/\/naturvernforbundet.no\/content\/uploads\/sites\/19\/2026\/04\/1000021065-scaled-e1777278657284-768x346.jpg 768w, https:\/\/naturvernforbundet.no\/content\/uploads\/sites\/19\/2026\/04\/1000021065-scaled-e1777278657284-1536x692.jpg 1536w, https:\/\/naturvernforbundet.no\/content\/uploads\/sites\/19\/2026\/04\/1000021065-scaled-e1777278657284-2048x922.jpg 2048w, https:\/\/naturvernforbundet.no\/content\/uploads\/sites\/19\/2026\/04\/1000021065-scaled-e1777278657284-1920x865.jpg 1920w\" sizes=\"auto, (max-width: 1024px) 100vw, 1024px\" \/><span class=\"t2-image-credit-name\">Anne Marit Ligaard<\/span><\/div><figcaption class=\"wp-element-caption\">S\u00e5nn g\u00e5r det med plastposene som blir liggende ute<\/figcaption><\/figure>\n\n\n\n<figure class=\"wp-block-image size-large\"><div class=\"t2-image-credit\"><img loading=\"lazy\" decoding=\"async\" width=\"1024\" height=\"461\" src=\"https:\/\/naturvernforbundet.no\/content\/uploads\/sites\/19\/2026\/04\/1000021093-scaled-e1777279523254-1024x461.jpg\" alt=\"Hvem har glemt igjen underbuksa si?\" class=\"wp-image-8988\" srcset=\"https:\/\/naturvernforbundet.no\/content\/uploads\/sites\/19\/2026\/04\/1000021093-scaled-e1777279523254-1024x461.jpg 1024w, https:\/\/naturvernforbundet.no\/content\/uploads\/sites\/19\/2026\/04\/1000021093-scaled-e1777279523254-300x135.jpg 300w, https:\/\/naturvernforbundet.no\/content\/uploads\/sites\/19\/2026\/04\/1000021093-scaled-e1777279523254-768x346.jpg 768w, https:\/\/naturvernforbundet.no\/content\/uploads\/sites\/19\/2026\/04\/1000021093-scaled-e1777279523254-1536x692.jpg 1536w, https:\/\/naturvernforbundet.no\/content\/uploads\/sites\/19\/2026\/04\/1000021093-scaled-e1777279523254-2048x922.jpg 2048w, https:\/\/naturvernforbundet.no\/content\/uploads\/sites\/19\/2026\/04\/1000021093-scaled-e1777279523254-1920x865.jpg 1920w\" sizes=\"auto, (max-width: 1024px) 100vw, 1024px\" \/><span class=\"t2-image-credit-name\">Anne Marit Ligaard<\/span><\/div><figcaption class=\"wp-element-caption\">Hvem har glemt igjen underbuksa si?<\/figcaption><\/figure>\n\n\n\n<p>Vi vet at bekken har d\u00e5rlig \u00f8kologisk tilstand med h\u00f8ye niv\u00e5er av n\u00e6ringsstoffer (N og P), E. coli-bakterier og forurensning fra jordbruk og kloakkutslipp. At den i tillegg skal v\u00e6re fors\u00f8plet med plastposer, bildekk og handlevogner gj\u00f8r ikke forholdene bedre.<\/p>\n\n\n\n<figure class=\"wp-block-image size-large\"><div class=\"t2-image-credit\"><img loading=\"lazy\" decoding=\"async\" width=\"1024\" height=\"461\" src=\"https:\/\/naturvernforbundet.no\/content\/uploads\/sites\/19\/2026\/04\/1000021105-1024x461.jpg\" alt=\"Ivar og Jon Kristian\" class=\"wp-image-8984\" srcset=\"https:\/\/naturvernforbundet.no\/content\/uploads\/sites\/19\/2026\/04\/1000021105-1024x461.jpg 1024w, https:\/\/naturvernforbundet.no\/content\/uploads\/sites\/19\/2026\/04\/1000021105-300x135.jpg 300w, https:\/\/naturvernforbundet.no\/content\/uploads\/sites\/19\/2026\/04\/1000021105-768x346.jpg 768w, https:\/\/naturvernforbundet.no\/content\/uploads\/sites\/19\/2026\/04\/1000021105-1536x691.jpg 1536w, https:\/\/naturvernforbundet.no\/content\/uploads\/sites\/19\/2026\/04\/1000021105-2048x922.jpg 2048w, https:\/\/naturvernforbundet.no\/content\/uploads\/sites\/19\/2026\/04\/1000021105-1920x864.jpg 1920w\" sizes=\"auto, (max-width: 1024px) 100vw, 1024px\" \/><span class=\"t2-image-credit-name\">Anne Marit Ligaard<\/span><\/div><figcaption class=\"wp-element-caption\">Ivar og Jon Kristian<\/figcaption><\/figure>\n\n\n\n<figure class=\"wp-block-image size-large\"><div class=\"t2-image-credit\"><img loading=\"lazy\" decoding=\"async\" width=\"1024\" height=\"461\" src=\"https:\/\/naturvernforbundet.no\/content\/uploads\/sites\/19\/2026\/04\/1000021102-1024x461.jpg\" alt=\"Umulig \u00e5 rikke med h\u00e5ndmakt\" class=\"wp-image-8985\" srcset=\"https:\/\/naturvernforbundet.no\/content\/uploads\/sites\/19\/2026\/04\/1000021102-1024x461.jpg 1024w, https:\/\/naturvernforbundet.no\/content\/uploads\/sites\/19\/2026\/04\/1000021102-300x135.jpg 300w, https:\/\/naturvernforbundet.no\/content\/uploads\/sites\/19\/2026\/04\/1000021102-768x346.jpg 768w, https:\/\/naturvernforbundet.no\/content\/uploads\/sites\/19\/2026\/04\/1000021102-1536x692.jpg 1536w, https:\/\/naturvernforbundet.no\/content\/uploads\/sites\/19\/2026\/04\/1000021102-2048x922.jpg 2048w, https:\/\/naturvernforbundet.no\/content\/uploads\/sites\/19\/2026\/04\/1000021102-1920x865.jpg 1920w\" sizes=\"auto, (max-width: 1024px) 100vw, 1024px\" \/><span class=\"t2-image-credit-name\">Anne Marit Ligaard<\/span><\/div><figcaption class=\"wp-element-caption\">Umulig \u00e5 rikke med h\u00e5ndmakt<\/figcaption><\/figure>\n\n\n\n<p>Det er et m\u00e5l at Stokkbekken skal ha god \u00f8kologisk og kjemisk tilstand. Her m\u00e5 det gj\u00f8res noe med forurensningen fra kloakk og jordbruk. Rydding er bare et av mange tiltak for \u00e5 forbedre tilstanden i bekken.<\/p>\n\n\n\n<figure class=\"wp-block-image size-large\"><img loading=\"lazy\" decoding=\"async\" width=\"1024\" height=\"461\" src=\"https:\/\/naturvernforbundet.no\/content\/uploads\/sites\/19\/2026\/04\/1000021083-1024x461.jpg\" alt=\"Roar er en god rydder som ikke er redd for \u00e5 falle uti\" class=\"wp-image-8987\" srcset=\"https:\/\/naturvernforbundet.no\/content\/uploads\/sites\/19\/2026\/04\/1000021083-1024x461.jpg 1024w, https:\/\/naturvernforbundet.no\/content\/uploads\/sites\/19\/2026\/04\/1000021083-300x135.jpg 300w, https:\/\/naturvernforbundet.no\/content\/uploads\/sites\/19\/2026\/04\/1000021083-768x346.jpg 768w, https:\/\/naturvernforbundet.no\/content\/uploads\/sites\/19\/2026\/04\/1000021083-1536x692.jpg 1536w, https:\/\/naturvernforbundet.no\/content\/uploads\/sites\/19\/2026\/04\/1000021083-2048x922.jpg 2048w, https:\/\/naturvernforbundet.no\/content\/uploads\/sites\/19\/2026\/04\/1000021083-1920x865.jpg 1920w\" sizes=\"auto, (max-width: 1024px) 100vw, 1024px\" \/><figcaption class=\"wp-element-caption\">Roar er en god rydder som ikke er redd for \u00e5 falle uti<\/figcaption><\/figure>\n\n\n\n<p>Vi pr\u00f8ver \u00e5 f\u00e5 til mer rydding i l\u00f8pet av forsommeren, og vi kommer til \u00e5 be kommunen om \u00e5 ta ansvar for \u00e5 f\u00e5 fjernet handlevogna og annet som vi ikke har klart \u00e5 f\u00e5 vekk.<\/p>\n\n\n\n<figure class=\"wp-block-image size-large\"><div class=\"t2-image-credit\"><img loading=\"lazy\" decoding=\"async\" width=\"1024\" height=\"461\" src=\"https:\/\/naturvernforbundet.no\/content\/uploads\/sites\/19\/2026\/04\/1000021108-1024x461.jpg\" alt=\"S\u00f8ppel\" class=\"wp-image-8980\" srcset=\"https:\/\/naturvernforbundet.no\/content\/uploads\/sites\/19\/2026\/04\/1000021108-1024x461.jpg 1024w, https:\/\/naturvernforbundet.no\/content\/uploads\/sites\/19\/2026\/04\/1000021108-300x135.jpg 300w, https:\/\/naturvernforbundet.no\/content\/uploads\/sites\/19\/2026\/04\/1000021108-768x346.jpg 768w, https:\/\/naturvernforbundet.no\/content\/uploads\/sites\/19\/2026\/04\/1000021108-1536x691.jpg 1536w, https:\/\/naturvernforbundet.no\/content\/uploads\/sites\/19\/2026\/04\/1000021108-2048x922.jpg 2048w, https:\/\/naturvernforbundet.no\/content\/uploads\/sites\/19\/2026\/04\/1000021108-1920x864.jpg 1920w\" sizes=\"auto, (max-width: 1024px) 100vw, 1024px\" \/><span class=\"t2-image-credit-name\">Anne Marit Ligard<\/span><\/div><figcaption class=\"wp-element-caption\">I s\u00f8ppelsekkene er det mange plastvarianter, fra mer og mindre oppsmuldrete plastposer, sm\u00e5 plastbiter, plastflasker, hundskit-poser, emballasje, brusbokser, spritflasker, sigarettstumper, metallplater, plastr\u00f8r, osv osv<\/figcaption><\/figure>\n\n\n\n<p>Selv om det er deprimerende \u00e5 se hvordan det ser ut med all fors\u00f8plinga hadde vi en nydelig dag med 4 \u00e5rstider, fuglesang, knoppskyting og gleden av \u00e5 gj\u00f8re noe meningsfullt sammen. Vi gleder oss til mer rydding og h\u00e5per at flere er villige til \u00e5 sette av et par timer for \u00e5 gj\u00f8re en innsats. <\/p>\n\n\n\n<p>Ehhh dr\u00f8mmescenario: det blir slutt p\u00e5 \u00e5 hive fra seg all mulig dritt overalt!<\/p>\n\n\n\n<figure class=\"wp-block-image size-large\"><div class=\"t2-image-credit\"><img loading=\"lazy\" decoding=\"async\" width=\"461\" height=\"1024\" src=\"https:\/\/naturvernforbundet.no\/content\/uploads\/sites\/19\/2026\/04\/1000021096-461x1024.jpg\" alt=\"Stokkbekken\" class=\"wp-image-8990\" srcset=\"https:\/\/naturvernforbundet.no\/content\/uploads\/sites\/19\/2026\/04\/1000021096-461x1024.jpg 461w, https:\/\/naturvernforbundet.no\/content\/uploads\/sites\/19\/2026\/04\/1000021096-135x300.jpg 135w, https:\/\/naturvernforbundet.no\/content\/uploads\/sites\/19\/2026\/04\/1000021096-768x1707.jpg 768w, https:\/\/naturvernforbundet.no\/content\/uploads\/sites\/19\/2026\/04\/1000021096-691x1536.jpg 691w, https:\/\/naturvernforbundet.no\/content\/uploads\/sites\/19\/2026\/04\/1000021096-922x2048.jpg 922w, https:\/\/naturvernforbundet.no\/content\/uploads\/sites\/19\/2026\/04\/1000021096-864x1920.jpg 864w, https:\/\/naturvernforbundet.no\/content\/uploads\/sites\/19\/2026\/04\/1000021096-scaled.jpg 1152w\" sizes=\"auto, (max-width: 461px) 100vw, 461px\" \/><span class=\"t2-image-credit-name\">Anne Marit Ligaard<\/span><\/div><figcaption class=\"wp-element-caption\">Stokkbekken<\/figcaption><\/figure>\n\n\n","protected":false},"excerpt":{"rendered":"<p>Bilder og tanker fra \u00e5rets strandryddedag<\/p>\n","protected":false},"author":306,"featured_media":8979,"comment_status":"closed","ping_status":"closed","sticky":false,"template":"","format":"standard","meta":{"_relevanssi_hide_post":"","_relevanssi_hide_content":"","_relevanssi_pin_for_all":"","_relevanssi_pin_keywords":"","_relevanssi_unpin_keywords":"","_relevanssi_related_keywords":"","_relevanssi_related_include_ids":"","_relevanssi_related_exclude_ids":"","_relevanssi_related_no_append":"","_relevanssi_related_not_related":"","_relevanssi_related_posts":"4084,8289,1499,1743,1084,4656","_relevanssi_noindex_reason":"","hide_logo":false,"footnotes":""},"categories":[173],"tags":[],"local":[11],"class_list":["post-8978","post","type-post","status-publish","format-standard","has-post-thumbnail","hentry","category-hav-og-strand","local-stjordal-og-meraaker"],"acf":[],"yoast_head":"<!-- This site is optimized with the Yoast SEO plugin v24.9 - https:\/\/yoast.com\/wordpress\/plugins\/seo\/ -->\n<title>Vi ryddet Stokkbekken - Tr\u00f8ndelag<\/title>\n<meta name=\"description\" content=\"Rydding langs Stokkbekken med Naturvernforbundet i Stj\u00f8rdal og Mer\u00e5ker. Vi trenger flere som blir med og rydder!\" \/>\n<meta name=\"robots\" content=\"index, follow, max-snippet:-1, max-image-preview:large, max-video-preview:-1\" \/>\n<link rel=\"canonical\" href=\"https:\/\/naturvernforbundet.no\/trondelag\/vi-ryddet-stokkbekken\/\" \/>\n<meta property=\"og:locale\" content=\"nb_NO\" \/>\n<meta property=\"og:type\" content=\"article\" \/>\n<meta property=\"og:title\" content=\"Vi ryddet Stokkbekken - Tr\u00f8ndelag\" \/>\n<meta property=\"og:description\" content=\"Rydding langs Stokkbekken med Naturvernforbundet i Stj\u00f8rdal og Mer\u00e5ker. Vi trenger flere som blir med og rydder!\" \/>\n<meta property=\"og:url\" content=\"https:\/\/naturvernforbundet.no\/trondelag\/vi-ryddet-stokkbekken\/\" \/>\n<meta property=\"og:site_name\" content=\"Tr\u00f8ndelag\" \/>\n<meta property=\"article:published_time\" content=\"2026-04-27T08:52:44+00:00\" \/>\n<meta property=\"article:modified_time\" content=\"2026-04-27T16:13:32+00:00\" \/>\n<meta property=\"og:image\" content=\"https:\/\/naturvernforbundet.no\/content\/uploads\/sites\/19\/2026\/04\/1000021106-scaled.jpg\" \/>\n\t<meta property=\"og:image:width\" content=\"2560\" \/>\n\t<meta property=\"og:image:height\" content=\"1153\" \/>\n\t<meta property=\"og:image:type\" content=\"image\/jpeg\" \/>\n<meta name=\"author\" content=\"annemarit\" \/>\n<meta name=\"twitter:card\" content=\"summary_large_image\" \/>\n<meta name=\"twitter:label1\" content=\"Skrevet av\" \/>\n\t<meta name=\"twitter:data1\" content=\"annemarit\" \/>\n\t<meta name=\"twitter:label2\" content=\"Ansl. lesetid\" \/>\n\t<meta name=\"twitter:data2\" content=\"5 minutter\" \/>\n<script type=\"application\/ld+json\" class=\"yoast-schema-graph\">{\"@context\":\"https:\/\/schema.org\",\"@graph\":[{\"@type\":\"WebPage\",\"@id\":\"https:\/\/naturvernforbundet.no\/trondelag\/vi-ryddet-stokkbekken\/\",\"url\":\"https:\/\/naturvernforbundet.no\/trondelag\/vi-ryddet-stokkbekken\/\",\"name\":\"Vi ryddet Stokkbekken - Tr\u00f8ndelag\",\"isPartOf\":{\"@id\":\"https:\/\/naturvernforbundet.no\/trondelag\/#website\"},\"primaryImageOfPage\":{\"@id\":\"https:\/\/naturvernforbundet.no\/trondelag\/vi-ryddet-stokkbekken\/#primaryimage\"},\"image\":{\"@id\":\"https:\/\/naturvernforbundet.no\/trondelag\/vi-ryddet-stokkbekken\/#primaryimage\"},\"thumbnailUrl\":\"https:\/\/naturvernforbundet.no\/content\/uploads\/sites\/19\/2026\/04\/1000021106-scaled.jpg\",\"datePublished\":\"2026-04-27T08:52:44+00:00\",\"dateModified\":\"2026-04-27T16:13:32+00:00\",\"author\":{\"@id\":\"https:\/\/naturvernforbundet.no\/trondelag\/#\/schema\/person\/2c6f4c9ec21ae7d7a20f31a880af8673\"},\"description\":\"Rydding langs Stokkbekken med Naturvernforbundet i Stj\u00f8rdal og Mer\u00e5ker. Vi trenger flere som blir med og rydder!\",\"breadcrumb\":{\"@id\":\"https:\/\/naturvernforbundet.no\/trondelag\/vi-ryddet-stokkbekken\/#breadcrumb\"},\"inLanguage\":\"nb-NO\",\"potentialAction\":[{\"@type\":\"ReadAction\",\"target\":[\"https:\/\/naturvernforbundet.no\/trondelag\/vi-ryddet-stokkbekken\/\"]}]},{\"@type\":\"ImageObject\",\"inLanguage\":\"nb-NO\",\"@id\":\"https:\/\/naturvernforbundet.no\/trondelag\/vi-ryddet-stokkbekken\/#primaryimage\",\"url\":\"https:\/\/naturvernforbundet.no\/content\/uploads\/sites\/19\/2026\/04\/1000021106-scaled.jpg\",\"contentUrl\":\"https:\/\/naturvernforbundet.no\/content\/uploads\/sites\/19\/2026\/04\/1000021106-scaled.jpg\",\"width\":2560,\"height\":1153,\"caption\":\"Ivar og Jon Kristian\"},{\"@type\":\"BreadcrumbList\",\"@id\":\"https:\/\/naturvernforbundet.no\/trondelag\/vi-ryddet-stokkbekken\/#breadcrumb\",\"itemListElement\":[{\"@type\":\"ListItem\",\"position\":1,\"name\":\"Till naturvernforbundet.no\",\"item\":\"https:\/\/naturvernforbundet.no\/\"},{\"@type\":\"ListItem\",\"position\":2,\"name\":\"Tr\u00f8ndelag\",\"item\":\"https:\/\/naturvernforbundet.no\/trondelag\/\"},{\"@type\":\"ListItem\",\"position\":3,\"name\":\"Stj\u00f8rdal og Mer\u00e5ker\",\"item\":\"https:\/\/naturvernforbundet.no\/trondelag\/lokallag\/stjordal-og-meraaker\/\"},{\"@type\":\"ListItem\",\"position\":4,\"name\":\"Vi ryddet Stokkbekken\"}]},{\"@type\":\"WebSite\",\"@id\":\"https:\/\/naturvernforbundet.no\/trondelag\/#website\",\"url\":\"https:\/\/naturvernforbundet.no\/trondelag\/\",\"name\":\"Tr\u00f8ndelag\",\"description\":\"Bare enda et Naturvernforbundet Sites-nettsted\",\"potentialAction\":[{\"@type\":\"SearchAction\",\"target\":{\"@type\":\"EntryPoint\",\"urlTemplate\":\"https:\/\/naturvernforbundet.no\/trondelag\/?s={search_term_string}\"},\"query-input\":{\"@type\":\"PropertyValueSpecification\",\"valueRequired\":true,\"valueName\":\"search_term_string\"}}],\"inLanguage\":\"nb-NO\"},{\"@type\":\"Person\",\"@id\":\"https:\/\/naturvernforbundet.no\/trondelag\/#\/schema\/person\/2c6f4c9ec21ae7d7a20f31a880af8673\",\"name\":\"annemarit\",\"image\":{\"@type\":\"ImageObject\",\"inLanguage\":\"nb-NO\",\"@id\":\"https:\/\/naturvernforbundet.no\/trondelag\/#\/schema\/person\/image\/\",\"url\":\"https:\/\/secure.gravatar.com\/avatar\/03d732f44f3ec646fbdd3a2d0064dea4?s=96&d=mm&r=g\",\"contentUrl\":\"https:\/\/secure.gravatar.com\/avatar\/03d732f44f3ec646fbdd3a2d0064dea4?s=96&d=mm&r=g\",\"caption\":\"annemarit\"},\"url\":\"https:\/\/naturvernforbundet.no\/trondelag\/author\/annemarit\/\"}]}<\/script>\n<!-- \/ Yoast SEO plugin. -->","yoast_head_json":{"title":"Vi ryddet Stokkbekken - Tr\u00f8ndelag","description":"Rydding langs Stokkbekken med Naturvernforbundet i Stj\u00f8rdal og Mer\u00e5ker. Vi trenger flere som blir med og rydder!","robots":{"index":"index","follow":"follow","max-snippet":"max-snippet:-1","max-image-preview":"max-image-preview:large","max-video-preview":"max-video-preview:-1"},"canonical":"https:\/\/naturvernforbundet.no\/trondelag\/vi-ryddet-stokkbekken\/","og_locale":"nb_NO","og_type":"article","og_title":"Vi ryddet Stokkbekken - Tr\u00f8ndelag","og_description":"Rydding langs Stokkbekken med Naturvernforbundet i Stj\u00f8rdal og Mer\u00e5ker. Vi trenger flere som blir med og rydder!","og_url":"https:\/\/naturvernforbundet.no\/trondelag\/vi-ryddet-stokkbekken\/","og_site_name":"Tr\u00f8ndelag","article_published_time":"2026-04-27T08:52:44+00:00","article_modified_time":"2026-04-27T16:13:32+00:00","og_image":[{"width":2560,"height":1153,"url":"https:\/\/naturvernforbundet.no\/content\/uploads\/sites\/19\/2026\/04\/1000021106-scaled.jpg","type":"image\/jpeg"}],"author":"annemarit","twitter_card":"summary_large_image","twitter_misc":{"Skrevet av":"annemarit","Ansl. lesetid":"5 minutter"},"schema":{"@context":"https:\/\/schema.org","@graph":[{"@type":"WebPage","@id":"https:\/\/naturvernforbundet.no\/trondelag\/vi-ryddet-stokkbekken\/","url":"https:\/\/naturvernforbundet.no\/trondelag\/vi-ryddet-stokkbekken\/","name":"Vi ryddet Stokkbekken - Tr\u00f8ndelag","isPartOf":{"@id":"https:\/\/naturvernforbundet.no\/trondelag\/#website"},"primaryImageOfPage":{"@id":"https:\/\/naturvernforbundet.no\/trondelag\/vi-ryddet-stokkbekken\/#primaryimage"},"image":{"@id":"https:\/\/naturvernforbundet.no\/trondelag\/vi-ryddet-stokkbekken\/#primaryimage"},"thumbnailUrl":"https:\/\/naturvernforbundet.no\/content\/uploads\/sites\/19\/2026\/04\/1000021106-scaled.jpg","datePublished":"2026-04-27T08:52:44+00:00","dateModified":"2026-04-27T16:13:32+00:00","author":{"@id":"https:\/\/naturvernforbundet.no\/trondelag\/#\/schema\/person\/2c6f4c9ec21ae7d7a20f31a880af8673"},"description":"Rydding langs Stokkbekken med Naturvernforbundet i Stj\u00f8rdal og Mer\u00e5ker. Vi trenger flere som blir med og rydder!","breadcrumb":{"@id":"https:\/\/naturvernforbundet.no\/trondelag\/vi-ryddet-stokkbekken\/#breadcrumb"},"inLanguage":"nb-NO","potentialAction":[{"@type":"ReadAction","target":["https:\/\/naturvernforbundet.no\/trondelag\/vi-ryddet-stokkbekken\/"]}]},{"@type":"ImageObject","inLanguage":"nb-NO","@id":"https:\/\/naturvernforbundet.no\/trondelag\/vi-ryddet-stokkbekken\/#primaryimage","url":"https:\/\/naturvernforbundet.no\/content\/uploads\/sites\/19\/2026\/04\/1000021106-scaled.jpg","contentUrl":"https:\/\/naturvernforbundet.no\/content\/uploads\/sites\/19\/2026\/04\/1000021106-scaled.jpg","width":2560,"height":1153,"caption":"Ivar og Jon Kristian"},{"@type":"BreadcrumbList","@id":"https:\/\/naturvernforbundet.no\/trondelag\/vi-ryddet-stokkbekken\/#breadcrumb","itemListElement":[{"@type":"ListItem","position":1,"name":"Till naturvernforbundet.no","item":"https:\/\/naturvernforbundet.no\/"},{"@type":"ListItem","position":2,"name":"Tr\u00f8ndelag","item":"https:\/\/naturvernforbundet.no\/trondelag\/"},{"@type":"ListItem","position":3,"name":"Stj\u00f8rdal og Mer\u00e5ker","item":"https:\/\/naturvernforbundet.no\/trondelag\/lokallag\/stjordal-og-meraaker\/"},{"@type":"ListItem","position":4,"name":"Vi ryddet Stokkbekken"}]},{"@type":"WebSite","@id":"https:\/\/naturvernforbundet.no\/trondelag\/#website","url":"https:\/\/naturvernforbundet.no\/trondelag\/","name":"Tr\u00f8ndelag","description":"Bare enda et Naturvernforbundet Sites-nettsted","potentialAction":[{"@type":"SearchAction","target":{"@type":"EntryPoint","urlTemplate":"https:\/\/naturvernforbundet.no\/trondelag\/?s={search_term_string}"},"query-input":{"@type":"PropertyValueSpecification","valueRequired":true,"valueName":"search_term_string"}}],"inLanguage":"nb-NO"},{"@type":"Person","@id":"https:\/\/naturvernforbundet.no\/trondelag\/#\/schema\/person\/2c6f4c9ec21ae7d7a20f31a880af8673","name":"annemarit","image":{"@type":"ImageObject","inLanguage":"nb-NO","@id":"https:\/\/naturvernforbundet.no\/trondelag\/#\/schema\/person\/image\/","url":"https:\/\/secure.gravatar.com\/avatar\/03d732f44f3ec646fbdd3a2d0064dea4?s=96&d=mm&r=g","contentUrl":"https:\/\/secure.gravatar.com\/avatar\/03d732f44f3ec646fbdd3a2d0064dea4?s=96&d=mm&r=g","caption":"annemarit"},"url":"https:\/\/naturvernforbundet.no\/trondelag\/author\/annemarit\/"}]}},"_links":{"self":[{"href":"https:\/\/naturvernforbundet.no\/trondelag\/wp-json\/wp\/v2\/posts\/8978","targetHints":{"allow":["GET"]}}],"collection":[{"href":"https:\/\/naturvernforbundet.no\/trondelag\/wp-json\/wp\/v2\/posts"}],"about":[{"href":"https:\/\/naturvernforbundet.no\/trondelag\/wp-json\/wp\/v2\/types\/post"}],"author":[{"embeddable":true,"href":"https:\/\/naturvernforbundet.no\/trondelag\/wp-json\/wp\/v2\/users\/306"}],"replies":[{"embeddable":true,"href":"https:\/\/naturvernforbundet.no\/trondelag\/wp-json\/wp\/v2\/comments?post=8978"}],"version-history":[{"count":3,"href":"https:\/\/naturvernforbundet.no\/trondelag\/wp-json\/wp\/v2\/posts\/8978\/revisions"}],"predecessor-version":[{"id":8998,"href":"https:\/\/naturvernforbundet.no\/trondelag\/wp-json\/wp\/v2\/posts\/8978\/revisions\/8998"}],"wp:featuredmedia":[{"embeddable":true,"href":"https:\/\/naturvernforbundet.no\/trondelag\/wp-json\/wp\/v2\/media\/8979"}],"wp:attachment":[{"href":"https:\/\/naturvernforbundet.no\/trondelag\/wp-json\/wp\/v2\/media?parent=8978"}],"wp:term":[{"taxonomy":"category","embeddable":true,"href":"https:\/\/naturvernforbundet.no\/trondelag\/wp-json\/wp\/v2\/categories?post=8978"},{"taxonomy":"post_tag","embeddable":true,"href":"https:\/\/naturvernforbundet.no\/trondelag\/wp-json\/wp\/v2\/tags?post=8978"},{"taxonomy":"local","embeddable":true,"href":"https:\/\/naturvernforbundet.no\/trondelag\/wp-json\/wp\/v2\/local?post=8978"}],"curies":[{"name":"wp","href":"https:\/\/api.w.org\/{rel}","templated":true}]}}