{"id":8999,"date":"2026-04-28T10:48:15","date_gmt":"2026-04-28T08:48:15","guid":{"rendered":"https:\/\/naturvernforbundet.no\/trondelag\/?p=8999"},"modified":"2026-04-28T10:48:16","modified_gmt":"2026-04-28T08:48:16","slug":"den-naturvennlige-hagen","status":"publish","type":"post","link":"https:\/\/naturvernforbundet.no\/trondelag\/den-naturvennlige-hagen\/","title":{"rendered":"Den naturvennlige hagen"},"content":{"rendered":"\t<div class=\"template-post alignnone wp-block-naturvern-hero\">\n\t\t<div class=\"hero__inner\">\n\t\t\t<div class=\"hero__inner_blocks\">\n\t\t\t\t\t\t\t\t\n<h1 class=\"wp-block-post-title\">Den naturvennlige hagen<\/h1>\n\n<div class=\"wp-block-post-excerpt\"><p class=\"wp-block-post-excerpt__excerpt\">F\u00e5 et vakkert hefte om hvordan du hjelper naturen i hagen din! <\/p><\/div>\n\n<figure class=\"wp-block-post-featured-image\"><div class=\"t2-image-credit\"><div class=\"t2-image-credit\"><img loading=\"lazy\" decoding=\"async\" width=\"2560\" height=\"2560\" src=\"https:\/\/naturvernforbundet.no\/content\/uploads\/sites\/19\/2026\/04\/1000021191-scaled-e1777364872424.jpg\" class=\"attachment-post-thumbnail size-post-thumbnail wp-post-image\" alt=\"den naturvennlige hagen-brosjyre\" style=\"object-fit:cover;\" srcset=\"https:\/\/naturvernforbundet.no\/content\/uploads\/sites\/19\/2026\/04\/1000021191-scaled-e1777364872424.jpg 2560w, https:\/\/naturvernforbundet.no\/content\/uploads\/sites\/19\/2026\/04\/1000021191-scaled-e1777364872424-300x300.jpg 300w, https:\/\/naturvernforbundet.no\/content\/uploads\/sites\/19\/2026\/04\/1000021191-scaled-e1777364872424-1024x1024.jpg 1024w, https:\/\/naturvernforbundet.no\/content\/uploads\/sites\/19\/2026\/04\/1000021191-scaled-e1777364872424-150x150.jpg 150w, https:\/\/naturvernforbundet.no\/content\/uploads\/sites\/19\/2026\/04\/1000021191-scaled-e1777364872424-768x768.jpg 768w, https:\/\/naturvernforbundet.no\/content\/uploads\/sites\/19\/2026\/04\/1000021191-scaled-e1777364872424-1536x1536.jpg 1536w, https:\/\/naturvernforbundet.no\/content\/uploads\/sites\/19\/2026\/04\/1000021191-scaled-e1777364872424-2048x2048.jpg 2048w, https:\/\/naturvernforbundet.no\/content\/uploads\/sites\/19\/2026\/04\/1000021191-scaled-e1777364872424-1920x1920.jpg 1920w, https:\/\/naturvernforbundet.no\/content\/uploads\/sites\/19\/2026\/04\/1000021191-scaled-e1777364872424-400x400.jpg 400w, https:\/\/naturvernforbundet.no\/content\/uploads\/sites\/19\/2026\/04\/1000021191-scaled-e1777364872424-600x600.jpg 600w\" sizes=\"auto, (max-width: 2560px) 100vw, 2560px\" \/><span class=\"t2-image-credit-name\">Helene Moe Slinning<\/span><\/div><span class=\"t2-image-credit-name\">Helene Moe Slinning<\/span><\/div><\/figure>\n\n<div class=\"wp-block-naturvern-byline\">\n\t\t\t<div class=\"authors\">By <span class=\"t2-byline__author-link\">annemarit<\/span><\/div>\n\t\t\t<small class=\"entry-date\">28.04.2026 10:48<\/small>\n\t\t<\/div>\n\t\t\t<\/div>\n\t\t\t\t\t<\/div>\n\t\t\t<\/div>\n\t\n\n\n<p>Naturvernforbundet har laget et innholdsrikt og nyttig hefte om hvordan vi kan hjelpe naturen i hagen v\u00e5r. Her forklares det enkelt hvordan vi kan plante mat til insektene, gi insektene et sted \u00e5 bo, invitere villblomster inn i hagen, unng\u00e5 p\u00f8belplanter og torv i hagen, lage egen kompost, dyrke egen mat, bygge fuglekasse, insekthotell og flaggermuskasse og unng\u00e5 gift og brunsnegler i hagen.<\/p>\n\n\n\n<figure class=\"wp-block-image size-large\"><div class=\"t2-image-credit\"><img loading=\"lazy\" decoding=\"async\" width=\"1024\" height=\"1024\" src=\"https:\/\/naturvernforbundet.no\/content\/uploads\/sites\/19\/2026\/04\/1000021192-1024x1024.jpg\" alt=\"Tips til enkle tiltak i hagen\" class=\"wp-image-9001\" srcset=\"https:\/\/naturvernforbundet.no\/content\/uploads\/sites\/19\/2026\/04\/1000021192-1024x1024.jpg 1024w, https:\/\/naturvernforbundet.no\/content\/uploads\/sites\/19\/2026\/04\/1000021192-300x300.jpg 300w, https:\/\/naturvernforbundet.no\/content\/uploads\/sites\/19\/2026\/04\/1000021192-150x150.jpg 150w, https:\/\/naturvernforbundet.no\/content\/uploads\/sites\/19\/2026\/04\/1000021192-768x768.jpg 768w, https:\/\/naturvernforbundet.no\/content\/uploads\/sites\/19\/2026\/04\/1000021192-1536x1536.jpg 1536w, https:\/\/naturvernforbundet.no\/content\/uploads\/sites\/19\/2026\/04\/1000021192-2048x2048.jpg 2048w, https:\/\/naturvernforbundet.no\/content\/uploads\/sites\/19\/2026\/04\/1000021192-1920x1920.jpg 1920w\" sizes=\"auto, (max-width: 1024px) 100vw, 1024px\" \/><span class=\"t2-image-credit-name\">JorunVallestad\/Helene Moe Slinning<\/span><\/div><figcaption class=\"wp-element-caption\">Tips til enkle tiltak i hagen<\/figcaption><\/figure>\n\n\n\n<p>Vi deler ut heftet n\u00e5r vi har naturgledeturer og arrangementer. Vi har ogs\u00e5 lagt ut en del eksemplarer p\u00e5 gratishylla utenfor skranken til biblioteket i Kimen og andre steder. Ta kontakt om du ikke finner den og bli med p\u00e5 \u00e5 ta vare p\u00e5 naturen!<\/p>\n\n\n\n<figure class=\"wp-block-image size-large\"><div class=\"t2-image-credit\"><img loading=\"lazy\" decoding=\"async\" width=\"1024\" height=\"1024\" src=\"https:\/\/naturvernforbundet.no\/content\/uploads\/sites\/19\/2026\/04\/1000021193-1024x1024.jpg\" alt=\"Verstinger i hagen og ikke minst utenfor hagen!\" class=\"wp-image-9002\" srcset=\"https:\/\/naturvernforbundet.no\/content\/uploads\/sites\/19\/2026\/04\/1000021193-1024x1024.jpg 1024w, https:\/\/naturvernforbundet.no\/content\/uploads\/sites\/19\/2026\/04\/1000021193-300x300.jpg 300w, https:\/\/naturvernforbundet.no\/content\/uploads\/sites\/19\/2026\/04\/1000021193-150x150.jpg 150w, https:\/\/naturvernforbundet.no\/content\/uploads\/sites\/19\/2026\/04\/1000021193-768x768.jpg 768w, https:\/\/naturvernforbundet.no\/content\/uploads\/sites\/19\/2026\/04\/1000021193-1536x1536.jpg 1536w, https:\/\/naturvernforbundet.no\/content\/uploads\/sites\/19\/2026\/04\/1000021193-2048x2048.jpg 2048w, https:\/\/naturvernforbundet.no\/content\/uploads\/sites\/19\/2026\/04\/1000021193-1920x1920.jpg 1920w\" sizes=\"auto, (max-width: 1024px) 100vw, 1024px\" \/><span class=\"t2-image-credit-name\">Jorunn Vallestad og Helene Moe Slinning<\/span><\/div><figcaption class=\"wp-element-caption\">Verstinger i hagen og ikke minst utenfor hagen!<\/figcaption><\/figure>\n\n\n\n<p>Bilsene er eksempler fra heftet som er p\u00e5 til sammen 24 sider.<\/p>\n","protected":false},"excerpt":{"rendered":"<p>F\u00e5 et vakkert hefte om hvordan du hjelper naturen i hagen din!<\/p>\n","protected":false},"author":306,"featured_media":9000,"comment_status":"closed","ping_status":"closed","sticky":false,"template":"","format":"standard","meta":{"_relevanssi_hide_post":"","_relevanssi_hide_content":"","_relevanssi_pin_for_all":"","_relevanssi_pin_keywords":"","_relevanssi_unpin_keywords":"","_relevanssi_related_keywords":"","_relevanssi_related_include_ids":"","_relevanssi_related_exclude_ids":"","_relevanssi_related_no_append":"","_relevanssi_related_not_related":"","_relevanssi_related_posts":"626,7543,988,1883,1742,1107","_relevanssi_noindex_reason":"","hide_logo":false,"footnotes":""},"categories":[244,248,115],"tags":[],"local":[11],"class_list":["post-8999","post","type-post","status-publish","format-standard","has-post-thumbnail","hentry","category-beredskap","category-matjord","category-naturmangfold","local-stjordal-og-meraaker"],"acf":[],"yoast_head":"<!-- This site is optimized with the Yoast SEO plugin v24.9 - https:\/\/yoast.com\/wordpress\/plugins\/seo\/ -->\n<title>Den naturvennlige hagen - Tr\u00f8ndelag<\/title>\n<meta name=\"description\" content=\"F\u00e5 et vakkert hefte om hvordan du kan hjelpe naturen i hagen din. Vent med \u00e5 sl\u00e5 plena. Ikke rak for tidlig. Unng\u00e5 p\u00f8belplanter...\" \/>\n<meta name=\"robots\" content=\"index, follow, max-snippet:-1, max-image-preview:large, max-video-preview:-1\" \/>\n<link rel=\"canonical\" href=\"https:\/\/naturvernforbundet.no\/trondelag\/den-naturvennlige-hagen\/\" \/>\n<meta property=\"og:locale\" content=\"nb_NO\" \/>\n<meta property=\"og:type\" content=\"article\" \/>\n<meta property=\"og:title\" content=\"Den naturvennlige hagen - Tr\u00f8ndelag\" \/>\n<meta property=\"og:description\" content=\"F\u00e5 et vakkert hefte om hvordan du kan hjelpe naturen i hagen din. Vent med \u00e5 sl\u00e5 plena. Ikke rak for tidlig. Unng\u00e5 p\u00f8belplanter...\" \/>\n<meta property=\"og:url\" content=\"https:\/\/naturvernforbundet.no\/trondelag\/den-naturvennlige-hagen\/\" \/>\n<meta property=\"og:site_name\" content=\"Tr\u00f8ndelag\" \/>\n<meta property=\"article:published_time\" content=\"2026-04-28T08:48:15+00:00\" \/>\n<meta property=\"article:modified_time\" content=\"2026-04-28T08:48:16+00:00\" \/>\n<meta property=\"og:image\" content=\"https:\/\/naturvernforbundet.no\/content\/uploads\/sites\/19\/2026\/04\/1000021191-scaled-e1777364872424.jpg\" \/>\n\t<meta property=\"og:image:width\" content=\"2560\" \/>\n\t<meta property=\"og:image:height\" content=\"2560\" \/>\n\t<meta property=\"og:image:type\" content=\"image\/jpeg\" \/>\n<meta name=\"author\" content=\"annemarit\" \/>\n<meta name=\"twitter:card\" content=\"summary_large_image\" \/>\n<meta name=\"twitter:label1\" content=\"Skrevet av\" \/>\n\t<meta name=\"twitter:data1\" content=\"annemarit\" \/>\n\t<meta name=\"twitter:label2\" content=\"Ansl. lesetid\" \/>\n\t<meta name=\"twitter:data2\" content=\"2 minutter\" \/>\n<script type=\"application\/ld+json\" class=\"yoast-schema-graph\">{\"@context\":\"https:\/\/schema.org\",\"@graph\":[{\"@type\":\"WebPage\",\"@id\":\"https:\/\/naturvernforbundet.no\/trondelag\/den-naturvennlige-hagen\/\",\"url\":\"https:\/\/naturvernforbundet.no\/trondelag\/den-naturvennlige-hagen\/\",\"name\":\"Den naturvennlige hagen - Tr\u00f8ndelag\",\"isPartOf\":{\"@id\":\"https:\/\/naturvernforbundet.no\/trondelag\/#website\"},\"primaryImageOfPage\":{\"@id\":\"https:\/\/naturvernforbundet.no\/trondelag\/den-naturvennlige-hagen\/#primaryimage\"},\"image\":{\"@id\":\"https:\/\/naturvernforbundet.no\/trondelag\/den-naturvennlige-hagen\/#primaryimage\"},\"thumbnailUrl\":\"https:\/\/naturvernforbundet.no\/content\/uploads\/sites\/19\/2026\/04\/1000021191-scaled-e1777364872424.jpg\",\"datePublished\":\"2026-04-28T08:48:15+00:00\",\"dateModified\":\"2026-04-28T08:48:16+00:00\",\"author\":{\"@id\":\"https:\/\/naturvernforbundet.no\/trondelag\/#\/schema\/person\/2c6f4c9ec21ae7d7a20f31a880af8673\"},\"description\":\"F\u00e5 et vakkert hefte om hvordan du kan hjelpe naturen i hagen din. Vent med \u00e5 sl\u00e5 plena. Ikke rak for tidlig. Unng\u00e5 p\u00f8belplanter...\",\"breadcrumb\":{\"@id\":\"https:\/\/naturvernforbundet.no\/trondelag\/den-naturvennlige-hagen\/#breadcrumb\"},\"inLanguage\":\"nb-NO\",\"potentialAction\":[{\"@type\":\"ReadAction\",\"target\":[\"https:\/\/naturvernforbundet.no\/trondelag\/den-naturvennlige-hagen\/\"]}]},{\"@type\":\"ImageObject\",\"inLanguage\":\"nb-NO\",\"@id\":\"https:\/\/naturvernforbundet.no\/trondelag\/den-naturvennlige-hagen\/#primaryimage\",\"url\":\"https:\/\/naturvernforbundet.no\/content\/uploads\/sites\/19\/2026\/04\/1000021191-scaled-e1777364872424.jpg\",\"contentUrl\":\"https:\/\/naturvernforbundet.no\/content\/uploads\/sites\/19\/2026\/04\/1000021191-scaled-e1777364872424.jpg\",\"width\":2560,\"height\":2560,\"caption\":\"den naturvennlige hagen-brosjyre\"},{\"@type\":\"BreadcrumbList\",\"@id\":\"https:\/\/naturvernforbundet.no\/trondelag\/den-naturvennlige-hagen\/#breadcrumb\",\"itemListElement\":[{\"@type\":\"ListItem\",\"position\":1,\"name\":\"Till naturvernforbundet.no\",\"item\":\"https:\/\/naturvernforbundet.no\/\"},{\"@type\":\"ListItem\",\"position\":2,\"name\":\"Tr\u00f8ndelag\",\"item\":\"https:\/\/naturvernforbundet.no\/trondelag\/\"},{\"@type\":\"ListItem\",\"position\":3,\"name\":\"Stj\u00f8rdal og Mer\u00e5ker\",\"item\":\"https:\/\/naturvernforbundet.no\/trondelag\/lokallag\/stjordal-og-meraaker\/\"},{\"@type\":\"ListItem\",\"position\":4,\"name\":\"Den naturvennlige hagen\"}]},{\"@type\":\"WebSite\",\"@id\":\"https:\/\/naturvernforbundet.no\/trondelag\/#website\",\"url\":\"https:\/\/naturvernforbundet.no\/trondelag\/\",\"name\":\"Tr\u00f8ndelag\",\"description\":\"Bare enda et Naturvernforbundet Sites-nettsted\",\"potentialAction\":[{\"@type\":\"SearchAction\",\"target\":{\"@type\":\"EntryPoint\",\"urlTemplate\":\"https:\/\/naturvernforbundet.no\/trondelag\/?s={search_term_string}\"},\"query-input\":{\"@type\":\"PropertyValueSpecification\",\"valueRequired\":true,\"valueName\":\"search_term_string\"}}],\"inLanguage\":\"nb-NO\"},{\"@type\":\"Person\",\"@id\":\"https:\/\/naturvernforbundet.no\/trondelag\/#\/schema\/person\/2c6f4c9ec21ae7d7a20f31a880af8673\",\"name\":\"annemarit\",\"image\":{\"@type\":\"ImageObject\",\"inLanguage\":\"nb-NO\",\"@id\":\"https:\/\/naturvernforbundet.no\/trondelag\/#\/schema\/person\/image\/\",\"url\":\"https:\/\/secure.gravatar.com\/avatar\/03d732f44f3ec646fbdd3a2d0064dea4?s=96&d=mm&r=g\",\"contentUrl\":\"https:\/\/secure.gravatar.com\/avatar\/03d732f44f3ec646fbdd3a2d0064dea4?s=96&d=mm&r=g\",\"caption\":\"annemarit\"},\"url\":\"https:\/\/naturvernforbundet.no\/trondelag\/author\/annemarit\/\"}]}<\/script>\n<!-- \/ Yoast SEO plugin. -->","yoast_head_json":{"title":"Den naturvennlige hagen - Tr\u00f8ndelag","description":"F\u00e5 et vakkert hefte om hvordan du kan hjelpe naturen i hagen din. Vent med \u00e5 sl\u00e5 plena. Ikke rak for tidlig. Unng\u00e5 p\u00f8belplanter...","robots":{"index":"index","follow":"follow","max-snippet":"max-snippet:-1","max-image-preview":"max-image-preview:large","max-video-preview":"max-video-preview:-1"},"canonical":"https:\/\/naturvernforbundet.no\/trondelag\/den-naturvennlige-hagen\/","og_locale":"nb_NO","og_type":"article","og_title":"Den naturvennlige hagen - Tr\u00f8ndelag","og_description":"F\u00e5 et vakkert hefte om hvordan du kan hjelpe naturen i hagen din. Vent med \u00e5 sl\u00e5 plena. Ikke rak for tidlig. Unng\u00e5 p\u00f8belplanter...","og_url":"https:\/\/naturvernforbundet.no\/trondelag\/den-naturvennlige-hagen\/","og_site_name":"Tr\u00f8ndelag","article_published_time":"2026-04-28T08:48:15+00:00","article_modified_time":"2026-04-28T08:48:16+00:00","og_image":[{"width":2560,"height":2560,"url":"https:\/\/naturvernforbundet.no\/content\/uploads\/sites\/19\/2026\/04\/1000021191-scaled-e1777364872424.jpg","type":"image\/jpeg"}],"author":"annemarit","twitter_card":"summary_large_image","twitter_misc":{"Skrevet av":"annemarit","Ansl. lesetid":"2 minutter"},"schema":{"@context":"https:\/\/schema.org","@graph":[{"@type":"WebPage","@id":"https:\/\/naturvernforbundet.no\/trondelag\/den-naturvennlige-hagen\/","url":"https:\/\/naturvernforbundet.no\/trondelag\/den-naturvennlige-hagen\/","name":"Den naturvennlige hagen - Tr\u00f8ndelag","isPartOf":{"@id":"https:\/\/naturvernforbundet.no\/trondelag\/#website"},"primaryImageOfPage":{"@id":"https:\/\/naturvernforbundet.no\/trondelag\/den-naturvennlige-hagen\/#primaryimage"},"image":{"@id":"https:\/\/naturvernforbundet.no\/trondelag\/den-naturvennlige-hagen\/#primaryimage"},"thumbnailUrl":"https:\/\/naturvernforbundet.no\/content\/uploads\/sites\/19\/2026\/04\/1000021191-scaled-e1777364872424.jpg","datePublished":"2026-04-28T08:48:15+00:00","dateModified":"2026-04-28T08:48:16+00:00","author":{"@id":"https:\/\/naturvernforbundet.no\/trondelag\/#\/schema\/person\/2c6f4c9ec21ae7d7a20f31a880af8673"},"description":"F\u00e5 et vakkert hefte om hvordan du kan hjelpe naturen i hagen din. Vent med \u00e5 sl\u00e5 plena. Ikke rak for tidlig. Unng\u00e5 p\u00f8belplanter...","breadcrumb":{"@id":"https:\/\/naturvernforbundet.no\/trondelag\/den-naturvennlige-hagen\/#breadcrumb"},"inLanguage":"nb-NO","potentialAction":[{"@type":"ReadAction","target":["https:\/\/naturvernforbundet.no\/trondelag\/den-naturvennlige-hagen\/"]}]},{"@type":"ImageObject","inLanguage":"nb-NO","@id":"https:\/\/naturvernforbundet.no\/trondelag\/den-naturvennlige-hagen\/#primaryimage","url":"https:\/\/naturvernforbundet.no\/content\/uploads\/sites\/19\/2026\/04\/1000021191-scaled-e1777364872424.jpg","contentUrl":"https:\/\/naturvernforbundet.no\/content\/uploads\/sites\/19\/2026\/04\/1000021191-scaled-e1777364872424.jpg","width":2560,"height":2560,"caption":"den naturvennlige hagen-brosjyre"},{"@type":"BreadcrumbList","@id":"https:\/\/naturvernforbundet.no\/trondelag\/den-naturvennlige-hagen\/#breadcrumb","itemListElement":[{"@type":"ListItem","position":1,"name":"Till naturvernforbundet.no","item":"https:\/\/naturvernforbundet.no\/"},{"@type":"ListItem","position":2,"name":"Tr\u00f8ndelag","item":"https:\/\/naturvernforbundet.no\/trondelag\/"},{"@type":"ListItem","position":3,"name":"Stj\u00f8rdal og Mer\u00e5ker","item":"https:\/\/naturvernforbundet.no\/trondelag\/lokallag\/stjordal-og-meraaker\/"},{"@type":"ListItem","position":4,"name":"Den naturvennlige hagen"}]},{"@type":"WebSite","@id":"https:\/\/naturvernforbundet.no\/trondelag\/#website","url":"https:\/\/naturvernforbundet.no\/trondelag\/","name":"Tr\u00f8ndelag","description":"Bare enda et Naturvernforbundet Sites-nettsted","potentialAction":[{"@type":"SearchAction","target":{"@type":"EntryPoint","urlTemplate":"https:\/\/naturvernforbundet.no\/trondelag\/?s={search_term_string}"},"query-input":{"@type":"PropertyValueSpecification","valueRequired":true,"valueName":"search_term_string"}}],"inLanguage":"nb-NO"},{"@type":"Person","@id":"https:\/\/naturvernforbundet.no\/trondelag\/#\/schema\/person\/2c6f4c9ec21ae7d7a20f31a880af8673","name":"annemarit","image":{"@type":"ImageObject","inLanguage":"nb-NO","@id":"https:\/\/naturvernforbundet.no\/trondelag\/#\/schema\/person\/image\/","url":"https:\/\/secure.gravatar.com\/avatar\/03d732f44f3ec646fbdd3a2d0064dea4?s=96&d=mm&r=g","contentUrl":"https:\/\/secure.gravatar.com\/avatar\/03d732f44f3ec646fbdd3a2d0064dea4?s=96&d=mm&r=g","caption":"annemarit"},"url":"https:\/\/naturvernforbundet.no\/trondelag\/author\/annemarit\/"}]}},"_links":{"self":[{"href":"https:\/\/naturvernforbundet.no\/trondelag\/wp-json\/wp\/v2\/posts\/8999","targetHints":{"allow":["GET"]}}],"collection":[{"href":"https:\/\/naturvernforbundet.no\/trondelag\/wp-json\/wp\/v2\/posts"}],"about":[{"href":"https:\/\/naturvernforbundet.no\/trondelag\/wp-json\/wp\/v2\/types\/post"}],"author":[{"embeddable":true,"href":"https:\/\/naturvernforbundet.no\/trondelag\/wp-json\/wp\/v2\/users\/306"}],"replies":[{"embeddable":true,"href":"https:\/\/naturvernforbundet.no\/trondelag\/wp-json\/wp\/v2\/comments?post=8999"}],"version-history":[{"count":1,"href":"https:\/\/naturvernforbundet.no\/trondelag\/wp-json\/wp\/v2\/posts\/8999\/revisions"}],"predecessor-version":[{"id":9003,"href":"https:\/\/naturvernforbundet.no\/trondelag\/wp-json\/wp\/v2\/posts\/8999\/revisions\/9003"}],"wp:featuredmedia":[{"embeddable":true,"href":"https:\/\/naturvernforbundet.no\/trondelag\/wp-json\/wp\/v2\/media\/9000"}],"wp:attachment":[{"href":"https:\/\/naturvernforbundet.no\/trondelag\/wp-json\/wp\/v2\/media?parent=8999"}],"wp:term":[{"taxonomy":"category","embeddable":true,"href":"https:\/\/naturvernforbundet.no\/trondelag\/wp-json\/wp\/v2\/categories?post=8999"},{"taxonomy":"post_tag","embeddable":true,"href":"https:\/\/naturvernforbundet.no\/trondelag\/wp-json\/wp\/v2\/tags?post=8999"},{"taxonomy":"local","embeddable":true,"href":"https:\/\/naturvernforbundet.no\/trondelag\/wp-json\/wp\/v2\/local?post=8999"}],"curies":[{"name":"wp","href":"https:\/\/api.w.org\/{rel}","templated":true}]}}