{"id":9006,"date":"2026-04-28T17:09:33","date_gmt":"2026-04-28T15:09:33","guid":{"rendered":"https:\/\/naturvernforbundet.no\/trondelag\/?p=9006"},"modified":"2026-04-28T17:09:34","modified_gmt":"2026-04-28T15:09:34","slug":"uttalelser-pa-fylkeslagets-arsmote-2026","status":"publish","type":"post","link":"https:\/\/naturvernforbundet.no\/trondelag\/uttalelser-pa-fylkeslagets-arsmote-2026\/","title":{"rendered":"Uttalelser p\u00e5  fylkeslagets \u00e5rsm\u00f8te 2026"},"content":{"rendered":"\t<div class=\"template-post alignnone wp-block-naturvern-hero\">\n\t\t<div class=\"hero__inner\">\n\t\t\t<div class=\"hero__inner_blocks\">\n\t\t\t\t\t\t\t\t\n<h1 class=\"wp-block-post-title\">Uttalelser p\u00e5  fylkeslagets \u00e5rsm\u00f8te 2026<\/h1>\n\n<div class=\"wp-block-post-excerpt\"><p class=\"wp-block-post-excerpt__excerpt\">Om nedvekst, torskeoppdrett og jakt\/fangst <\/p><\/div>\n\n<figure class=\"wp-block-post-featured-image\"><div class=\"t2-image-credit\"><div class=\"t2-image-credit\"><img loading=\"lazy\" decoding=\"async\" width=\"1024\" height=\"682\" src=\"https:\/\/naturvernforbundet.no\/content\/uploads\/sites\/19\/2026\/04\/istockphoto-1226721220-1024x1024-1.jpg\" class=\"attachment-post-thumbnail size-post-thumbnail wp-post-image\" alt=\"\" style=\"object-fit:cover;\" srcset=\"https:\/\/naturvernforbundet.no\/content\/uploads\/sites\/19\/2026\/04\/istockphoto-1226721220-1024x1024-1.jpg 1024w, https:\/\/naturvernforbundet.no\/content\/uploads\/sites\/19\/2026\/04\/istockphoto-1226721220-1024x1024-1-300x200.jpg 300w, https:\/\/naturvernforbundet.no\/content\/uploads\/sites\/19\/2026\/04\/istockphoto-1226721220-1024x1024-1-768x512.jpg 768w\" sizes=\"auto, (max-width: 1024px) 100vw, 1024px\" \/><span class=\"t2-image-credit-name\">Getty Images\/iStockphoto<\/span><\/div><span class=\"t2-image-credit-name\">Getty Images\/iStockphoto<\/span><\/div><\/figure>\n\n<div class=\"wp-block-naturvern-byline\">\n\t\t\t<div class=\"authors\">By <span class=\"t2-byline__author-link\">annkathrin<\/span><\/div>\n\t\t\t<small class=\"entry-date\">28.04.2026 17:09<\/small>\n\t\t<\/div>\n\t\t\t<\/div>\n\t\t\t\t\t<\/div>\n\t\t\t<\/div>\n\t\n\n\n<h2 class=\"wp-block-heading\">Tre viktige uttalelser<\/h2>\n\n\n\n<p>P\u00e5 fylkeslagets \u00e5rsm\u00f8te den 21. mars ble det vedtatt tre uttalelser:<\/p>\n\n\n\n\t\t<div class=\"t2-factbox wp-block-t2-factbox\" id=\"t2-factbox\">\n\t\t\t<div class=\"t2-factbox__content\">\n\t\t\t\t<div class=\"t2-factbox__blocks t2-factbox__inner-container\">\n\t\t\t\t\t\n\n<h2 class=\"wp-block-heading\">\u00d8konomisk vekst er \u00e5rsaken til b\u00e5de natur- og klimakrisen!<\/h2>\n\n\n\n<p>&laquo;Evig materiell vekst er ikke mulig innenfor jordas endelige ressurser, og tekniske omlegginger er ikke tilstrekkelig for \u00e5 ivareta at den materielle veksten er innenfor jordas b\u00e6reevne. Vi er kommet til et punkt hvor den \u00f8konomiske veksten allerede har oversteget klodens t\u00e5leevne, med betydelig tap i naturmangfold, og klimaendringer p\u00e5 grunn av h\u00f8ye CO2-utslipp. (&#8230;)<\/p>\n\n\n\n<p>For at alle mennesker skal ha anledning til \u00e5 leve gode liv innenfor rammene av jordas ressursgrunnlag og naturens t\u00e5leevne, m\u00e5 det samlede forbruket p\u00e5 jorda reduseres. (&#8230;) Vi m\u00e5 g\u00e5 fra en line\u00e6r kapitalisme med bruk-og-kast-\u00f8konomi til sirkul\u00e6r \u00f8konomi hvor alle ressurser brukes s\u00e5 mange ganger som mulig. I f\u00f8lge Circularity Gap Report Norway 2025 er kun 2 % av norsk \u00f8konomi sirkul\u00e6r. Det meste av materialer kan imidlertid ikke utnyttes \u00f8konomisk mer enn \u00e9n gang. M\u00e5let kan ikke v\u00e6re \u00f8konomisk vekst. Vi forbruker allerede mer ressurser og energi enn jorda kan t\u00e5le.&raquo;<\/p>\n\n\n\t\t\t\t<\/div>\n\t\t\t\t\n\t\t\t<\/div>\n\t\t\t\n\t\t<\/div>\n\n\n<p>Les hele uttalelsen her: <\/p>\n\n\n<div class=\"t2-files wp-block-t2-files\">\n<div class=\"t2-file-item wp-block-t2-file-item\">\n\t\t<a href=\"https:\/\/naturvernforbundet.no\/content\/uploads\/sites\/19\/2026\/04\/Uttalelse-Okonomisk-vekst-er-arsaken-til-bade-natur-og-klimakrisa.pdf\" class=\"t2-file-item__link t2-file-item__link--icon-left\" download>\n\t\t\t<span class=\"t2-file-item__icon\"><svg xmlns=\"http:\/\/www.w3.org\/2000\/svg\" viewBox=\"0 0 24 24\" height=\"24\" width=\"24\" class=\"t2-icon t2-icon-filedownload\" aria-hidden=\"true\" focusable=\"false\"><path d=\"M16.59 9H15V4C15 3.45 14.55 3 14 3H10C9.45 3 9 3.45 9 4V9H7.41C6.52 9 6.07 10.08 6.7 10.71L11.29 15.3C11.68 15.69 12.31 15.69 12.7 15.3L17.29 10.71C17.92 10.08 17.48 9 16.59 9ZM5 19C5 19.55 5.45 20 6 20H18C18.55 20 19 19.55 19 19C19 18.45 18.55 18 18 18H6C5.45 18 5 18.45 5 19Z\" \/><\/svg><\/span>\n\t\t\t<span class=\"t2-file-item__info\">\n\t\t\t\t<span class=\"t2-file-item__filename\">Uttalelse &#8211; \u00d8konomisk vekst er \u00e5rsaken til b\u00e5de natur- og klimakrisa<\/span>\n\t\t\t\t\n\t\t\t\t<span class=\"t2-file-item__meta\">pdf \u00b7 35 KB<\/span>\n\t\t\t<\/span>\n\t\t<\/a>\n\t\t<\/div>\n<\/div>\n\n\n<h2 class=\"wp-block-heading\"><\/h2>\n\n\n\n\t\t<div class=\"t2-factbox wp-block-t2-factbox\" id=\"t2-factbox-1\">\n\t\t\t<div class=\"t2-factbox__content\">\n\t\t\t\t<div class=\"t2-factbox__blocks t2-factbox__inner-container\">\n\t\t\t\t\t\n\n<h2 class=\"wp-block-heading\"><strong>Torskeoppdrett i \u00e5pne merder \u2013 en uakseptabel risiko for tr\u00f8nderske kommuner!<\/strong><\/h2>\n\n\n\n<p>&laquo;Oppdrett i \u00e5pne merder har f\u00f8rt til alvorlige r\u00f8mningshendelser, i tillegg til blant annet sykdomssmitte til villfisk og en betydelig forurensingsproblematikk. Alvorlige forhold knyttet til dyrehelse er ogs\u00e5 dokumentert, noe som har f\u00f8rt til at Mattilsynet har nektet nye oppdrettskonsesjoner i omr\u00e5der i Tr\u00f8ndelag. (&#8230;)<\/p>\n\n\n\n<p>De siste \u00e5rene er det ogs\u00e5 s\u00f8kt om etablering av anlegg med torsk i \u00e5pne merder i Tr\u00f8ndelag.  om \u00e5 st\u00e5 sammen om \u00e5 hindre etablering av oppdrettsanlegg for torsk langs Tr\u00f8ndelagskysten og Trondheimsfjorden. Torskeoppdrett representerer en risiko vi ikke kan akseptere!&raquo;<\/p>\n\n\n\t\t\t\t<\/div>\n\t\t\t\t\n\t\t\t<\/div>\n\t\t\t\n\t\t<\/div>\n\n\n<p>Les hele uttalelsen her: <\/p>\n\n\n<div class=\"t2-files wp-block-t2-files\">\n<div class=\"t2-file-item wp-block-t2-file-item\">\n\t\t<a href=\"https:\/\/naturvernforbundet.no\/content\/uploads\/sites\/19\/2026\/04\/Uttalelse-Torskeoppdrett-i-apne-merder-en-uakseptabel-risiko-for-tronderske-kommuner.pdf\" class=\"t2-file-item__link t2-file-item__link--icon-left\" download>\n\t\t\t<span class=\"t2-file-item__icon\"><svg xmlns=\"http:\/\/www.w3.org\/2000\/svg\" viewBox=\"0 0 24 24\" height=\"24\" width=\"24\" class=\"t2-icon t2-icon-filedownload\" aria-hidden=\"true\" focusable=\"false\"><path d=\"M16.59 9H15V4C15 3.45 14.55 3 14 3H10C9.45 3 9 3.45 9 4V9H7.41C6.52 9 6.07 10.08 6.7 10.71L11.29 15.3C11.68 15.69 12.31 15.69 12.7 15.3L17.29 10.71C17.92 10.08 17.48 9 16.59 9ZM5 19C5 19.55 5.45 20 6 20H18C18.55 20 19 19.55 19 19C19 18.45 18.55 18 18 18H6C5.45 18 5 18.45 5 19Z\" \/><\/svg><\/span>\n\t\t\t<span class=\"t2-file-item__info\">\n\t\t\t\t<span class=\"t2-file-item__filename\">Uttalelse &#8211; Torskeoppdrett i \u00e5pne merder &#8211; en uakseptabel risiko for tr\u00f8nderske kommuner<\/span>\n\t\t\t\t\n\t\t\t\t<span class=\"t2-file-item__meta\">pdf \u00b7 49 KB<\/span>\n\t\t\t<\/span>\n\t\t<\/a>\n\t\t<\/div>\n<\/div>\n\n\n\t\t<div class=\"t2-factbox wp-block-t2-factbox\" id=\"t2-factbox-2\">\n\t\t\t<div class=\"t2-factbox__content\">\n\t\t\t\t<div class=\"t2-factbox__blocks t2-factbox__inner-container\">\n\t\t\t\t\t\n\n<h2 class=\"wp-block-heading\"><strong>Forby jakt og fangst p\u00e5 arter med normal maksimalvekt p\u00e5 opptil 500 gram <\/strong><\/h2>\n\n\n\n<p>&laquo;Naturvernforbundet i Tr\u00f8ndelag \u00f8nsker at arter med normal maksimalvekt p\u00e5 under 500 gram ikke skal v\u00e6re jaktbart vilt. I forhold til disse m\u00e5 all jakt og fangst forbys i Norge. (&#8230;)<\/p>\n\n\n\n<p>Jaktbart vilt i Norge med normal maksimalvekt p\u00e5 opptil 500 gram: <\/p>\n\n\n\n<p>Enkeltbekkasin, ekorn, gr\u00e5trost, jerpe, krikkand, n\u00f8tteskrike, rugde, r\u00f8yskatt, skj\u00e6re.&raquo;<\/p>\n\n\n\t\t\t\t<\/div>\n\t\t\t\t\n\t\t\t<\/div>\n\t\t\t\n\t\t<\/div>\n\n\n<p>Les hele uttalelsen her: <\/p>\n\n\n<div class=\"t2-files wp-block-t2-files\">\n<div class=\"t2-file-item wp-block-t2-file-item\">\n\t\t<a href=\"https:\/\/naturvernforbundet.no\/content\/uploads\/sites\/19\/2026\/04\/Uttalelse-Forby-jakt-og-fangst-pa-arter-med-normal-maksimalvekt-pa-opptil-500-gram.pdf\" class=\"t2-file-item__link t2-file-item__link--icon-left\" download>\n\t\t\t<span class=\"t2-file-item__icon\"><svg xmlns=\"http:\/\/www.w3.org\/2000\/svg\" viewBox=\"0 0 24 24\" height=\"24\" width=\"24\" class=\"t2-icon t2-icon-filedownload\" aria-hidden=\"true\" focusable=\"false\"><path d=\"M16.59 9H15V4C15 3.45 14.55 3 14 3H10C9.45 3 9 3.45 9 4V9H7.41C6.52 9 6.07 10.08 6.7 10.71L11.29 15.3C11.68 15.69 12.31 15.69 12.7 15.3L17.29 10.71C17.92 10.08 17.48 9 16.59 9ZM5 19C5 19.55 5.45 20 6 20H18C18.55 20 19 19.55 19 19C19 18.45 18.55 18 18 18H6C5.45 18 5 18.45 5 19Z\" \/><\/svg><\/span>\n\t\t\t<span class=\"t2-file-item__info\">\n\t\t\t\t<span class=\"t2-file-item__filename\">Uttalelse &#8211; Forby jakt og fangst p\u00e5 arter med normal maksimalvekt p\u00e5 opptil 500 gram<\/span>\n\t\t\t\t\n\t\t\t\t<span class=\"t2-file-item__meta\">pdf \u00b7 33 KB<\/span>\n\t\t\t<\/span>\n\t\t<\/a>\n\t\t<\/div>\n<\/div>","protected":false},"excerpt":{"rendered":"<p>Om nedvekst, torskeoppdrett og jakt\/fangst<\/p>\n","protected":false},"author":385,"featured_media":9008,"comment_status":"closed","ping_status":"closed","sticky":false,"template":"","format":"standard","meta":{"_relevanssi_hide_post":"","_relevanssi_hide_content":"","_relevanssi_pin_for_all":"","_relevanssi_pin_keywords":"","_relevanssi_unpin_keywords":"","_relevanssi_related_keywords":"","_relevanssi_related_include_ids":"","_relevanssi_related_exclude_ids":"","_relevanssi_related_no_append":"","_relevanssi_related_not_related":"","_relevanssi_related_posts":"4815,560,626,8926,8476,559","_relevanssi_noindex_reason":"","hide_logo":false,"footnotes":""},"categories":[210,207,16,114,256,39],"tags":[234,254,73,226],"local":[165],"class_list":["post-9006","post","type-post","status-publish","format-standard","has-post-thumbnail","hentry","category-arsmoter-moter","category-dyrearter","category-nyheter","category-oppdrett-fiskeri","category-redusert-forbruk","category-uttalelser","tag-arsmote","tag-nedvekst","tag-oppdrett","tag-uttalelser","local-trondelag"],"acf":[],"yoast_head":"<!-- This site is optimized with the Yoast SEO plugin v24.9 - https:\/\/yoast.com\/wordpress\/plugins\/seo\/ -->\n<title>Uttalelser p\u00e5 fylkeslagets \u00e5rsm\u00f8te 2026 - Tr\u00f8ndelag<\/title>\n<meta name=\"description\" content=\"Uttalelser fra fylkeslagets \u00e5rsm\u00f8te. Om nedvekst, torskeoppdrett og jakt\/fangst.\" \/>\n<meta name=\"robots\" content=\"index, follow, max-snippet:-1, max-image-preview:large, max-video-preview:-1\" \/>\n<link rel=\"canonical\" href=\"https:\/\/naturvernforbundet.no\/trondelag\/uttalelser-pa-fylkeslagets-arsmote-2026\/\" \/>\n<meta property=\"og:locale\" content=\"nb_NO\" \/>\n<meta property=\"og:type\" content=\"article\" \/>\n<meta property=\"og:title\" content=\"Uttalelser p\u00e5 fylkeslagets \u00e5rsm\u00f8te 2026 - Tr\u00f8ndelag\" \/>\n<meta property=\"og:description\" content=\"Uttalelser fra fylkeslagets \u00e5rsm\u00f8te. Om nedvekst, torskeoppdrett og jakt\/fangst.\" \/>\n<meta property=\"og:url\" content=\"https:\/\/naturvernforbundet.no\/trondelag\/uttalelser-pa-fylkeslagets-arsmote-2026\/\" \/>\n<meta property=\"og:site_name\" content=\"Tr\u00f8ndelag\" \/>\n<meta property=\"article:published_time\" content=\"2026-04-28T15:09:33+00:00\" \/>\n<meta property=\"article:modified_time\" content=\"2026-04-28T15:09:34+00:00\" \/>\n<meta property=\"og:image\" content=\"https:\/\/naturvernforbundet.no\/content\/uploads\/sites\/19\/2026\/04\/istockphoto-1226721220-1024x1024-1.jpg\" \/>\n\t<meta property=\"og:image:width\" content=\"1024\" \/>\n\t<meta property=\"og:image:height\" content=\"682\" \/>\n\t<meta property=\"og:image:type\" content=\"image\/jpeg\" \/>\n<meta name=\"author\" content=\"annkathrin\" \/>\n<meta name=\"twitter:card\" content=\"summary_large_image\" \/>\n<meta name=\"twitter:label1\" content=\"Skrevet av\" \/>\n\t<meta name=\"twitter:data1\" content=\"annkathrin\" \/>\n\t<meta name=\"twitter:label2\" content=\"Ansl. lesetid\" \/>\n\t<meta name=\"twitter:data2\" content=\"3 minutter\" \/>\n<script type=\"application\/ld+json\" class=\"yoast-schema-graph\">{\"@context\":\"https:\/\/schema.org\",\"@graph\":[{\"@type\":\"WebPage\",\"@id\":\"https:\/\/naturvernforbundet.no\/trondelag\/uttalelser-pa-fylkeslagets-arsmote-2026\/\",\"url\":\"https:\/\/naturvernforbundet.no\/trondelag\/uttalelser-pa-fylkeslagets-arsmote-2026\/\",\"name\":\"Uttalelser p\u00e5 fylkeslagets \u00e5rsm\u00f8te 2026 - Tr\u00f8ndelag\",\"isPartOf\":{\"@id\":\"https:\/\/naturvernforbundet.no\/trondelag\/#website\"},\"primaryImageOfPage\":{\"@id\":\"https:\/\/naturvernforbundet.no\/trondelag\/uttalelser-pa-fylkeslagets-arsmote-2026\/#primaryimage\"},\"image\":{\"@id\":\"https:\/\/naturvernforbundet.no\/trondelag\/uttalelser-pa-fylkeslagets-arsmote-2026\/#primaryimage\"},\"thumbnailUrl\":\"https:\/\/naturvernforbundet.no\/content\/uploads\/sites\/19\/2026\/04\/istockphoto-1226721220-1024x1024-1.jpg\",\"datePublished\":\"2026-04-28T15:09:33+00:00\",\"dateModified\":\"2026-04-28T15:09:34+00:00\",\"author\":{\"@id\":\"https:\/\/naturvernforbundet.no\/trondelag\/#\/schema\/person\/f92a3cd3869d32e40317733e3cea6ffc\"},\"description\":\"Uttalelser fra fylkeslagets \u00e5rsm\u00f8te. Om nedvekst, torskeoppdrett og jakt\/fangst.\",\"breadcrumb\":{\"@id\":\"https:\/\/naturvernforbundet.no\/trondelag\/uttalelser-pa-fylkeslagets-arsmote-2026\/#breadcrumb\"},\"inLanguage\":\"nb-NO\",\"potentialAction\":[{\"@type\":\"ReadAction\",\"target\":[\"https:\/\/naturvernforbundet.no\/trondelag\/uttalelser-pa-fylkeslagets-arsmote-2026\/\"]}]},{\"@type\":\"ImageObject\",\"inLanguage\":\"nb-NO\",\"@id\":\"https:\/\/naturvernforbundet.no\/trondelag\/uttalelser-pa-fylkeslagets-arsmote-2026\/#primaryimage\",\"url\":\"https:\/\/naturvernforbundet.no\/content\/uploads\/sites\/19\/2026\/04\/istockphoto-1226721220-1024x1024-1.jpg\",\"contentUrl\":\"https:\/\/naturvernforbundet.no\/content\/uploads\/sites\/19\/2026\/04\/istockphoto-1226721220-1024x1024-1.jpg\",\"width\":1024,\"height\":682,\"caption\":\"Nature lover, close up of child hands hugging tree with copy space\"},{\"@type\":\"BreadcrumbList\",\"@id\":\"https:\/\/naturvernforbundet.no\/trondelag\/uttalelser-pa-fylkeslagets-arsmote-2026\/#breadcrumb\",\"itemListElement\":[{\"@type\":\"ListItem\",\"position\":1,\"name\":\"Till naturvernforbundet.no\",\"item\":\"https:\/\/naturvernforbundet.no\/\"},{\"@type\":\"ListItem\",\"position\":2,\"name\":\"Tr\u00f8ndelag\",\"item\":\"https:\/\/naturvernforbundet.no\/trondelag\/\"},{\"@type\":\"ListItem\",\"position\":3,\"name\":\"Tr\u00f8ndelag\",\"item\":\"https:\/\/naturvernforbundet.no\/trondelag\/lokallag\/trondelag\/\"},{\"@type\":\"ListItem\",\"position\":4,\"name\":\"Uttalelser p\u00e5 fylkeslagets \u00e5rsm\u00f8te 2026\"}]},{\"@type\":\"WebSite\",\"@id\":\"https:\/\/naturvernforbundet.no\/trondelag\/#website\",\"url\":\"https:\/\/naturvernforbundet.no\/trondelag\/\",\"name\":\"Tr\u00f8ndelag\",\"description\":\"Bare enda et Naturvernforbundet Sites-nettsted\",\"potentialAction\":[{\"@type\":\"SearchAction\",\"target\":{\"@type\":\"EntryPoint\",\"urlTemplate\":\"https:\/\/naturvernforbundet.no\/trondelag\/?s={search_term_string}\"},\"query-input\":{\"@type\":\"PropertyValueSpecification\",\"valueRequired\":true,\"valueName\":\"search_term_string\"}}],\"inLanguage\":\"nb-NO\"},{\"@type\":\"Person\",\"@id\":\"https:\/\/naturvernforbundet.no\/trondelag\/#\/schema\/person\/f92a3cd3869d32e40317733e3cea6ffc\",\"name\":\"annkathrin\",\"image\":{\"@type\":\"ImageObject\",\"inLanguage\":\"nb-NO\",\"@id\":\"https:\/\/naturvernforbundet.no\/trondelag\/#\/schema\/person\/image\/\",\"url\":\"https:\/\/secure.gravatar.com\/avatar\/f46701a9b5f87faad92f6ad43c9f82b8?s=96&d=mm&r=g\",\"contentUrl\":\"https:\/\/secure.gravatar.com\/avatar\/f46701a9b5f87faad92f6ad43c9f82b8?s=96&d=mm&r=g\",\"caption\":\"annkathrin\"},\"url\":\"https:\/\/naturvernforbundet.no\/trondelag\/author\/annkathrin\/\"}]}<\/script>\n<!-- \/ Yoast SEO plugin. -->","yoast_head_json":{"title":"Uttalelser p\u00e5 fylkeslagets \u00e5rsm\u00f8te 2026 - Tr\u00f8ndelag","description":"Uttalelser fra fylkeslagets \u00e5rsm\u00f8te. Om nedvekst, torskeoppdrett og jakt\/fangst.","robots":{"index":"index","follow":"follow","max-snippet":"max-snippet:-1","max-image-preview":"max-image-preview:large","max-video-preview":"max-video-preview:-1"},"canonical":"https:\/\/naturvernforbundet.no\/trondelag\/uttalelser-pa-fylkeslagets-arsmote-2026\/","og_locale":"nb_NO","og_type":"article","og_title":"Uttalelser p\u00e5 fylkeslagets \u00e5rsm\u00f8te 2026 - Tr\u00f8ndelag","og_description":"Uttalelser fra fylkeslagets \u00e5rsm\u00f8te. Om nedvekst, torskeoppdrett og jakt\/fangst.","og_url":"https:\/\/naturvernforbundet.no\/trondelag\/uttalelser-pa-fylkeslagets-arsmote-2026\/","og_site_name":"Tr\u00f8ndelag","article_published_time":"2026-04-28T15:09:33+00:00","article_modified_time":"2026-04-28T15:09:34+00:00","og_image":[{"width":1024,"height":682,"url":"https:\/\/naturvernforbundet.no\/content\/uploads\/sites\/19\/2026\/04\/istockphoto-1226721220-1024x1024-1.jpg","type":"image\/jpeg"}],"author":"annkathrin","twitter_card":"summary_large_image","twitter_misc":{"Skrevet av":"annkathrin","Ansl. lesetid":"3 minutter"},"schema":{"@context":"https:\/\/schema.org","@graph":[{"@type":"WebPage","@id":"https:\/\/naturvernforbundet.no\/trondelag\/uttalelser-pa-fylkeslagets-arsmote-2026\/","url":"https:\/\/naturvernforbundet.no\/trondelag\/uttalelser-pa-fylkeslagets-arsmote-2026\/","name":"Uttalelser p\u00e5 fylkeslagets \u00e5rsm\u00f8te 2026 - Tr\u00f8ndelag","isPartOf":{"@id":"https:\/\/naturvernforbundet.no\/trondelag\/#website"},"primaryImageOfPage":{"@id":"https:\/\/naturvernforbundet.no\/trondelag\/uttalelser-pa-fylkeslagets-arsmote-2026\/#primaryimage"},"image":{"@id":"https:\/\/naturvernforbundet.no\/trondelag\/uttalelser-pa-fylkeslagets-arsmote-2026\/#primaryimage"},"thumbnailUrl":"https:\/\/naturvernforbundet.no\/content\/uploads\/sites\/19\/2026\/04\/istockphoto-1226721220-1024x1024-1.jpg","datePublished":"2026-04-28T15:09:33+00:00","dateModified":"2026-04-28T15:09:34+00:00","author":{"@id":"https:\/\/naturvernforbundet.no\/trondelag\/#\/schema\/person\/f92a3cd3869d32e40317733e3cea6ffc"},"description":"Uttalelser fra fylkeslagets \u00e5rsm\u00f8te. Om nedvekst, torskeoppdrett og jakt\/fangst.","breadcrumb":{"@id":"https:\/\/naturvernforbundet.no\/trondelag\/uttalelser-pa-fylkeslagets-arsmote-2026\/#breadcrumb"},"inLanguage":"nb-NO","potentialAction":[{"@type":"ReadAction","target":["https:\/\/naturvernforbundet.no\/trondelag\/uttalelser-pa-fylkeslagets-arsmote-2026\/"]}]},{"@type":"ImageObject","inLanguage":"nb-NO","@id":"https:\/\/naturvernforbundet.no\/trondelag\/uttalelser-pa-fylkeslagets-arsmote-2026\/#primaryimage","url":"https:\/\/naturvernforbundet.no\/content\/uploads\/sites\/19\/2026\/04\/istockphoto-1226721220-1024x1024-1.jpg","contentUrl":"https:\/\/naturvernforbundet.no\/content\/uploads\/sites\/19\/2026\/04\/istockphoto-1226721220-1024x1024-1.jpg","width":1024,"height":682,"caption":"Nature lover, close up of child hands hugging tree with copy space"},{"@type":"BreadcrumbList","@id":"https:\/\/naturvernforbundet.no\/trondelag\/uttalelser-pa-fylkeslagets-arsmote-2026\/#breadcrumb","itemListElement":[{"@type":"ListItem","position":1,"name":"Till naturvernforbundet.no","item":"https:\/\/naturvernforbundet.no\/"},{"@type":"ListItem","position":2,"name":"Tr\u00f8ndelag","item":"https:\/\/naturvernforbundet.no\/trondelag\/"},{"@type":"ListItem","position":3,"name":"Tr\u00f8ndelag","item":"https:\/\/naturvernforbundet.no\/trondelag\/lokallag\/trondelag\/"},{"@type":"ListItem","position":4,"name":"Uttalelser p\u00e5 fylkeslagets \u00e5rsm\u00f8te 2026"}]},{"@type":"WebSite","@id":"https:\/\/naturvernforbundet.no\/trondelag\/#website","url":"https:\/\/naturvernforbundet.no\/trondelag\/","name":"Tr\u00f8ndelag","description":"Bare enda et Naturvernforbundet Sites-nettsted","potentialAction":[{"@type":"SearchAction","target":{"@type":"EntryPoint","urlTemplate":"https:\/\/naturvernforbundet.no\/trondelag\/?s={search_term_string}"},"query-input":{"@type":"PropertyValueSpecification","valueRequired":true,"valueName":"search_term_string"}}],"inLanguage":"nb-NO"},{"@type":"Person","@id":"https:\/\/naturvernforbundet.no\/trondelag\/#\/schema\/person\/f92a3cd3869d32e40317733e3cea6ffc","name":"annkathrin","image":{"@type":"ImageObject","inLanguage":"nb-NO","@id":"https:\/\/naturvernforbundet.no\/trondelag\/#\/schema\/person\/image\/","url":"https:\/\/secure.gravatar.com\/avatar\/f46701a9b5f87faad92f6ad43c9f82b8?s=96&d=mm&r=g","contentUrl":"https:\/\/secure.gravatar.com\/avatar\/f46701a9b5f87faad92f6ad43c9f82b8?s=96&d=mm&r=g","caption":"annkathrin"},"url":"https:\/\/naturvernforbundet.no\/trondelag\/author\/annkathrin\/"}]}},"_links":{"self":[{"href":"https:\/\/naturvernforbundet.no\/trondelag\/wp-json\/wp\/v2\/posts\/9006","targetHints":{"allow":["GET"]}}],"collection":[{"href":"https:\/\/naturvernforbundet.no\/trondelag\/wp-json\/wp\/v2\/posts"}],"about":[{"href":"https:\/\/naturvernforbundet.no\/trondelag\/wp-json\/wp\/v2\/types\/post"}],"author":[{"embeddable":true,"href":"https:\/\/naturvernforbundet.no\/trondelag\/wp-json\/wp\/v2\/users\/385"}],"replies":[{"embeddable":true,"href":"https:\/\/naturvernforbundet.no\/trondelag\/wp-json\/wp\/v2\/comments?post=9006"}],"version-history":[{"count":16,"href":"https:\/\/naturvernforbundet.no\/trondelag\/wp-json\/wp\/v2\/posts\/9006\/revisions"}],"predecessor-version":[{"id":9028,"href":"https:\/\/naturvernforbundet.no\/trondelag\/wp-json\/wp\/v2\/posts\/9006\/revisions\/9028"}],"wp:featuredmedia":[{"embeddable":true,"href":"https:\/\/naturvernforbundet.no\/trondelag\/wp-json\/wp\/v2\/media\/9008"}],"wp:attachment":[{"href":"https:\/\/naturvernforbundet.no\/trondelag\/wp-json\/wp\/v2\/media?parent=9006"}],"wp:term":[{"taxonomy":"category","embeddable":true,"href":"https:\/\/naturvernforbundet.no\/trondelag\/wp-json\/wp\/v2\/categories?post=9006"},{"taxonomy":"post_tag","embeddable":true,"href":"https:\/\/naturvernforbundet.no\/trondelag\/wp-json\/wp\/v2\/tags?post=9006"},{"taxonomy":"local","embeddable":true,"href":"https:\/\/naturvernforbundet.no\/trondelag\/wp-json\/wp\/v2\/local?post=9006"}],"curies":[{"name":"wp","href":"https:\/\/api.w.org\/{rel}","templated":true}]}}