{"id":9554,"date":"2026-08-21T09:19:22","date_gmt":"2026-08-21T07:19:22","guid":{"rendered":"https:\/\/naturvernforbundet.no\/trondelag\/?p=9554"},"modified":"2026-08-25T20:00:23","modified_gmt":"2026-08-25T18:00:23","slug":"ostmarka-i-bynaturparken-pa-lade-drommeland-eller-skrekkscenario","status":"publish","type":"post","link":"https:\/\/naturvernforbundet.no\/trondelag\/ostmarka-i-bynaturparken-pa-lade-drommeland-eller-skrekkscenario\/","title":{"rendered":"\u00d8stmarka i Bynaturparken p\u00e5 Lade &#8211; dr\u00f8mmeland eller skrekkscenario?"},"content":{"rendered":"\t<div class=\"template-post alignnone wp-block-naturvern-hero\">\n\t\t<div class=\"hero__inner\">\n\t\t\t<div class=\"hero__inner_blocks\">\n\t\t\t\t\t\t\t\t\n<h1 class=\"wp-block-post-title\">\u00d8stmarka i Bynaturparken p\u00e5 Lade &#8211; dr\u00f8mmeland eller skrekkscenario?<\/h1>\n\n<figure class=\"wp-block-post-featured-image\"><img loading=\"lazy\" decoding=\"async\" width=\"605\" height=\"404\" src=\"https:\/\/naturvernforbundet.no\/content\/uploads\/sites\/19\/2026\/08\/Ostmarka-eksempler.png\" class=\"attachment-post-thumbnail size-post-thumbnail wp-post-image\" alt=\"\" style=\"object-fit:cover;\" srcset=\"https:\/\/naturvernforbundet.no\/content\/uploads\/sites\/19\/2026\/08\/Ostmarka-eksempler.png 605w, https:\/\/naturvernforbundet.no\/content\/uploads\/sites\/19\/2026\/08\/Ostmarka-eksempler-300x200.png 300w\" sizes=\"auto, (max-width: 605px) 100vw, 605px\" \/><\/figure>\n\n\n<p>Dr\u00f8mmeland-illustrasjon (Lillian Rokseth) av et null-pluss-alternativ med naturrestaurering, som viser hvordan omr\u00e5det kan utvikles over tid med styrket biologisk mangfold, \u00f8kologiske kvaliteter og tilrettelegging for bruk<\/p>\n\n\n\n<p><\/p>\n\n\n\n<p><\/p>\n\n\n\n<p><strong>Skrevet av Geir Arild Sivertsvik<\/strong><\/p>\n\n\t\t\t<\/div>\n\t\t\t\t\t<\/div>\n\t\t\t<\/div>\n\t\n\n\n<p><code>\u00d8stmarka, som ligger i hjertet av Norges f\u00f8rste bynaturpark p\u00e5 Ladehalv\u00f8ya, er et av de viktigste sammenhengende gr\u00f8ntomr\u00e5dene inne p\u00e5 halv\u00f8ya. Her finnes gamle l\u00f8vtreall\u00e9er, blomsterenger, fastmarksskog og kulturhistoriske landskapstrekk som til sammen gir store verdier for naturmangfold, friluftsliv, folkehelse, klimatilpasning og andre \u00f8kosystemtjenester.<\/code><\/p>\n\n\n\n<p><code>N\u00e5r slike omr\u00e5der bygges ned, er konsekvensene i stor grad irreversible. Vegetasjon, jordsmonn, leveomr\u00e5der og \u00f8kologiske sammenhenger kan ikke erstattes gjennom senere avb\u00f8tende tiltak.<\/code><\/p>\n\n\n\n<h2 class=\"wp-block-heading\">Hva er et nullpluss-alternativ?<\/h2>\n\n\n\n<p><code>Et nullpluss-alternativ inneb\u00e6rer blant annet:<\/code><\/p>\n\n\n\n<p><code>\u2013 bevaring av eksisterende natur- og landskapsverdier,<\/code><\/p>\n\n\n\n<p><code>\u2013 restaurering av svekkede naturtyper,<\/code><\/p>\n\n\n\n<p><code>\u2013 styrking av biologisk mangfold og \u00f8kologiske funksjoner,<\/code><\/p>\n\n\n\n<p><code>\u2013 gjenbruk av eksisterende bygningsfotavtrykk\/bygg der det er mulig, og<\/code><\/p>\n\n\n\n<p><code>\u2013 tilrettelegging for mangesidig bruk som f.eks. kolonihager, samlingslokaler mv., rekreasjon og spesielle naturopplevelser midt i byen \u2013 en by\u00f8kologisk hage.<\/code><\/p>\n\n\n\n<p><code>F\u00f8r noen inngrep vurderes, m\u00e5 kommunen utrede et null-pluss-alternativ for hele \u00d8stmarka, det vil si omr\u00e5det som kommunen og St. Olavs hospital disponerer.<\/code><\/p>\n\n\n\n<h2 class=\"wp-block-heading\">Bit for bit mot et fattigere Lade<\/h2>\n\n\n\n<p><code>I dag behandles flere enkelttiltak innenfor bynaturparken uten at det foreligger en samlet plan for omr\u00e5det. Dette er den klassiske bit-for-bit-planleggingen, der hvert enkelt inngrep kan framst\u00e5 som begrenset, mens den samlede belastningen p\u00e5 natur, landskap og gr\u00f8nnstruktur blir stadig st\u00f8rre. Et enkelt arealregnskap viser at det p\u00e5 \u00d8stmarka og \u00d8stmarkneset etter 2009 er nedbygd bynatur tilsvarende ca. 42 daa, og som st\u00e5r i fare for \u00e5 bli det om ikke lenge er ca. 65 daa. Totalt kan da potensielt over 107 daa (!) ha blitt nedbygd de siste 15\u201320 \u00e5r, uoffisielt regnet.<\/code><\/p>\n\n\n\n<p><code>Derfor mener vi at kommunen b\u00f8r innf\u00f8re en midlertidig stans for tiltak med konsekvenser for bynaturparkverdiene inntil en helhetlig plan for parken foreligger. Det vil gi tid til \u00e5 vurdere den samlede belastningen, avklare langsiktig forvaltning og sikre at framtidige politiske valg ikke undergraves av enkeltvedtak. En slik tiln\u00e6rming er i tr\u00e5d med f\u00f8re-var-prinsippet og krav til forsiktighet mens vern vurderes, jf. naturmangfoldloven.<\/code><\/p>\n\n\n\n<p><code>Dette handler ikke om \u00e5 stoppe all utvikling. Det handler om \u00e5 sikre at utviklingen skjer p\u00e5 naturens premisser og p\u00e5 grunnlag av kunnskap, ikke gjennom gradvis nedbygging uten helhetlig styring.<\/code><\/p>\n\n\n\n<figure class=\"wp-block-image size-full is-resized\"><img loading=\"lazy\" decoding=\"async\" width=\"493\" height=\"313\" src=\"https:\/\/naturvernforbundet.no\/content\/uploads\/sites\/19\/2026\/08\/Plan-for-Ostmarka.png\" alt=\"\" class=\"wp-image-9556\" style=\"width:704px;height:auto\" srcset=\"https:\/\/naturvernforbundet.no\/content\/uploads\/sites\/19\/2026\/08\/Plan-for-Ostmarka.png 493w, https:\/\/naturvernforbundet.no\/content\/uploads\/sites\/19\/2026\/08\/Plan-for-Ostmarka-300x190.png 300w\" sizes=\"auto, (max-width: 493px) 100vw, 493px\" \/><\/figure>\n\n\n\n<h2 class=\"wp-block-heading\">En mulighet Trondheim ikke b\u00f8r forspille<\/h2>\n\n\n\n<p><code>\u00d8stmarka kan bli noe langt mer enn enda et konfliktfylt utbyggingsomr\u00e5de. Omr\u00e5det kan utvikles til et internasjonalt forbildeprosjekt for urban naturrestaurering, gjerne i samarbeid med forskningsmilj\u00f8er og relevante kommunale satsinger.<\/code><\/p>\n\n\n\n<p><code>Vi oppfordrer derfor Trondheim kommune til \u00e5:<\/code><\/p>\n\n\n\n<p><code>\u2013 utrede et nullpluss-alternativ med naturrestaurering mv. for \u00d8stmarka og tilgrensende kommunale arealer,<\/code><\/p>\n\n\n\n<p><code>\u2013 fastsette tydelige kriterier og reguleringsbestemmelser for konsekvensvurderinger innenfor bestemmelsesomr\u00e5det bynaturpark,<\/code><\/p>\n\n\n\n<p><code>\u2013 vurdere midlertidig vern som sikrer at framtidige politiske valg ikke foregripes av enkeltvedtak inntil en helhetlig plan for bynaturkonseptet, inkludert muligheter for lovfestet vern, er utredet og avklart,<\/code><\/p>\n\n\n\n<p><code>\u2013 stanse behandling av tiltak med konsekvenser i bynaturparken inntil den helhetlige planen foreligger.<\/code><\/p>\n\n\n\n<p><code>Som b\u00e5de grunneier, tiltakshaver og planmyndighet har Trondheim kommune et s\u00e6rskilt ansvar for at vurderingene skjer uavhengig, kunnskapsbasert og i tr\u00e5d med f\u00f8re-var-prinsippet.<\/code><\/p>\n\n\n\n<p><code>F\u00f8r det tas irreversible beslutninger i hjertet av Bynaturparken p\u00e5 Lade, m\u00e5 kommunen svare p\u00e5 ett grunnleggende sp\u00f8rsm\u00e5l: Hvordan kan \u00d8stmarka utvikles slik at bynaturparkverdiene styrkes, ikke svekkes, for kommende generasjoner i takt med tiden og for fremtiden?<\/code><\/p>\n\n\n\n<p><\/p>\n","protected":false},"excerpt":{"rendered":"","protected":false},"author":449,"featured_media":9555,"comment_status":"closed","ping_status":"closed","sticky":false,"template":"","format":"standard","meta":{"_relevanssi_hide_post":"","_relevanssi_hide_content":"","_relevanssi_pin_for_all":"","_relevanssi_pin_keywords":"","_relevanssi_unpin_keywords":"","_relevanssi_related_keywords":"","_relevanssi_related_include_ids":"","_relevanssi_related_exclude_ids":"","_relevanssi_related_no_append":"","_relevanssi_related_not_related":"","_relevanssi_related_posts":"5320,677,1189,8476,4822,4265","_relevanssi_noindex_reason":"","hide_logo":false,"footnotes":"","_members_access_role":[],"_members_access_error":""},"categories":[116],"tags":[],"local":[5],"class_list":["post-9554","post","type-post","status-publish","format-standard","has-post-thumbnail","hentry","category-areal-og-plansaker","local-trondheim"],"acf":[],"yoast_head":"<!-- This site is optimized with the Yoast SEO plugin v24.9 - https:\/\/yoast.com\/wordpress\/plugins\/seo\/ -->\n<title>\u00d8stmarka i Bynaturparken p\u00e5 Lade - dr\u00f8mmeland eller skrekkscenario? - Tr\u00f8ndelag<\/title>\n<meta name=\"robots\" content=\"index, follow, max-snippet:-1, max-image-preview:large, max-video-preview:-1\" \/>\n<link rel=\"canonical\" href=\"https:\/\/naturvernforbundet.no\/trondelag\/ostmarka-i-bynaturparken-pa-lade-drommeland-eller-skrekkscenario\/\" \/>\n<meta property=\"og:locale\" content=\"nb_NO\" \/>\n<meta property=\"og:type\" content=\"article\" \/>\n<meta property=\"og:title\" content=\"\u00d8stmarka i Bynaturparken p\u00e5 Lade - dr\u00f8mmeland eller skrekkscenario? - Tr\u00f8ndelag\" \/>\n<meta property=\"og:url\" content=\"https:\/\/naturvernforbundet.no\/trondelag\/ostmarka-i-bynaturparken-pa-lade-drommeland-eller-skrekkscenario\/\" \/>\n<meta property=\"og:site_name\" content=\"Tr\u00f8ndelag\" \/>\n<meta property=\"article:published_time\" content=\"2026-08-21T07:19:22+00:00\" \/>\n<meta property=\"article:modified_time\" content=\"2026-08-25T18:00:23+00:00\" \/>\n<meta property=\"og:image\" content=\"https:\/\/naturvernforbundet.no\/content\/uploads\/sites\/19\/2026\/08\/Ostmarka-eksempler.png\" \/>\n\t<meta property=\"og:image:width\" content=\"605\" \/>\n\t<meta property=\"og:image:height\" content=\"404\" \/>\n\t<meta property=\"og:image:type\" content=\"image\/png\" \/>\n<meta name=\"author\" content=\"sakariaswalhovd\" \/>\n<meta name=\"twitter:card\" content=\"summary_large_image\" \/>\n<meta name=\"twitter:label1\" content=\"Skrevet av\" \/>\n\t<meta name=\"twitter:data1\" content=\"sakariaswalhovd\" \/>\n\t<meta name=\"twitter:label2\" content=\"Ansl. lesetid\" \/>\n\t<meta name=\"twitter:data2\" content=\"1 minutt\" \/>\n<script type=\"application\/ld+json\" class=\"yoast-schema-graph\">{\"@context\":\"https:\/\/schema.org\",\"@graph\":[{\"@type\":\"WebPage\",\"@id\":\"https:\/\/naturvernforbundet.no\/trondelag\/ostmarka-i-bynaturparken-pa-lade-drommeland-eller-skrekkscenario\/\",\"url\":\"https:\/\/naturvernforbundet.no\/trondelag\/ostmarka-i-bynaturparken-pa-lade-drommeland-eller-skrekkscenario\/\",\"name\":\"\u00d8stmarka i Bynaturparken p\u00e5 Lade - dr\u00f8mmeland eller skrekkscenario? - Tr\u00f8ndelag\",\"isPartOf\":{\"@id\":\"https:\/\/naturvernforbundet.no\/trondelag\/#website\"},\"primaryImageOfPage\":{\"@id\":\"https:\/\/naturvernforbundet.no\/trondelag\/ostmarka-i-bynaturparken-pa-lade-drommeland-eller-skrekkscenario\/#primaryimage\"},\"image\":{\"@id\":\"https:\/\/naturvernforbundet.no\/trondelag\/ostmarka-i-bynaturparken-pa-lade-drommeland-eller-skrekkscenario\/#primaryimage\"},\"thumbnailUrl\":\"https:\/\/naturvernforbundet.no\/content\/uploads\/sites\/19\/2026\/08\/Ostmarka-eksempler.png\",\"datePublished\":\"2026-08-21T07:19:22+00:00\",\"dateModified\":\"2026-08-25T18:00:23+00:00\",\"author\":{\"@id\":\"https:\/\/naturvernforbundet.no\/trondelag\/#\/schema\/person\/3124070892e204be863c2f929bbe1c9e\"},\"breadcrumb\":{\"@id\":\"https:\/\/naturvernforbundet.no\/trondelag\/ostmarka-i-bynaturparken-pa-lade-drommeland-eller-skrekkscenario\/#breadcrumb\"},\"inLanguage\":\"nb-NO\",\"potentialAction\":[{\"@type\":\"ReadAction\",\"target\":[\"https:\/\/naturvernforbundet.no\/trondelag\/ostmarka-i-bynaturparken-pa-lade-drommeland-eller-skrekkscenario\/\"]}]},{\"@type\":\"ImageObject\",\"inLanguage\":\"nb-NO\",\"@id\":\"https:\/\/naturvernforbundet.no\/trondelag\/ostmarka-i-bynaturparken-pa-lade-drommeland-eller-skrekkscenario\/#primaryimage\",\"url\":\"https:\/\/naturvernforbundet.no\/content\/uploads\/sites\/19\/2026\/08\/Ostmarka-eksempler.png\",\"contentUrl\":\"https:\/\/naturvernforbundet.no\/content\/uploads\/sites\/19\/2026\/08\/Ostmarka-eksempler.png\",\"width\":605,\"height\":404,\"caption\":\"Dr\u00f8mmeland-illustrasjon (Lillian Rokseth) av et null-pluss-alternativ med naturrestaurering, som viser hvordan omr\u00e5det kan utvikles over tid med styrket biologisk mangfold, \u00f8kologiske kvaliteter og tilrettelegging for bruk\"},{\"@type\":\"BreadcrumbList\",\"@id\":\"https:\/\/naturvernforbundet.no\/trondelag\/ostmarka-i-bynaturparken-pa-lade-drommeland-eller-skrekkscenario\/#breadcrumb\",\"itemListElement\":[{\"@type\":\"ListItem\",\"position\":1,\"name\":\"Till naturvernforbundet.no\",\"item\":\"https:\/\/naturvernforbundet.no\/\"},{\"@type\":\"ListItem\",\"position\":2,\"name\":\"Tr\u00f8ndelag\",\"item\":\"https:\/\/naturvernforbundet.no\/trondelag\/\"},{\"@type\":\"ListItem\",\"position\":3,\"name\":\"Trondheim\",\"item\":\"https:\/\/naturvernforbundet.no\/trondelag\/lokallag\/trondheim\/\"},{\"@type\":\"ListItem\",\"position\":4,\"name\":\"\u00d8stmarka i Bynaturparken p\u00e5 Lade &#8211; dr\u00f8mmeland eller skrekkscenario?\"}]},{\"@type\":\"WebSite\",\"@id\":\"https:\/\/naturvernforbundet.no\/trondelag\/#website\",\"url\":\"https:\/\/naturvernforbundet.no\/trondelag\/\",\"name\":\"Tr\u00f8ndelag\",\"description\":\"Bare enda et Naturvernforbundet Sites-nettsted\",\"potentialAction\":[{\"@type\":\"SearchAction\",\"target\":{\"@type\":\"EntryPoint\",\"urlTemplate\":\"https:\/\/naturvernforbundet.no\/trondelag\/?s={search_term_string}\"},\"query-input\":{\"@type\":\"PropertyValueSpecification\",\"valueRequired\":true,\"valueName\":\"search_term_string\"}}],\"inLanguage\":\"nb-NO\"},{\"@type\":\"Person\",\"@id\":\"https:\/\/naturvernforbundet.no\/trondelag\/#\/schema\/person\/3124070892e204be863c2f929bbe1c9e\",\"name\":\"sakariaswalhovd\",\"image\":{\"@type\":\"ImageObject\",\"inLanguage\":\"nb-NO\",\"@id\":\"https:\/\/naturvernforbundet.no\/trondelag\/#\/schema\/person\/image\/\",\"url\":\"https:\/\/secure.gravatar.com\/avatar\/e2b3543f95edf7398429f903a2393b1a?s=96&d=mm&r=g\",\"contentUrl\":\"https:\/\/secure.gravatar.com\/avatar\/e2b3543f95edf7398429f903a2393b1a?s=96&d=mm&r=g\",\"caption\":\"sakariaswalhovd\"},\"url\":\"https:\/\/naturvernforbundet.no\/trondelag\/author\/sakariaswalhovd\/\"}]}<\/script>\n<!-- \/ Yoast SEO plugin. -->","yoast_head_json":{"title":"\u00d8stmarka i Bynaturparken p\u00e5 Lade - dr\u00f8mmeland eller skrekkscenario? - Tr\u00f8ndelag","robots":{"index":"index","follow":"follow","max-snippet":"max-snippet:-1","max-image-preview":"max-image-preview:large","max-video-preview":"max-video-preview:-1"},"canonical":"https:\/\/naturvernforbundet.no\/trondelag\/ostmarka-i-bynaturparken-pa-lade-drommeland-eller-skrekkscenario\/","og_locale":"nb_NO","og_type":"article","og_title":"\u00d8stmarka i Bynaturparken p\u00e5 Lade - dr\u00f8mmeland eller skrekkscenario? - Tr\u00f8ndelag","og_url":"https:\/\/naturvernforbundet.no\/trondelag\/ostmarka-i-bynaturparken-pa-lade-drommeland-eller-skrekkscenario\/","og_site_name":"Tr\u00f8ndelag","article_published_time":"2026-08-21T07:19:22+00:00","article_modified_time":"2026-08-25T18:00:23+00:00","og_image":[{"width":605,"height":404,"url":"https:\/\/naturvernforbundet.no\/content\/uploads\/sites\/19\/2026\/08\/Ostmarka-eksempler.png","type":"image\/png"}],"author":"sakariaswalhovd","twitter_card":"summary_large_image","twitter_misc":{"Skrevet av":"sakariaswalhovd","Ansl. lesetid":"1 minutt"},"schema":{"@context":"https:\/\/schema.org","@graph":[{"@type":"WebPage","@id":"https:\/\/naturvernforbundet.no\/trondelag\/ostmarka-i-bynaturparken-pa-lade-drommeland-eller-skrekkscenario\/","url":"https:\/\/naturvernforbundet.no\/trondelag\/ostmarka-i-bynaturparken-pa-lade-drommeland-eller-skrekkscenario\/","name":"\u00d8stmarka i Bynaturparken p\u00e5 Lade - dr\u00f8mmeland eller skrekkscenario? - Tr\u00f8ndelag","isPartOf":{"@id":"https:\/\/naturvernforbundet.no\/trondelag\/#website"},"primaryImageOfPage":{"@id":"https:\/\/naturvernforbundet.no\/trondelag\/ostmarka-i-bynaturparken-pa-lade-drommeland-eller-skrekkscenario\/#primaryimage"},"image":{"@id":"https:\/\/naturvernforbundet.no\/trondelag\/ostmarka-i-bynaturparken-pa-lade-drommeland-eller-skrekkscenario\/#primaryimage"},"thumbnailUrl":"https:\/\/naturvernforbundet.no\/content\/uploads\/sites\/19\/2026\/08\/Ostmarka-eksempler.png","datePublished":"2026-08-21T07:19:22+00:00","dateModified":"2026-08-25T18:00:23+00:00","author":{"@id":"https:\/\/naturvernforbundet.no\/trondelag\/#\/schema\/person\/3124070892e204be863c2f929bbe1c9e"},"breadcrumb":{"@id":"https:\/\/naturvernforbundet.no\/trondelag\/ostmarka-i-bynaturparken-pa-lade-drommeland-eller-skrekkscenario\/#breadcrumb"},"inLanguage":"nb-NO","potentialAction":[{"@type":"ReadAction","target":["https:\/\/naturvernforbundet.no\/trondelag\/ostmarka-i-bynaturparken-pa-lade-drommeland-eller-skrekkscenario\/"]}]},{"@type":"ImageObject","inLanguage":"nb-NO","@id":"https:\/\/naturvernforbundet.no\/trondelag\/ostmarka-i-bynaturparken-pa-lade-drommeland-eller-skrekkscenario\/#primaryimage","url":"https:\/\/naturvernforbundet.no\/content\/uploads\/sites\/19\/2026\/08\/Ostmarka-eksempler.png","contentUrl":"https:\/\/naturvernforbundet.no\/content\/uploads\/sites\/19\/2026\/08\/Ostmarka-eksempler.png","width":605,"height":404,"caption":"Dr\u00f8mmeland-illustrasjon (Lillian Rokseth) av et null-pluss-alternativ med naturrestaurering, som viser hvordan omr\u00e5det kan utvikles over tid med styrket biologisk mangfold, \u00f8kologiske kvaliteter og tilrettelegging for bruk"},{"@type":"BreadcrumbList","@id":"https:\/\/naturvernforbundet.no\/trondelag\/ostmarka-i-bynaturparken-pa-lade-drommeland-eller-skrekkscenario\/#breadcrumb","itemListElement":[{"@type":"ListItem","position":1,"name":"Till naturvernforbundet.no","item":"https:\/\/naturvernforbundet.no\/"},{"@type":"ListItem","position":2,"name":"Tr\u00f8ndelag","item":"https:\/\/naturvernforbundet.no\/trondelag\/"},{"@type":"ListItem","position":3,"name":"Trondheim","item":"https:\/\/naturvernforbundet.no\/trondelag\/lokallag\/trondheim\/"},{"@type":"ListItem","position":4,"name":"\u00d8stmarka i Bynaturparken p\u00e5 Lade &#8211; dr\u00f8mmeland eller skrekkscenario?"}]},{"@type":"WebSite","@id":"https:\/\/naturvernforbundet.no\/trondelag\/#website","url":"https:\/\/naturvernforbundet.no\/trondelag\/","name":"Tr\u00f8ndelag","description":"Bare enda et Naturvernforbundet Sites-nettsted","potentialAction":[{"@type":"SearchAction","target":{"@type":"EntryPoint","urlTemplate":"https:\/\/naturvernforbundet.no\/trondelag\/?s={search_term_string}"},"query-input":{"@type":"PropertyValueSpecification","valueRequired":true,"valueName":"search_term_string"}}],"inLanguage":"nb-NO"},{"@type":"Person","@id":"https:\/\/naturvernforbundet.no\/trondelag\/#\/schema\/person\/3124070892e204be863c2f929bbe1c9e","name":"sakariaswalhovd","image":{"@type":"ImageObject","inLanguage":"nb-NO","@id":"https:\/\/naturvernforbundet.no\/trondelag\/#\/schema\/person\/image\/","url":"https:\/\/secure.gravatar.com\/avatar\/e2b3543f95edf7398429f903a2393b1a?s=96&d=mm&r=g","contentUrl":"https:\/\/secure.gravatar.com\/avatar\/e2b3543f95edf7398429f903a2393b1a?s=96&d=mm&r=g","caption":"sakariaswalhovd"},"url":"https:\/\/naturvernforbundet.no\/trondelag\/author\/sakariaswalhovd\/"}]}},"_links":{"self":[{"href":"https:\/\/naturvernforbundet.no\/trondelag\/wp-json\/wp\/v2\/posts\/9554","targetHints":{"allow":["GET"]}}],"collection":[{"href":"https:\/\/naturvernforbundet.no\/trondelag\/wp-json\/wp\/v2\/posts"}],"about":[{"href":"https:\/\/naturvernforbundet.no\/trondelag\/wp-json\/wp\/v2\/types\/post"}],"author":[{"embeddable":true,"href":"https:\/\/naturvernforbundet.no\/trondelag\/wp-json\/wp\/v2\/users\/449"}],"replies":[{"embeddable":true,"href":"https:\/\/naturvernforbundet.no\/trondelag\/wp-json\/wp\/v2\/comments?post=9554"}],"version-history":[{"count":5,"href":"https:\/\/naturvernforbundet.no\/trondelag\/wp-json\/wp\/v2\/posts\/9554\/revisions"}],"predecessor-version":[{"id":9593,"href":"https:\/\/naturvernforbundet.no\/trondelag\/wp-json\/wp\/v2\/posts\/9554\/revisions\/9593"}],"wp:featuredmedia":[{"embeddable":true,"href":"https:\/\/naturvernforbundet.no\/trondelag\/wp-json\/wp\/v2\/media\/9555"}],"wp:attachment":[{"href":"https:\/\/naturvernforbundet.no\/trondelag\/wp-json\/wp\/v2\/media?parent=9554"}],"wp:term":[{"taxonomy":"category","embeddable":true,"href":"https:\/\/naturvernforbundet.no\/trondelag\/wp-json\/wp\/v2\/categories?post=9554"},{"taxonomy":"post_tag","embeddable":true,"href":"https:\/\/naturvernforbundet.no\/trondelag\/wp-json\/wp\/v2\/tags?post=9554"},{"taxonomy":"local","embeddable":true,"href":"https:\/\/naturvernforbundet.no\/trondelag\/wp-json\/wp\/v2\/local?post=9554"}],"curies":[{"name":"wp","href":"https:\/\/api.w.org\/{rel}","templated":true}]}}