{"id":139,"date":"2020-02-13T13:19:55","date_gmt":"2020-02-13T12:19:55","guid":{"rendered":"https:\/\/naturvernforbundet.no\/vestfold\/artsrik-kystskog-og-strandbelte-i-horten-star-i-fare-for-a-bli-rasert\/"},"modified":"2022-11-10T12:58:36","modified_gmt":"2022-11-10T11:58:36","slug":"artsrik-kystskog-og-strandbelte-i-horten-star-i-fare-for-a-bli-rasert","status":"publish","type":"post","link":"https:\/\/naturvernforbundet.no\/vestfold\/artsrik-kystskog-og-strandbelte-i-horten-star-i-fare-for-a-bli-rasert\/","title":{"rendered":"Artsrik kystskog og strandbelte i Horten st\u00e5r i fare for \u00e5 bli rasert"},"content":{"rendered":"\t<div class=\"template-post alignfull wp-block-naturvern-hero\">\n\t\t<div class=\"hero__inner\">\n\t\t\t<div class=\"hero__inner_blocks\">\n\t\t\t\t\t\t\t\t\n\t\t\t\t\t<h1 class=\"wp-block-post-title\">Artsrik kystskog og strandbelte i Horten st\u00e5r i fare for \u00e5 bli rasert<\/h1>\n\n\t\t\t\t\t<div class=\"wp-block-post-excerpt\"><p class=\"wp-block-post-excerpt__excerpt\">Naturvernforbundet i Horten er sv\u00e6rt bekymret for det utbyggingspresset som n\u00e5 foreligger p\u00e5 kyststrekningen fra R\u00f8restrand til Langgrunn. Vi tok derfor initiativ til aksjonen &laquo;La Strandskogen leve&raquo; og inviterte til \u00e5pent m\u00f8te 26. februar. <\/p><\/div>\n\n\t\t\t\t\t<figure class=\"wp-block-post-featured-image\"><img loading=\"lazy\" decoding=\"async\" width=\"480\" height=\"360\" src=\"https:\/\/naturvernforbundet.no\/content\/uploads\/sites\/21\/2020\/02\/IMG_20200214_082410.jpg2028mobile48029.jpg\" class=\"attachment-post-thumbnail size-post-thumbnail wp-post-image\" alt=\"\" style=\"object-fit:cover;\" srcset=\"https:\/\/naturvernforbundet.no\/content\/uploads\/sites\/21\/2020\/02\/IMG_20200214_082410.jpg2028mobile48029.jpg 480w, https:\/\/naturvernforbundet.no\/content\/uploads\/sites\/21\/2020\/02\/IMG_20200214_082410.jpg2028mobile48029-300x225.jpg 300w\" sizes=\"auto, (max-width: 480px) 100vw, 480px\" \/><\/figure>\n\n\t\t\t\t\t<div class=\"wp-block-naturvern-byline\">\n\t\t\t<div class=\"authors\">By <span class=\"t2-byline__author-link\">Unni Eriksen<\/span><\/div>\n\t\t\t<small class=\"entry-date\">13.02.2020 13:19<\/small><small class=\"entry-date\"> | Sist oppdatert: 10.11.2022 12:58<\/small>\n\t\t<\/div>\n\t\t\t\t\t\t\t\t<\/div>\n\t\t\t\t\t<\/div>\n\t\t\t<\/div>\n\t\n<p>Naturvernforbundet inviterte&nbsp;til et \u00e5pent m\u00f8te for \u00e5 danne aksjonsgruppen &laquo;La strandskogen leve!&raquo;. Enkeltpersoner og organisasjoner inviteres til dugnad for \u00e5 st\u00e5 imot det enorme presset fra utbyggere &nbsp;som truer omr\u00e5det mellom R\u00f8restrand og Langgrunn. All videre utbygging i kystsonen m\u00e5 stanses. Vi foresl\u00e5r at skogen og stranden i dette omr\u00e5det vurderes som et fremtidig verneomr\u00e5de.<\/p>\n\n\n\n<p>Horten kommune og fylkesmannen b\u00f8r invitere grunneier til dialog om muligheten for frivillig skogvern.&nbsp;Videre utbygging av boliger, n\u00e6ringsvirksomhet og viking-aktiviteter er ikke forenelig med hensynet til biologisk mangfold, befolkningens mulighet for friluftsliv og vern av kulturminner.<br>\n<br>\n<strong>Biologisk mangfold<\/strong><br>\n<br>\nOmr\u00e5det mellom R\u00f8restrand og Langgrunn er sv\u00e6rt artsrikt b\u00e5de p\u00e5 land og i sj\u00f8en. Det er langgrunne omr\u00e5der med spesielt \u00f8kosystem, \u00e5legressomr\u00e5de og skjellbanker. Strandsonen og kyststripen har siv\/l\u00f8vskog\/kratt med h\u00f8yt biologisk mangfold og mye insekter. For fuglelivet er derfor b\u00e5de sj\u00f8- og landomr\u00e5der sv\u00e6rt interessante. Til sammen representerer dette et truet og verneverdig \u00f8kosystem, som det m\u00e5 tas s\u00e6rlig hensyn. Skogomr\u00e5det, med norsk regnskog som er truet, har stor verneverdi. Det er stor grunn til \u00e5 anta at det er truede arter i omr\u00e5det.<br>\n<br>\nOmr\u00e5dets naturverdier gj\u00f8r at det b\u00f8r foretas en grundig kartlegging av det biologiske mangfoldet.<br>\n<br>\n<strong>Friluftsliv<\/strong><br>\n<br>\nStrekningen R\u00f8restrand og Langgrunn er mye brukt av lokalbefolkning, og har en stor verdi for \u00e5 ta vare p\u00e5 folkehelsen blant innbyggerne i kommunen. Kyststien m\u00e5 bevares for fremtiden og god skj\u00f8tsel av stien m\u00e5 ivaretas. Den h\u00f8rer med til turomr\u00e5det b\u00e5de for en barneskole og en barnehage. Naturvernforbundet vil derfor foresl\u00e5 at kyststien vernes i en 100 meters sone langs hele den aktuelle kyststrekningen.<br>\n<br>\n<strong>Kulturminner Eikestrand<\/strong><br>\n<br>\nDet er gjort funn av tidligere bosetninger med blant annet kokegroper, hustufter og syv gravhauger. Omr\u00e5det er rikt p\u00e5 kulturminner i et historisk landskap.<br>\n<br>\nUt fra hensynet til b\u00e5de biologisk mangfold og friluftsliv mener Naturvernforbundet det er avgj\u00f8rende \u00e5 bevare LNF-omr\u00e5dene mellom R\u00f8restrand og Langgrunn. Disse er i dag p\u00e5 en naturlig og god m\u00e5te knyttet til Borrehaugene, og utgj\u00f8r et samlet viktig rekreasjonsomr\u00e5de for hele kommunen.<\/p>\n","protected":false},"excerpt":{"rendered":"<p>Naturvernforbundet i Horten er sv\u00e6rt bekymret for det utbyggingspresset som n\u00e5 foreligger p\u00e5 kyststrekningen fra R\u00f8restrand til Langgrunn. Vi tok derfor initiativ til aksjonen &laquo;La Strandskogen leve&raquo; og inviterte til \u00e5pent m\u00f8te 26. februar.<\/p>\n","protected":false},"author":246,"featured_media":140,"comment_status":"closed","ping_status":"closed","sticky":false,"template":"","format":"standard","meta":{"_relevanssi_hide_post":"","_relevanssi_hide_content":"","_relevanssi_pin_for_all":"","_relevanssi_pin_keywords":"","_relevanssi_unpin_keywords":"","_relevanssi_related_keywords":"","_relevanssi_related_include_ids":"","_relevanssi_related_exclude_ids":"","_relevanssi_related_no_append":"","_relevanssi_related_not_related":"","_relevanssi_related_posts":"","_relevanssi_noindex_reason":"","hide_logo":false,"footnotes":""},"categories":[21],"tags":[],"local":[],"class_list":["post-139","post","type-post","status-publish","format-standard","has-post-thumbnail","hentry","category-biologisk-mangfold"],"acf":[],"yoast_head":"<!-- This site is optimized with the Yoast SEO plugin v24.9 - https:\/\/yoast.com\/wordpress\/plugins\/seo\/ -->\n<title>Artsrik kystskog og strandbelte i Horten st\u00e5r i fare for \u00e5 bli rasert - Vestfold<\/title>\n<meta name=\"robots\" content=\"index, follow, max-snippet:-1, max-image-preview:large, max-video-preview:-1\" \/>\n<link rel=\"canonical\" href=\"https:\/\/naturvernforbundet.no\/vestfold\/artsrik-kystskog-og-strandbelte-i-horten-star-i-fare-for-a-bli-rasert\/\" \/>\n<meta property=\"og:locale\" content=\"nb_NO\" \/>\n<meta property=\"og:type\" content=\"article\" \/>\n<meta property=\"og:title\" content=\"Artsrik kystskog og strandbelte i Horten st\u00e5r i fare for \u00e5 bli rasert - Vestfold\" \/>\n<meta property=\"og:description\" content=\"Naturvernforbundet i Horten er sv\u00e6rt bekymret for det utbyggingspresset som n\u00e5 foreligger p\u00e5 kyststrekningen fra R\u00f8restrand til Langgrunn. Vi tok derfor initiativ til aksjonen &quot;La Strandskogen leve&quot; og inviterte til \u00e5pent m\u00f8te 26. februar.\" \/>\n<meta property=\"og:url\" content=\"https:\/\/naturvernforbundet.no\/vestfold\/artsrik-kystskog-og-strandbelte-i-horten-star-i-fare-for-a-bli-rasert\/\" \/>\n<meta property=\"og:site_name\" content=\"Vestfold\" \/>\n<meta property=\"article:published_time\" content=\"2020-02-13T12:19:55+00:00\" \/>\n<meta property=\"article:modified_time\" content=\"2022-11-10T11:58:36+00:00\" \/>\n<meta property=\"og:image\" content=\"https:\/\/naturvernforbundet.no\/content\/uploads\/sites\/21\/2020\/02\/IMG_20200214_082410.jpg2028mobile48029.jpg\" \/>\n\t<meta property=\"og:image:width\" content=\"480\" \/>\n\t<meta property=\"og:image:height\" content=\"360\" \/>\n\t<meta property=\"og:image:type\" content=\"image\/jpeg\" \/>\n<meta name=\"author\" content=\"Unni Eriksen\" \/>\n<meta name=\"twitter:card\" content=\"summary_large_image\" \/>\n<meta name=\"twitter:label1\" content=\"Skrevet av\" \/>\n\t<meta name=\"twitter:data1\" content=\"Unni Eriksen\" \/>\n\t<meta name=\"twitter:label2\" content=\"Ansl. lesetid\" \/>\n\t<meta name=\"twitter:data2\" content=\"2 minutter\" \/>\n<script type=\"application\/ld+json\" class=\"yoast-schema-graph\">{\"@context\":\"https:\/\/schema.org\",\"@graph\":[{\"@type\":\"WebPage\",\"@id\":\"https:\/\/naturvernforbundet.no\/vestfold\/artsrik-kystskog-og-strandbelte-i-horten-star-i-fare-for-a-bli-rasert\/\",\"url\":\"https:\/\/naturvernforbundet.no\/vestfold\/artsrik-kystskog-og-strandbelte-i-horten-star-i-fare-for-a-bli-rasert\/\",\"name\":\"Artsrik kystskog og strandbelte i Horten st\u00e5r i fare for \u00e5 bli rasert - Vestfold\",\"isPartOf\":{\"@id\":\"https:\/\/naturvernforbundet.no\/vestfold\/#website\"},\"primaryImageOfPage\":{\"@id\":\"https:\/\/naturvernforbundet.no\/vestfold\/artsrik-kystskog-og-strandbelte-i-horten-star-i-fare-for-a-bli-rasert\/#primaryimage\"},\"image\":{\"@id\":\"https:\/\/naturvernforbundet.no\/vestfold\/artsrik-kystskog-og-strandbelte-i-horten-star-i-fare-for-a-bli-rasert\/#primaryimage\"},\"thumbnailUrl\":\"https:\/\/naturvernforbundet.no\/content\/uploads\/sites\/21\/2020\/02\/IMG_20200214_082410.jpg2028mobile48029.jpg\",\"datePublished\":\"2020-02-13T12:19:55+00:00\",\"dateModified\":\"2022-11-10T11:58:36+00:00\",\"author\":{\"@id\":\"https:\/\/naturvernforbundet.no\/vestfold\/#\/schema\/person\/14a0a14df8f901a97c669e82039df668\"},\"breadcrumb\":{\"@id\":\"https:\/\/naturvernforbundet.no\/vestfold\/artsrik-kystskog-og-strandbelte-i-horten-star-i-fare-for-a-bli-rasert\/#breadcrumb\"},\"inLanguage\":\"nb-NO\",\"potentialAction\":[{\"@type\":\"ReadAction\",\"target\":[\"https:\/\/naturvernforbundet.no\/vestfold\/artsrik-kystskog-og-strandbelte-i-horten-star-i-fare-for-a-bli-rasert\/\"]}]},{\"@type\":\"ImageObject\",\"inLanguage\":\"nb-NO\",\"@id\":\"https:\/\/naturvernforbundet.no\/vestfold\/artsrik-kystskog-og-strandbelte-i-horten-star-i-fare-for-a-bli-rasert\/#primaryimage\",\"url\":\"https:\/\/naturvernforbundet.no\/content\/uploads\/sites\/21\/2020\/02\/IMG_20200214_082410.jpg2028mobile48029.jpg\",\"contentUrl\":\"https:\/\/naturvernforbundet.no\/content\/uploads\/sites\/21\/2020\/02\/IMG_20200214_082410.jpg2028mobile48029.jpg\",\"width\":480,\"height\":360},{\"@type\":\"BreadcrumbList\",\"@id\":\"https:\/\/naturvernforbundet.no\/vestfold\/artsrik-kystskog-og-strandbelte-i-horten-star-i-fare-for-a-bli-rasert\/#breadcrumb\",\"itemListElement\":[{\"@type\":\"ListItem\",\"position\":1,\"name\":\"Till naturvernforbundet.no\",\"item\":\"https:\/\/naturvernforbundet.no\/\"},{\"@type\":\"ListItem\",\"position\":2,\"name\":\"Vestfold\",\"item\":\"https:\/\/naturvernforbundet.no\/vestfold\/\"},{\"@type\":\"ListItem\",\"position\":3,\"name\":\"Artsrik kystskog og strandbelte i Horten st\u00e5r i fare for \u00e5 bli rasert\"}]},{\"@type\":\"WebSite\",\"@id\":\"https:\/\/naturvernforbundet.no\/vestfold\/#website\",\"url\":\"https:\/\/naturvernforbundet.no\/vestfold\/\",\"name\":\"Vestfold\",\"description\":\"Bare enda et Naturvernforbundet Sites-nettsted\",\"potentialAction\":[{\"@type\":\"SearchAction\",\"target\":{\"@type\":\"EntryPoint\",\"urlTemplate\":\"https:\/\/naturvernforbundet.no\/vestfold\/?s={search_term_string}\"},\"query-input\":{\"@type\":\"PropertyValueSpecification\",\"valueRequired\":true,\"valueName\":\"search_term_string\"}}],\"inLanguage\":\"nb-NO\"},{\"@type\":\"Person\",\"@id\":\"https:\/\/naturvernforbundet.no\/vestfold\/#\/schema\/person\/14a0a14df8f901a97c669e82039df668\",\"name\":\"Unni Eriksen\",\"image\":{\"@type\":\"ImageObject\",\"inLanguage\":\"nb-NO\",\"@id\":\"https:\/\/naturvernforbundet.no\/vestfold\/#\/schema\/person\/image\/\",\"url\":\"https:\/\/secure.gravatar.com\/avatar\/8df1235391fec7dd125019cd14fa973c?s=96&d=mm&r=g\",\"contentUrl\":\"https:\/\/secure.gravatar.com\/avatar\/8df1235391fec7dd125019cd14fa973c?s=96&d=mm&r=g\",\"caption\":\"Unni Eriksen\"},\"url\":\"https:\/\/naturvernforbundet.no\/vestfold\/author\/unnieriksen\/\"}]}<\/script>\n<!-- \/ Yoast SEO plugin. -->","yoast_head_json":{"title":"Artsrik kystskog og strandbelte i Horten st\u00e5r i fare for \u00e5 bli rasert - Vestfold","robots":{"index":"index","follow":"follow","max-snippet":"max-snippet:-1","max-image-preview":"max-image-preview:large","max-video-preview":"max-video-preview:-1"},"canonical":"https:\/\/naturvernforbundet.no\/vestfold\/artsrik-kystskog-og-strandbelte-i-horten-star-i-fare-for-a-bli-rasert\/","og_locale":"nb_NO","og_type":"article","og_title":"Artsrik kystskog og strandbelte i Horten st\u00e5r i fare for \u00e5 bli rasert - Vestfold","og_description":"Naturvernforbundet i Horten er sv\u00e6rt bekymret for det utbyggingspresset som n\u00e5 foreligger p\u00e5 kyststrekningen fra R\u00f8restrand til Langgrunn. Vi tok derfor initiativ til aksjonen \"La Strandskogen leve\" og inviterte til \u00e5pent m\u00f8te 26. februar.","og_url":"https:\/\/naturvernforbundet.no\/vestfold\/artsrik-kystskog-og-strandbelte-i-horten-star-i-fare-for-a-bli-rasert\/","og_site_name":"Vestfold","article_published_time":"2020-02-13T12:19:55+00:00","article_modified_time":"2022-11-10T11:58:36+00:00","og_image":[{"width":480,"height":360,"url":"https:\/\/naturvernforbundet.no\/content\/uploads\/sites\/21\/2020\/02\/IMG_20200214_082410.jpg2028mobile48029.jpg","type":"image\/jpeg"}],"author":"Unni Eriksen","twitter_card":"summary_large_image","twitter_misc":{"Skrevet av":"Unni Eriksen","Ansl. lesetid":"2 minutter"},"schema":{"@context":"https:\/\/schema.org","@graph":[{"@type":"WebPage","@id":"https:\/\/naturvernforbundet.no\/vestfold\/artsrik-kystskog-og-strandbelte-i-horten-star-i-fare-for-a-bli-rasert\/","url":"https:\/\/naturvernforbundet.no\/vestfold\/artsrik-kystskog-og-strandbelte-i-horten-star-i-fare-for-a-bli-rasert\/","name":"Artsrik kystskog og strandbelte i Horten st\u00e5r i fare for \u00e5 bli rasert - Vestfold","isPartOf":{"@id":"https:\/\/naturvernforbundet.no\/vestfold\/#website"},"primaryImageOfPage":{"@id":"https:\/\/naturvernforbundet.no\/vestfold\/artsrik-kystskog-og-strandbelte-i-horten-star-i-fare-for-a-bli-rasert\/#primaryimage"},"image":{"@id":"https:\/\/naturvernforbundet.no\/vestfold\/artsrik-kystskog-og-strandbelte-i-horten-star-i-fare-for-a-bli-rasert\/#primaryimage"},"thumbnailUrl":"https:\/\/naturvernforbundet.no\/content\/uploads\/sites\/21\/2020\/02\/IMG_20200214_082410.jpg2028mobile48029.jpg","datePublished":"2020-02-13T12:19:55+00:00","dateModified":"2022-11-10T11:58:36+00:00","author":{"@id":"https:\/\/naturvernforbundet.no\/vestfold\/#\/schema\/person\/14a0a14df8f901a97c669e82039df668"},"breadcrumb":{"@id":"https:\/\/naturvernforbundet.no\/vestfold\/artsrik-kystskog-og-strandbelte-i-horten-star-i-fare-for-a-bli-rasert\/#breadcrumb"},"inLanguage":"nb-NO","potentialAction":[{"@type":"ReadAction","target":["https:\/\/naturvernforbundet.no\/vestfold\/artsrik-kystskog-og-strandbelte-i-horten-star-i-fare-for-a-bli-rasert\/"]}]},{"@type":"ImageObject","inLanguage":"nb-NO","@id":"https:\/\/naturvernforbundet.no\/vestfold\/artsrik-kystskog-og-strandbelte-i-horten-star-i-fare-for-a-bli-rasert\/#primaryimage","url":"https:\/\/naturvernforbundet.no\/content\/uploads\/sites\/21\/2020\/02\/IMG_20200214_082410.jpg2028mobile48029.jpg","contentUrl":"https:\/\/naturvernforbundet.no\/content\/uploads\/sites\/21\/2020\/02\/IMG_20200214_082410.jpg2028mobile48029.jpg","width":480,"height":360},{"@type":"BreadcrumbList","@id":"https:\/\/naturvernforbundet.no\/vestfold\/artsrik-kystskog-og-strandbelte-i-horten-star-i-fare-for-a-bli-rasert\/#breadcrumb","itemListElement":[{"@type":"ListItem","position":1,"name":"Till naturvernforbundet.no","item":"https:\/\/naturvernforbundet.no\/"},{"@type":"ListItem","position":2,"name":"Vestfold","item":"https:\/\/naturvernforbundet.no\/vestfold\/"},{"@type":"ListItem","position":3,"name":"Artsrik kystskog og strandbelte i Horten st\u00e5r i fare for \u00e5 bli rasert"}]},{"@type":"WebSite","@id":"https:\/\/naturvernforbundet.no\/vestfold\/#website","url":"https:\/\/naturvernforbundet.no\/vestfold\/","name":"Vestfold","description":"Bare enda et Naturvernforbundet Sites-nettsted","potentialAction":[{"@type":"SearchAction","target":{"@type":"EntryPoint","urlTemplate":"https:\/\/naturvernforbundet.no\/vestfold\/?s={search_term_string}"},"query-input":{"@type":"PropertyValueSpecification","valueRequired":true,"valueName":"search_term_string"}}],"inLanguage":"nb-NO"},{"@type":"Person","@id":"https:\/\/naturvernforbundet.no\/vestfold\/#\/schema\/person\/14a0a14df8f901a97c669e82039df668","name":"Unni Eriksen","image":{"@type":"ImageObject","inLanguage":"nb-NO","@id":"https:\/\/naturvernforbundet.no\/vestfold\/#\/schema\/person\/image\/","url":"https:\/\/secure.gravatar.com\/avatar\/8df1235391fec7dd125019cd14fa973c?s=96&d=mm&r=g","contentUrl":"https:\/\/secure.gravatar.com\/avatar\/8df1235391fec7dd125019cd14fa973c?s=96&d=mm&r=g","caption":"Unni Eriksen"},"url":"https:\/\/naturvernforbundet.no\/vestfold\/author\/unnieriksen\/"}]}},"_links":{"self":[{"href":"https:\/\/naturvernforbundet.no\/vestfold\/wp-json\/wp\/v2\/posts\/139","targetHints":{"allow":["GET"]}}],"collection":[{"href":"https:\/\/naturvernforbundet.no\/vestfold\/wp-json\/wp\/v2\/posts"}],"about":[{"href":"https:\/\/naturvernforbundet.no\/vestfold\/wp-json\/wp\/v2\/types\/post"}],"author":[{"embeddable":true,"href":"https:\/\/naturvernforbundet.no\/vestfold\/wp-json\/wp\/v2\/users\/246"}],"replies":[{"embeddable":true,"href":"https:\/\/naturvernforbundet.no\/vestfold\/wp-json\/wp\/v2\/comments?post=139"}],"version-history":[{"count":1,"href":"https:\/\/naturvernforbundet.no\/vestfold\/wp-json\/wp\/v2\/posts\/139\/revisions"}],"predecessor-version":[{"id":448,"href":"https:\/\/naturvernforbundet.no\/vestfold\/wp-json\/wp\/v2\/posts\/139\/revisions\/448"}],"wp:featuredmedia":[{"embeddable":true,"href":"https:\/\/naturvernforbundet.no\/vestfold\/wp-json\/wp\/v2\/media\/140"}],"wp:attachment":[{"href":"https:\/\/naturvernforbundet.no\/vestfold\/wp-json\/wp\/v2\/media?parent=139"}],"wp:term":[{"taxonomy":"category","embeddable":true,"href":"https:\/\/naturvernforbundet.no\/vestfold\/wp-json\/wp\/v2\/categories?post=139"},{"taxonomy":"post_tag","embeddable":true,"href":"https:\/\/naturvernforbundet.no\/vestfold\/wp-json\/wp\/v2\/tags?post=139"},{"taxonomy":"local","embeddable":true,"href":"https:\/\/naturvernforbundet.no\/vestfold\/wp-json\/wp\/v2\/local?post=139"}],"curies":[{"name":"wp","href":"https:\/\/api.w.org\/{rel}","templated":true}]}}