{"id":942,"date":"2026-03-23T14:43:51","date_gmt":"2026-03-23T13:43:51","guid":{"rendered":"https:\/\/naturvernforbundet.no\/vestfold\/?p=942"},"modified":"2026-03-24T18:41:32","modified_gmt":"2026-03-24T17:41:32","slug":"den-store-klesbyttedagen-18-april-2","status":"publish","type":"post","link":"https:\/\/naturvernforbundet.no\/vestfold\/den-store-klesbyttedagen-18-april-2\/","title":{"rendered":"Den store klesbyttedagen 18. april"},"content":{"rendered":"\t<div class=\"template-post alignnone wp-block-naturvern-hero\">\n\t\t<div class=\"hero__inner\">\n\t\t\t<div class=\"hero__inner_blocks\">\n\t\t\t\t\t\t\t\t\n<h1 class=\"wp-block-post-title\">Den store klesbyttedagen 18. april<\/h1>\n\n<div class=\"wp-block-post-excerpt\"><p class=\"wp-block-post-excerpt__excerpt\">Velkommen til den store klesbyttedagen! I \u00e5r arrangerer vi dette sammen med Husflidlaget og Frivilligsentralen p\u00e5 Holmestrand bibliotek. <\/p><\/div>\n\n<figure class=\"wp-block-post-featured-image\"><img loading=\"lazy\" decoding=\"async\" width=\"950\" height=\"768\" src=\"https:\/\/naturvernforbundet.no\/content\/uploads\/sites\/21\/2026\/03\/color-fashion-clothing-shopping-garment-boutique-1149845-pxhere.com_.jpg\" class=\"attachment-post-thumbnail size-post-thumbnail wp-post-image\" alt=\"\" style=\"object-fit:cover;\" srcset=\"https:\/\/naturvernforbundet.no\/content\/uploads\/sites\/21\/2026\/03\/color-fashion-clothing-shopping-garment-boutique-1149845-pxhere.com_.jpg 950w, https:\/\/naturvernforbundet.no\/content\/uploads\/sites\/21\/2026\/03\/color-fashion-clothing-shopping-garment-boutique-1149845-pxhere.com_-300x243.jpg 300w, https:\/\/naturvernforbundet.no\/content\/uploads\/sites\/21\/2026\/03\/color-fashion-clothing-shopping-garment-boutique-1149845-pxhere.com_-768x621.jpg 768w\" sizes=\"auto, (max-width: 950px) 100vw, 950px\" \/><\/figure>\n\n<div class=\"wp-block-naturvern-byline\">\n\t\t\t<div class=\"authors\">By <span class=\"t2-byline__author-link\">Espen Backe<\/span><\/div>\n\t\t\t<small class=\"entry-date\">23.03.2026 14:43<\/small><small class=\"entry-date\"> | Sist oppdatert: 24.03.2026 18:41<\/small>\n\t\t<\/div>\n\t\t\t<\/div>\n\t\t\t\t\t<\/div>\n\t\t\t<\/div>\n\t\n\n\n<p>Forny garderoben din p\u00e5 en milj\u00f8smart og hyggelig m\u00e5te. Ta med deg maks syv rene plagg i god stand. For hvert plagg du leverer inn f\u00e5r du utlevert en klesbyttelapp og kan velge deg ut et nytt plagg.<\/p>\n\n\n\n<p>Hvor: Holmestrand bibliotek<br>N\u00e5r: L\u00f8rdag 18. april kl. 11.00-14.00<br>Innlevering av kl\u00e6r fra kl. 10.00<\/p>\n\n\n\n<p>Vi tar imot kl\u00e6r for b\u00e5de herrer og damer i alle aldre, gjerne ogs\u00e5 barnet\u00f8y. Tilbeh\u00f8r som vesker og skjerf tas ogs\u00e5 imot, men ikke undert\u00f8y og sokker.<\/p>\n","protected":false},"excerpt":{"rendered":"<p>Velkommen til den store klesbyttedagen! I \u00e5r arrangerer vi dette sammen med Husflidlaget og Frivilligsentralen p\u00e5 Holmestrand bibliotek.<\/p>\n","protected":false},"author":78,"featured_media":943,"comment_status":"closed","ping_status":"closed","sticky":false,"template":"","format":"standard","meta":{"_relevanssi_hide_post":"","_relevanssi_hide_content":"","_relevanssi_pin_for_all":"","_relevanssi_pin_keywords":"","_relevanssi_unpin_keywords":"","_relevanssi_related_keywords":"","_relevanssi_related_include_ids":"","_relevanssi_related_exclude_ids":"","_relevanssi_related_no_append":"","_relevanssi_related_not_related":"","_relevanssi_related_posts":"129,39,286,326,315,138","_relevanssi_noindex_reason":"","hide_logo":false,"footnotes":""},"categories":[20],"tags":[],"local":[12],"class_list":["post-942","post","type-post","status-publish","format-standard","has-post-thumbnail","hentry","category-aktiviteter","local-holmestrand"],"acf":[],"yoast_head":"<!-- This site is optimized with the Yoast SEO plugin v24.9 - https:\/\/yoast.com\/wordpress\/plugins\/seo\/ -->\n<title>Den store klesbyttedagen 18. april - Vestfold<\/title>\n<meta name=\"robots\" content=\"index, follow, max-snippet:-1, max-image-preview:large, max-video-preview:-1\" \/>\n<link rel=\"canonical\" href=\"https:\/\/naturvernforbundet.no\/vestfold\/den-store-klesbyttedagen-18-april-2\/\" \/>\n<meta property=\"og:locale\" content=\"nb_NO\" \/>\n<meta property=\"og:type\" content=\"article\" \/>\n<meta property=\"og:title\" content=\"Den store klesbyttedagen 18. april - Vestfold\" \/>\n<meta property=\"og:description\" content=\"Velkommen til den store klesbyttedagen! I \u00e5r arrangerer vi dette sammen med Husflidlaget og Frivilligsentralen p\u00e5 Holmestrand bibliotek.\" \/>\n<meta property=\"og:url\" content=\"https:\/\/naturvernforbundet.no\/vestfold\/den-store-klesbyttedagen-18-april-2\/\" \/>\n<meta property=\"og:site_name\" content=\"Vestfold\" \/>\n<meta property=\"article:published_time\" content=\"2026-03-23T13:43:51+00:00\" \/>\n<meta property=\"article:modified_time\" content=\"2026-03-24T17:41:32+00:00\" \/>\n<meta property=\"og:image\" content=\"https:\/\/naturvernforbundet.no\/content\/uploads\/sites\/21\/2026\/03\/color-fashion-clothing-shopping-garment-boutique-1149845-pxhere.com_.jpg\" \/>\n\t<meta property=\"og:image:width\" content=\"950\" \/>\n\t<meta property=\"og:image:height\" content=\"768\" \/>\n\t<meta property=\"og:image:type\" content=\"image\/jpeg\" \/>\n<meta name=\"author\" content=\"Espen Backe\" \/>\n<meta name=\"twitter:card\" content=\"summary_large_image\" \/>\n<meta name=\"twitter:label1\" content=\"Skrevet av\" \/>\n\t<meta name=\"twitter:data1\" content=\"Espen Backe\" \/>\n\t<meta name=\"twitter:label2\" content=\"Ansl. lesetid\" \/>\n\t<meta name=\"twitter:data2\" content=\"1 minutt\" \/>\n<script type=\"application\/ld+json\" class=\"yoast-schema-graph\">{\"@context\":\"https:\/\/schema.org\",\"@graph\":[{\"@type\":\"WebPage\",\"@id\":\"https:\/\/naturvernforbundet.no\/vestfold\/den-store-klesbyttedagen-18-april-2\/\",\"url\":\"https:\/\/naturvernforbundet.no\/vestfold\/den-store-klesbyttedagen-18-april-2\/\",\"name\":\"Den store klesbyttedagen 18. april - Vestfold\",\"isPartOf\":{\"@id\":\"https:\/\/naturvernforbundet.no\/vestfold\/#website\"},\"primaryImageOfPage\":{\"@id\":\"https:\/\/naturvernforbundet.no\/vestfold\/den-store-klesbyttedagen-18-april-2\/#primaryimage\"},\"image\":{\"@id\":\"https:\/\/naturvernforbundet.no\/vestfold\/den-store-klesbyttedagen-18-april-2\/#primaryimage\"},\"thumbnailUrl\":\"https:\/\/naturvernforbundet.no\/content\/uploads\/sites\/21\/2026\/03\/color-fashion-clothing-shopping-garment-boutique-1149845-pxhere.com_.jpg\",\"datePublished\":\"2026-03-23T13:43:51+00:00\",\"dateModified\":\"2026-03-24T17:41:32+00:00\",\"author\":{\"@id\":\"https:\/\/naturvernforbundet.no\/vestfold\/#\/schema\/person\/4b49b9ee9f81782018308f76fa0763f8\"},\"breadcrumb\":{\"@id\":\"https:\/\/naturvernforbundet.no\/vestfold\/den-store-klesbyttedagen-18-april-2\/#breadcrumb\"},\"inLanguage\":\"nb-NO\",\"potentialAction\":[{\"@type\":\"ReadAction\",\"target\":[\"https:\/\/naturvernforbundet.no\/vestfold\/den-store-klesbyttedagen-18-april-2\/\"]}]},{\"@type\":\"ImageObject\",\"inLanguage\":\"nb-NO\",\"@id\":\"https:\/\/naturvernforbundet.no\/vestfold\/den-store-klesbyttedagen-18-april-2\/#primaryimage\",\"url\":\"https:\/\/naturvernforbundet.no\/content\/uploads\/sites\/21\/2026\/03\/color-fashion-clothing-shopping-garment-boutique-1149845-pxhere.com_.jpg\",\"contentUrl\":\"https:\/\/naturvernforbundet.no\/content\/uploads\/sites\/21\/2026\/03\/color-fashion-clothing-shopping-garment-boutique-1149845-pxhere.com_.jpg\",\"width\":950,\"height\":768},{\"@type\":\"BreadcrumbList\",\"@id\":\"https:\/\/naturvernforbundet.no\/vestfold\/den-store-klesbyttedagen-18-april-2\/#breadcrumb\",\"itemListElement\":[{\"@type\":\"ListItem\",\"position\":1,\"name\":\"Till naturvernforbundet.no\",\"item\":\"https:\/\/naturvernforbundet.no\/\"},{\"@type\":\"ListItem\",\"position\":2,\"name\":\"Vestfold\",\"item\":\"https:\/\/naturvernforbundet.no\/vestfold\/\"},{\"@type\":\"ListItem\",\"position\":3,\"name\":\"Holmestrand\",\"item\":\"https:\/\/naturvernforbundet.no\/vestfold\/lokallag\/holmestrand\/\"},{\"@type\":\"ListItem\",\"position\":4,\"name\":\"Den store klesbyttedagen 18. april\"}]},{\"@type\":\"WebSite\",\"@id\":\"https:\/\/naturvernforbundet.no\/vestfold\/#website\",\"url\":\"https:\/\/naturvernforbundet.no\/vestfold\/\",\"name\":\"Vestfold\",\"description\":\"Bare enda et Naturvernforbundet Sites-nettsted\",\"potentialAction\":[{\"@type\":\"SearchAction\",\"target\":{\"@type\":\"EntryPoint\",\"urlTemplate\":\"https:\/\/naturvernforbundet.no\/vestfold\/?s={search_term_string}\"},\"query-input\":{\"@type\":\"PropertyValueSpecification\",\"valueRequired\":true,\"valueName\":\"search_term_string\"}}],\"inLanguage\":\"nb-NO\"},{\"@type\":\"Person\",\"@id\":\"https:\/\/naturvernforbundet.no\/vestfold\/#\/schema\/person\/4b49b9ee9f81782018308f76fa0763f8\",\"name\":\"Espen Backe\",\"image\":{\"@type\":\"ImageObject\",\"inLanguage\":\"nb-NO\",\"@id\":\"https:\/\/naturvernforbundet.no\/vestfold\/#\/schema\/person\/image\/\",\"url\":\"https:\/\/secure.gravatar.com\/avatar\/c18a918bb3b70751b8a866ed2fc072a3?s=96&d=mm&r=g\",\"contentUrl\":\"https:\/\/secure.gravatar.com\/avatar\/c18a918bb3b70751b8a866ed2fc072a3?s=96&d=mm&r=g\",\"caption\":\"Espen Backe\"},\"url\":\"https:\/\/naturvernforbundet.no\/vestfold\/author\/espenbacke\/\"}]}<\/script>\n<!-- \/ Yoast SEO plugin. -->","yoast_head_json":{"title":"Den store klesbyttedagen 18. april - Vestfold","robots":{"index":"index","follow":"follow","max-snippet":"max-snippet:-1","max-image-preview":"max-image-preview:large","max-video-preview":"max-video-preview:-1"},"canonical":"https:\/\/naturvernforbundet.no\/vestfold\/den-store-klesbyttedagen-18-april-2\/","og_locale":"nb_NO","og_type":"article","og_title":"Den store klesbyttedagen 18. april - Vestfold","og_description":"Velkommen til den store klesbyttedagen! I \u00e5r arrangerer vi dette sammen med Husflidlaget og Frivilligsentralen p\u00e5 Holmestrand bibliotek.","og_url":"https:\/\/naturvernforbundet.no\/vestfold\/den-store-klesbyttedagen-18-april-2\/","og_site_name":"Vestfold","article_published_time":"2026-03-23T13:43:51+00:00","article_modified_time":"2026-03-24T17:41:32+00:00","og_image":[{"width":950,"height":768,"url":"https:\/\/naturvernforbundet.no\/content\/uploads\/sites\/21\/2026\/03\/color-fashion-clothing-shopping-garment-boutique-1149845-pxhere.com_.jpg","type":"image\/jpeg"}],"author":"Espen Backe","twitter_card":"summary_large_image","twitter_misc":{"Skrevet av":"Espen Backe","Ansl. lesetid":"1 minutt"},"schema":{"@context":"https:\/\/schema.org","@graph":[{"@type":"WebPage","@id":"https:\/\/naturvernforbundet.no\/vestfold\/den-store-klesbyttedagen-18-april-2\/","url":"https:\/\/naturvernforbundet.no\/vestfold\/den-store-klesbyttedagen-18-april-2\/","name":"Den store klesbyttedagen 18. april - Vestfold","isPartOf":{"@id":"https:\/\/naturvernforbundet.no\/vestfold\/#website"},"primaryImageOfPage":{"@id":"https:\/\/naturvernforbundet.no\/vestfold\/den-store-klesbyttedagen-18-april-2\/#primaryimage"},"image":{"@id":"https:\/\/naturvernforbundet.no\/vestfold\/den-store-klesbyttedagen-18-april-2\/#primaryimage"},"thumbnailUrl":"https:\/\/naturvernforbundet.no\/content\/uploads\/sites\/21\/2026\/03\/color-fashion-clothing-shopping-garment-boutique-1149845-pxhere.com_.jpg","datePublished":"2026-03-23T13:43:51+00:00","dateModified":"2026-03-24T17:41:32+00:00","author":{"@id":"https:\/\/naturvernforbundet.no\/vestfold\/#\/schema\/person\/4b49b9ee9f81782018308f76fa0763f8"},"breadcrumb":{"@id":"https:\/\/naturvernforbundet.no\/vestfold\/den-store-klesbyttedagen-18-april-2\/#breadcrumb"},"inLanguage":"nb-NO","potentialAction":[{"@type":"ReadAction","target":["https:\/\/naturvernforbundet.no\/vestfold\/den-store-klesbyttedagen-18-april-2\/"]}]},{"@type":"ImageObject","inLanguage":"nb-NO","@id":"https:\/\/naturvernforbundet.no\/vestfold\/den-store-klesbyttedagen-18-april-2\/#primaryimage","url":"https:\/\/naturvernforbundet.no\/content\/uploads\/sites\/21\/2026\/03\/color-fashion-clothing-shopping-garment-boutique-1149845-pxhere.com_.jpg","contentUrl":"https:\/\/naturvernforbundet.no\/content\/uploads\/sites\/21\/2026\/03\/color-fashion-clothing-shopping-garment-boutique-1149845-pxhere.com_.jpg","width":950,"height":768},{"@type":"BreadcrumbList","@id":"https:\/\/naturvernforbundet.no\/vestfold\/den-store-klesbyttedagen-18-april-2\/#breadcrumb","itemListElement":[{"@type":"ListItem","position":1,"name":"Till naturvernforbundet.no","item":"https:\/\/naturvernforbundet.no\/"},{"@type":"ListItem","position":2,"name":"Vestfold","item":"https:\/\/naturvernforbundet.no\/vestfold\/"},{"@type":"ListItem","position":3,"name":"Holmestrand","item":"https:\/\/naturvernforbundet.no\/vestfold\/lokallag\/holmestrand\/"},{"@type":"ListItem","position":4,"name":"Den store klesbyttedagen 18. april"}]},{"@type":"WebSite","@id":"https:\/\/naturvernforbundet.no\/vestfold\/#website","url":"https:\/\/naturvernforbundet.no\/vestfold\/","name":"Vestfold","description":"Bare enda et Naturvernforbundet Sites-nettsted","potentialAction":[{"@type":"SearchAction","target":{"@type":"EntryPoint","urlTemplate":"https:\/\/naturvernforbundet.no\/vestfold\/?s={search_term_string}"},"query-input":{"@type":"PropertyValueSpecification","valueRequired":true,"valueName":"search_term_string"}}],"inLanguage":"nb-NO"},{"@type":"Person","@id":"https:\/\/naturvernforbundet.no\/vestfold\/#\/schema\/person\/4b49b9ee9f81782018308f76fa0763f8","name":"Espen Backe","image":{"@type":"ImageObject","inLanguage":"nb-NO","@id":"https:\/\/naturvernforbundet.no\/vestfold\/#\/schema\/person\/image\/","url":"https:\/\/secure.gravatar.com\/avatar\/c18a918bb3b70751b8a866ed2fc072a3?s=96&d=mm&r=g","contentUrl":"https:\/\/secure.gravatar.com\/avatar\/c18a918bb3b70751b8a866ed2fc072a3?s=96&d=mm&r=g","caption":"Espen Backe"},"url":"https:\/\/naturvernforbundet.no\/vestfold\/author\/espenbacke\/"}]}},"_links":{"self":[{"href":"https:\/\/naturvernforbundet.no\/vestfold\/wp-json\/wp\/v2\/posts\/942","targetHints":{"allow":["GET"]}}],"collection":[{"href":"https:\/\/naturvernforbundet.no\/vestfold\/wp-json\/wp\/v2\/posts"}],"about":[{"href":"https:\/\/naturvernforbundet.no\/vestfold\/wp-json\/wp\/v2\/types\/post"}],"author":[{"embeddable":true,"href":"https:\/\/naturvernforbundet.no\/vestfold\/wp-json\/wp\/v2\/users\/78"}],"replies":[{"embeddable":true,"href":"https:\/\/naturvernforbundet.no\/vestfold\/wp-json\/wp\/v2\/comments?post=942"}],"version-history":[{"count":2,"href":"https:\/\/naturvernforbundet.no\/vestfold\/wp-json\/wp\/v2\/posts\/942\/revisions"}],"predecessor-version":[{"id":951,"href":"https:\/\/naturvernforbundet.no\/vestfold\/wp-json\/wp\/v2\/posts\/942\/revisions\/951"}],"wp:featuredmedia":[{"embeddable":true,"href":"https:\/\/naturvernforbundet.no\/vestfold\/wp-json\/wp\/v2\/media\/943"}],"wp:attachment":[{"href":"https:\/\/naturvernforbundet.no\/vestfold\/wp-json\/wp\/v2\/media?parent=942"}],"wp:term":[{"taxonomy":"category","embeddable":true,"href":"https:\/\/naturvernforbundet.no\/vestfold\/wp-json\/wp\/v2\/categories?post=942"},{"taxonomy":"post_tag","embeddable":true,"href":"https:\/\/naturvernforbundet.no\/vestfold\/wp-json\/wp\/v2\/tags?post=942"},{"taxonomy":"local","embeddable":true,"href":"https:\/\/naturvernforbundet.no\/vestfold\/wp-json\/wp\/v2\/local?post=942"}],"curies":[{"name":"wp","href":"https:\/\/api.w.org\/{rel}","templated":true}]}}